{"id":2907,"date":"2019-02-03T14:35:37","date_gmt":"2019-02-03T13:35:37","guid":{"rendered":"https:\/\/conakrynews.org\/?p=2907"},"modified":"2019-02-03T20:59:51","modified_gmt":"2019-02-03T19:59:51","slug":"treizieme-assemblee-generale-rgd-foret-reitere-engagement-a-soutenir-ideaux-president-me-adoul-kabele-camara-a-travers-projet-de-societe-de-parti","status":"publish","type":"post","link":"https:\/\/conakrynews.org\/index.php\/treizieme-assemblee-generale-rgd-foret-reitere-engagement-a-soutenir-ideaux-president-me-adoul-kabele-camara-a-travers-projet-de-societe-de-parti\/","title":{"rendered":"Treizi\u00e8me Assembl\u00e9e G\u00e9n\u00e9rale du RGD : La For\u00eat r\u00e9it\u00e8re son engagement \u00e0 soutenir les id\u00e9aux du pr\u00e9sident Me Adoul Kab\u00e9l\u00e8 Camara  \u00e0 travers le   projet de soci\u00e9t\u00e9 de son  parti"},"content":{"rendered":"<p><strong>La 13 \u00e8me Assembl\u00e9e G\u00e9n\u00e9rale du parti Rassemblement Guin\u00e9en pour le D\u00e9veloppement (RGD), s\u2019est tenue ce samedi 02 f\u00e9vrier 2019\u00a0 au si\u00e8ge dudit parti politique \u00e0 Matam. Ladite \u00a0Assembl\u00e9e G\u00e9n\u00e9rale s\u2019est d\u00e9roul\u00e9e selon l\u2019ordre du jour suivant\u00a0: L\u2019importance\u00a0 \u00a0de la carte de membre du parti \u00a0et la pr\u00e9sentation des d\u00e9l\u00e9gations de \u00a0la guin\u00e9e foresti\u00e8re (N\u2019Nz\u00e9r\u00e9kor\u00e9 Yomou et Lola )\u00a0\u00a0 et de Kirotti.Malgr\u00e9 l\u2019absence du pr\u00e9sident du \u00a0parti Me Abdoul Kab\u00e9l\u00e8 Camara, des militants et sympathisants dudit parti se sont fortement mobilis\u00e9s au si\u00e8ge \u00a0du parti comme d\u2019habitude et \u00a0d\u2019 autres personnalit\u00e9s membres du bureau \u00a0politique du RGD ont pris part \u00e0 cette\u00a0 rencontre notamment, M.Adjibou Bah,Me Aboubacar Sow et M.Mounir Tour\u00e9, \u00e9galement pr\u00e9sident de la s\u00e9ance \u00e0 cette occasion. <\/strong><\/p>\n<p>&nbsp;<\/p>\n<p>&nbsp;<\/p>\n<p>&nbsp;<\/p>\n<p>A l\u2019entame de son intervention, le repr\u00e9sentant de la d\u00e9l\u00e9gation de la guin\u00e9e foresti\u00e8re \u00a0N\u2019Z\u00e9r\u00e9kour\u00e9 , Jos\u00e8phe D\u00e9sir\u00e9 D\u00e9lamou , \u00a0a d\u00e9clar\u00e9 que \u00a0c\u2019est avec\u00a0\u00a0 la joie et le plaisir\u00a0 ils ont \u00a0appris\u00a0 l\u2019 entr\u00e9e dans la \u00a0politique \u00a0Me Abdoul Kab\u00e9l\u00e8 \u00a0par le biais d\u2019une sortie m\u00e9diatique le 12 octobre 2018.<\/p>\n<p>&nbsp;<\/p>\n<p>&nbsp;<\/p>\n<p>Avant de qualifier \u00a0le dynamisme de la personnalit\u00e9\u00a0 \u00a0du pr\u00e9sident du RGD,Me Abdoul Kaab\u00e9l\u00e8 Camara.\u00a0\u00ab\u00a0Votre comp\u00e9tence, vos exp\u00e9riences professionnelles et politiques, votre analyse\u00a0 sur la gestion actuelle \u00a0du pays. Les projets de soci\u00e9t\u00e9 du parti RGD (Rassemblement Guin\u00e9en Pour le d\u00e9veloppement), ont amen\u00e9 notre bureau national \u00a0\u00e0 se joindre \u00e0 votre formation politique. Notre communaut\u00e9 comme toutes les \u00a0\u00a0autres de \u00a0la r\u00e9publique de guin\u00e9e est consciente des maux qui souffrent notre nation. Une souffrance, qui ne peut \u00eatre combattu\u00a0 que par la promotion d\u2019 un \u00e9tat de droit ,l\u2019utilisation de la comp\u00e9tence \u00a0pour la gestion des ressources de notre pays, la lutte contre la corruption ,le d\u00e9veloppement du secteur primaire, la promotion d\u2019un dialogue social, \u00e0 \u00a0la\u00a0 \u00a0cr\u00e9ation de l\u2019emploi\u00a0\u00bb, a-t-il a affirm\u00e9 .<\/p>\n<p>&nbsp;<\/p>\n<p>&nbsp;<\/p>\n<p>Avant de\u00a0 pr\u00e9ciser\u00a0 par la suite :\u00a0\u00ab\u00a0C\u2019est\u00a0 apr\u00e8s avoir \u00a0\u00e9tudi\u00e9 le parti et ses axes strat\u00e9giques, nous avons d\u00e9fini le RGD comme un parti national qui s\u2019inscrit dans la recherche d\u2019une solution \u00a0\u00a0durable dans l\u2019am\u00e9lioration des conditions de vie\u00a0 des guin\u00e9ens sans exception. C\u2019est pourquoi, la communaut\u00e9 foresti\u00e8re \u00a0de par ma voix r\u00e9it\u00e8re leur engagement \u00e0 soutenir\u00a0 efficacement en adh\u00e9rent au sein du parti RGD et\u00a0 \u00e0 l\u2019implantation dudit \u00a0parti dans toutes les r\u00e9gions de la guin\u00e9e foresti\u00e8re. Avec nous, soyez rassurer que les couleurs du RGD \u00a0fleureront \u00a0\u00a0partout \u00a0en guin\u00e9e foresti\u00e8re \u00a0et pourquoi pas dans le reste du pays\u00a0\u00bb, a rassur\u00e9 l\u2019assistance \u00a0le repr\u00e9sentant \u00a0de la d\u00e9l\u00e9gation \u00a0de la for\u00eat.<\/p>\n<p>&nbsp;<\/p>\n<p>&nbsp;<\/p>\n<p>&nbsp;<\/p>\n<p>&nbsp;<\/p>\n<p>Pour sa part, le pr\u00e9sident de la s\u00e9ance,M.Mounir Tour\u00e9, \u00a0 a rappel\u00e9\u00a0:\u00a0\u00ab\u00a0 Nous avons proc\u00e9d\u00e9 \u00e0 l\u2019installation des points focaux dans les communes de\u00a0 Dixinn et de \u00a0Matam \u00a0la semaine derni\u00e8re. Il nous \u00a0reste donc pour la ville de Conakry, \u00a0\u00e0 l\u2019installation des points focaux dans les communes de Ratoma et Matoto, c\u2019est\u00a0 le programme qui nous reste \u00a0\u00e0 \u00a0faire pour cl\u00f4turer\u00a0 les activit\u00e9s d\u2019installations des points focaux\u00a0\u00a0 dans la ville de \u00a0Conakry\u00a0\u00bb, a-t-il rappel\u00e9.<\/p>\n<p>&nbsp;<\/p>\n<p>Avant de souligner\u00a0:\u00a0\u00ab\u00a0 Nous suivons un homme de foi, c\u2019est un homme de valeur, c\u2019est un homme de justice et qui est tr\u00e8s allergique \u00e0 l\u2019injustice. Pour \u00a0ceux qui connaissent \u00a0\u00a0tr\u00e8s bien la \u00a0famille Kab\u00e9l\u00e8 dans le Coyah profond, savent pertinemment que c\u2019est une famille repr\u00e9sentative de\u00a0 la soci\u00e9t\u00e9 Guin\u00e9enne. Ce que je pu vous dire aujourd\u2019hui sur\u00a0 \u00a0Me Abdoul Kab\u00e9l\u00e8 Camara, que je fr\u00e9quente d\u2019ailleurs depuis des d\u00e9cennies, c\u2019est un homme int\u00e8gre \u00a0et qui consid\u00e8re tous les gens sur le m\u00eame pied d\u2019\u00e9galit\u00e9\u00a0 sans discrimination ethnique et r\u00e9gionaliste. Il n\u2019y a pas de soussou chez lui, il n\u2019y\u00a0 a pas de malink\u00e9, il n\u2019y a \u00a0de \u00a0forestier, car \u00a0il consid\u00e8re toutes ethnies de la guin\u00e9e\u00a0 \u00a0\u00a0comme \u00e9tant les guin\u00e9ens \u00a0tout court. C\u2019est pourquoi, nous le suivons\u00a0 pour atteindre ses objectifs qu\u2019il compte r\u00e9aliser au b\u00e9n\u00e9fice du peuple de guin\u00e9e une fois arriv\u00e9\u00a0 \u00e0 la magistrature supr\u00eame de notre pays\u00a0\u00bb, a-t-il soulign\u00e9 le pr\u00e9sident de la S\u00e9ance.<\/p>\n<p>&nbsp;<\/p>\n<p>&nbsp;<\/p>\n<p>M.Adjibou Bah, membre du bureau politique du RGD (Rassemblement Guin\u00e9en Pour le d\u00e9veloppement), a parl\u00e9 des avantages li\u00e9s \u00e0\u00a0 l\u2019achat et l\u2019obtention de la carte de membre.\u00a0\u00ab\u00a0La carte de membre nous permettra de\u00a0\u00a0 nous habituer \u00a0de notre logo. Parce que ce n\u2019est pas tout \u00a0\u00a0le monde\u00a0 qui\u00a0 a eu la chance d\u2019aller \u00e0 l\u2019\u00e9cole mais on a la chance d\u2019avoir\u00a0 aujourd\u2019hui\u00a0 au sein des diff\u00e9rents partis toutes les couches de la soci\u00e9t\u00e9\u00a0 y compris des analphab\u00e8tes\u00a0 aux professeurs. Donc, pour faciliter\u00a0 la distinction de votre candidat lors de l\u2019instance ultime de d\u00e9cision\u00a0; c\u2019est-\u00e0-dire le jour du vote, nous auront besoins de signes distinctifs \u00a0\u00e7a peut ne peut pas \u00eatre la photo, parce qu\u2019une photo peut cr\u00e9er des nuances, mais si nous\u00a0 sommes d\u00e9j\u00e0 \u00a0habitu\u00e9 \u00a0\u00e0 notre Logo, qui est \u00a0unique\u00a0; \u00c7a nous permettra de ne \u00a0commettre des erreurs .Acheter une carte membre du parti, c\u2019est aussi dire tel est mon parti. C\u2019est aussi nous \u00e9viter des erreurs le jour du choix ultime\u00a0\u00bb, a \u00a0\u00a0conclu \u00a0M.Bah.<\/p>\n<p><strong>Sylla Ibrahima Kalil pour <a href=\"https:\/\/conakrynews.org\">www.conakrynews.org<\/a> 625444534<\/strong><img loading=\"lazy\" decoding=\"async\" class=\"alignright size-medium wp-image-2908\" src=\"https:\/\/conakrynews.org\/wp-content\/uploads\/2019\/02\/RGD-13-500x375.jpg\" alt=\"\" width=\"500\" height=\"375\" srcset=\"https:\/\/conakrynews.org\/wp-content\/uploads\/2019\/02\/RGD-13-500x375.jpg 500w, https:\/\/conakrynews.org\/wp-content\/uploads\/2019\/02\/RGD-13-768x576.jpg 768w, https:\/\/conakrynews.org\/wp-content\/uploads\/2019\/02\/RGD-13.jpg 960w\" sizes=\"auto, (max-width: 500px) 100vw, 500px\" \/><img loading=\"lazy\" decoding=\"async\" class=\"alignright size-medium wp-image-2909\" src=\"https:\/\/conakrynews.org\/wp-content\/uploads\/2019\/02\/RGD-IMAGE-500x375.jpg\" alt=\"\" width=\"500\" height=\"375\" srcset=\"https:\/\/conakrynews.org\/wp-content\/uploads\/2019\/02\/RGD-IMAGE-500x375.jpg 500w, https:\/\/conakrynews.org\/wp-content\/uploads\/2019\/02\/RGD-IMAGE-768x576.jpg 768w, https:\/\/conakrynews.org\/wp-content\/uploads\/2019\/02\/RGD-IMAGE.jpg 960w\" sizes=\"auto, (max-width: 500px) 100vw, 500px\" \/><\/p>\n","protected":false},"excerpt":{"rendered":"<p>La 13 \u00e8me Assembl\u00e9e G\u00e9n\u00e9rale du parti Rassemblement Guin\u00e9en pour le D\u00e9veloppement (RGD), s\u2019est tenue ce samedi 02 f\u00e9vrier 2019\u00a0 au si\u00e8ge dudit parti politique \u00e0 Matam. Ladite \u00a0Assembl\u00e9e G\u00e9n\u00e9rale s\u2019est d\u00e9roul\u00e9e selon l\u2019ordre du jour suivant\u00a0: L\u2019importance\u00a0 \u00a0de la carte de membre du parti \u00a0et la pr\u00e9sentation des d\u00e9l\u00e9gations de \u00a0la guin\u00e9e foresti\u00e8re (N\u2019Nz\u00e9r\u00e9kor\u00e9 [&hellip;]<\/p>\n","protected":false},"author":2,"featured_media":2909,"comment_status":"open","ping_status":"open","sticky":false,"template":"","format":"standard","meta":{"footnotes":""},"categories":[1],"tags":[],"class_list":{"0":"post-2907","1":"post","2":"type-post","3":"status-publish","4":"format-standard","5":"has-post-thumbnail","7":"category-non-classe"},"_links":{"self":[{"href":"https:\/\/conakrynews.org\/index.php\/wp-json\/wp\/v2\/posts\/2907","targetHints":{"allow":["GET"]}}],"collection":[{"href":"https:\/\/conakrynews.org\/index.php\/wp-json\/wp\/v2\/posts"}],"about":[{"href":"https:\/\/conakrynews.org\/index.php\/wp-json\/wp\/v2\/types\/post"}],"author":[{"embeddable":true,"href":"https:\/\/conakrynews.org\/index.php\/wp-json\/wp\/v2\/users\/2"}],"replies":[{"embeddable":true,"href":"https:\/\/conakrynews.org\/index.php\/wp-json\/wp\/v2\/comments?post=2907"}],"version-history":[{"count":0,"href":"https:\/\/conakrynews.org\/index.php\/wp-json\/wp\/v2\/posts\/2907\/revisions"}],"wp:featuredmedia":[{"embeddable":true,"href":"https:\/\/conakrynews.org\/index.php\/wp-json\/wp\/v2\/media\/2909"}],"wp:attachment":[{"href":"https:\/\/conakrynews.org\/index.php\/wp-json\/wp\/v2\/media?parent=2907"}],"wp:term":[{"taxonomy":"category","embeddable":true,"href":"https:\/\/conakrynews.org\/index.php\/wp-json\/wp\/v2\/categories?post=2907"},{"taxonomy":"post_tag","embeddable":true,"href":"https:\/\/conakrynews.org\/index.php\/wp-json\/wp\/v2\/tags?post=2907"}],"curies":[{"name":"wp","href":"https:\/\/api.w.org\/{rel}","templated":true}]}}