{"id":2916,"date":"2019-02-06T21:41:47","date_gmt":"2019-02-06T20:41:47","guid":{"rendered":"https:\/\/conakrynews.org\/?p=2916"},"modified":"2019-02-06T21:41:47","modified_gmt":"2019-02-06T20:41:47","slug":"assassinat-journaliste-kaula-diallo-journalistes-reclament-justice-a-letat-guineen","status":"publish","type":"post","link":"https:\/\/conakrynews.org\/index.php\/assassinat-journaliste-kaula-diallo-journalistes-reclament-justice-a-letat-guineen\/","title":{"rendered":"Assassinat du Journaliste Kaula Diallo : Les journalistes  r\u00e9clament  la   justice  \u00e0 l\u2019Etat Guin\u00e9en"},"content":{"rendered":"<p><strong>Les leaders du Syndicat Professionnel de la presse Priv\u00e9e de Guin\u00e9e en collaboration avec l\u2019ancien employeur du journaliste \u00a0Assassin\u00e9 Mohamed Koula Diallo ,du site\u00a0 d\u2019information Guin\u00e9e7.com,ont anim\u00e9 une conf\u00e9rence de presse ce mardi 05 f\u00e9vrier 2019,pour parler de ce cas \u00a0d\u2019 assassinat du journaliste dans l\u2019exercice \u00a0de ses fonctions \u00a0le 05\u00a0 f\u00e9vrier 2016 au\u00a0 si\u00e8ge de l\u2019Union des Forces R\u00e9publicaines<img loading=\"lazy\" decoding=\"async\" class=\"alignright size-medium wp-image-2917\" src=\"https:\/\/conakrynews.org\/wp-content\/uploads\/2019\/02\/foto-koula-515x290.jpg\" alt=\"\" width=\"515\" height=\"290\" srcset=\"https:\/\/conakrynews.org\/wp-content\/uploads\/2019\/02\/foto-koula-515x290.jpg 515w, https:\/\/conakrynews.org\/wp-content\/uploads\/2019\/02\/foto-koula-768x432.jpg 768w, https:\/\/conakrynews.org\/wp-content\/uploads\/2019\/02\/foto-koula.jpg 960w\" sizes=\"auto, (max-width: 515px) 100vw, 515px\" \/> (UFDG) dont \u00a0\u00a0le dossier continue de \u00a0dormir dans les tiroirs du minist\u00e8re de la justice \u00a0il y a de cela trois ans sans qu&rsquo;il n&rsquo;y ai justice pour appr\u00e9hender le vrai coupable.<\/strong><\/p>\n<p><strong>\u00a0<\/strong><\/p>\n<p>&nbsp;<\/p>\n<p>Dans son intervention, le\u00a0 secr\u00e9taire g\u00e9n\u00e9ral du Syndicat Professionnel de la Presse Priv\u00e9e de Guin\u00e9e a d\u00e9clar\u00e9 que le m\u00e9tier de \u00a0journalisme s&rsquo;exerce aujourd&rsquo;hui avec des hauts risques en Guin\u00e9e.<\/p>\n<p>&nbsp;<\/p>\n<p>Avant d\u2019affirmer : \u00ab\u00a0La presse guin\u00e9enne \u00e9tant victime de violence de tous les genres\u00a0 \u00a0met l\u2019occasion \u00e0 profit pour d\u00e9noncer le retard dans l\u2019\u00e9claircissement du dossier non seulement de Mohamed Koula Diallo, de Cherif Diallo d&rsquo;espace TV, mais aussi d&rsquo;Abdoulaye Bah de Guineenews.org\u00a0\u00bb, a-t -affirm\u00e9.<\/p>\n<p>&nbsp;<\/p>\n<p>Avant de pr\u00e9ciser\u00a0\u00a0 que cette conf\u00e9rence de presse a\u00a0 pour objectif\u00a0 d\u2019interpeller les autorit\u00e9s comp\u00e9tentes\u00a0 \u00e0 \u00a0faire des \u00e9claircissements sur ces dossiers.<\/p>\n<p>&nbsp;<\/p>\n<p>&nbsp;<\/p>\n<p>Ibrahima Sory Traor\u00e9, l\u2019ancien patron de Mohamed Koula Diallo, a parl\u00e9\u00a0\u00a0\u00a0\u00a0 d\u2019une parodie de justice. \u00ab\u00a0A l\u2019issue d\u2019un proc\u00e8s tenu en dent de scie, une personne a \u00e9t\u00e9 condamn\u00e9\u00a0 \u00e0 \u00a0perp\u00e9tuit\u00e9 pour complicit\u00e9 de meurtre, alors que cette personne en question n\u2019est m\u00eame pas pr\u00e9sente en Guin\u00e9e. C&rsquo;est la parodie de justice\u00a0\u00bb, a fait savoir l\u2019ancien \u00a0patron de Koula.<\/p>\n<p>&nbsp;<\/p>\n<p>Pour conclure, il a dit\u00a0: \u00ab\u00a0A commencer par\u00a0 l\u2019affaire Koula, Abdoulaye Bah de Guin\u00e9enews d\u00e9c\u00e9d\u00e9 r\u00e9cemment de suite d\u2019un accident non \u00e9lucid\u00e9, jusqu\u2019\u00e0 Ch\u00e9rif Diallo de espace TV disparu il y\u2019a pr\u00e8s de 4 ans, Il faudra qu\u2019on se batte pour qu\u2019il n\u2019y ait justice \u00bb.<\/p>\n<p>&nbsp;<\/p>\n<p><strong>Oumar Konat\u00e9 pour <a href=\"https:\/\/conakrynews.org\">www.conakrynews.org<\/a> 621077446<\/strong><\/p>\n<p><strong><a href=\"https:\/\/l.facebook.com\/l.php?u=https%3A%2F%2Fguinee7.com%2F%3Ffbclid%3DIwAR3lXa-ALAyx58gXhjqkg1lAI6BUrVvdDTdIWz-7xVcUp9NGED_luuCMhFY&amp;h=AT0C96Yt3sVNjsG43GoT-tfFq2rLF7SlhjVKm7DDTcIDtrC9S4ZdiMMmbNClaT7T6ejRmeql3ClkK46R91ieQOh-0NFcwRbPCwn79ClX91NaPdxhX7MOQMxBZ2XsR4hQ4es\">\u00a0\u00a0\u00a0\u00a0\u00a0\u00a0\u00a0\u00a0\u00a0\u00a0\u00a0\u00a0\u00a0\u00a0\u00a0\u00a0\u00a0\u00a0\u00a0\u00a0\u00a0\u00a0\u00a0\u00a0\u00a0\u00a0\u00a0\u00a0\u00a0 <\/a><\/strong><\/p>\n<p><strong><u><a href=\"https:\/\/l.facebook.com\/l.php?u=https%3A%2F%2Fguinee7.com%2F%3Ffbclid%3DIwAR3lXa-ALAyx58gXhjqkg1lAI6BUrVvdDTdIWz-7xVcUp9NGED_luuCMhFY&amp;h=AT0C96Yt3sVNjsG43GoT-tfFq2rLF7SlhjVKm7DDTcIDtrC9S4ZdiMMmbNClaT7T6ejRmeql3ClkK46R91ieQOh-0NFcwRbPCwn79ClX91NaPdxhX7MOQMxBZ2XsR4hQ4es\">Guinee7.com\u00a0<\/a><\/u><\/strong><\/p>\n<p>&nbsp;<\/p>\n<p>&nbsp;<\/p>\n<p>&nbsp;<\/p>\n","protected":false},"excerpt":{"rendered":"<p>Les leaders du Syndicat Professionnel de la presse Priv\u00e9e de Guin\u00e9e en collaboration avec l\u2019ancien employeur du journaliste \u00a0Assassin\u00e9 Mohamed Koula Diallo ,du site\u00a0 d\u2019information Guin\u00e9e7.com,ont anim\u00e9 une conf\u00e9rence de presse ce mardi 05 f\u00e9vrier 2019,pour parler de ce cas \u00a0d\u2019 assassinat du journaliste dans l\u2019exercice \u00a0de ses fonctions \u00a0le 05\u00a0 f\u00e9vrier 2016 au\u00a0 si\u00e8ge [&hellip;]<\/p>\n","protected":false},"author":2,"featured_media":2917,"comment_status":"open","ping_status":"open","sticky":false,"template":"","format":"standard","meta":{"footnotes":""},"categories":[1],"tags":[],"class_list":{"0":"post-2916","1":"post","2":"type-post","3":"status-publish","4":"format-standard","5":"has-post-thumbnail","7":"category-non-classe"},"_links":{"self":[{"href":"https:\/\/conakrynews.org\/index.php\/wp-json\/wp\/v2\/posts\/2916","targetHints":{"allow":["GET"]}}],"collection":[{"href":"https:\/\/conakrynews.org\/index.php\/wp-json\/wp\/v2\/posts"}],"about":[{"href":"https:\/\/conakrynews.org\/index.php\/wp-json\/wp\/v2\/types\/post"}],"author":[{"embeddable":true,"href":"https:\/\/conakrynews.org\/index.php\/wp-json\/wp\/v2\/users\/2"}],"replies":[{"embeddable":true,"href":"https:\/\/conakrynews.org\/index.php\/wp-json\/wp\/v2\/comments?post=2916"}],"version-history":[{"count":0,"href":"https:\/\/conakrynews.org\/index.php\/wp-json\/wp\/v2\/posts\/2916\/revisions"}],"wp:featuredmedia":[{"embeddable":true,"href":"https:\/\/conakrynews.org\/index.php\/wp-json\/wp\/v2\/media\/2917"}],"wp:attachment":[{"href":"https:\/\/conakrynews.org\/index.php\/wp-json\/wp\/v2\/media?parent=2916"}],"wp:term":[{"taxonomy":"category","embeddable":true,"href":"https:\/\/conakrynews.org\/index.php\/wp-json\/wp\/v2\/categories?post=2916"},{"taxonomy":"post_tag","embeddable":true,"href":"https:\/\/conakrynews.org\/index.php\/wp-json\/wp\/v2\/tags?post=2916"}],"curies":[{"name":"wp","href":"https:\/\/api.w.org\/{rel}","templated":true}]}}