{"id":2919,"date":"2019-02-06T22:35:55","date_gmt":"2019-02-06T21:35:55","guid":{"rendered":"https:\/\/conakrynews.org\/?p=2919"},"modified":"2019-02-07T21:11:35","modified_gmt":"2019-02-07T20:11:35","slug":"journees-internationales-de-mutilations-feminines-mutilations-genitales-feminines-constitue-forme-odieuse-de-violations-de-droits-fondamentaux-femmes-filles","status":"publish","type":"post","link":"https:\/\/conakrynews.org\/index.php\/journees-internationales-de-mutilations-feminines-mutilations-genitales-feminines-constitue-forme-odieuse-de-violations-de-droits-fondamentaux-femmes-filles\/","title":{"rendered":"Journ\u00e9es internationales de mutilations f\u00e9minines: \u00ab Les mutilations g\u00e9nitales f\u00e9minines constituent une forme odieuse de violations de droits fondamentaux  des femmes et des filles \u00bb"},"content":{"rendered":"<p><strong>La Guin\u00e9e \u00e0 l\u2019instar des\u00a0\u00a0 autres pays, \u00a0a c\u00e9l\u00e9br\u00e9 ce mercredi, 06 f\u00e9vrier 2019 \u00e0 Conakry, la Journ\u00e9e Internationale de lutte contre les Mutilations G\u00e9nitales F\u00e9minines.\u00a0 Sous la pr\u00e9sidence de madame la premi\u00e8re Dame de la r\u00e9publique, Hadja Djen\u00e8 Kaba, la c\u00e9l\u00e9bration de cette importante journ\u00e9es de la junte f\u00e9minine a connu la pr\u00e9sence de plusieurs personnalit\u00e9s notamment \u00a0les partenaires au d\u00e9veloppement dont le syst\u00e8me des nations unies, madame la ministre de l\u2019action sociale, de la promotion f\u00e9minine et de l\u2019enfance, les responsables des organisations et ONG \u00a0qui \u0153uvrent \u00a0pour le \u00a0respect des droits de la femme en guin\u00e9e etc. Le th\u00e8me retenu pour cette\u00a0 ann\u00e9e, \u00ab\u00a0\u00a0<em>Traduire les d\u00e9cisions politiques en actions concr\u00e8tes \u00e0 la base pour acc\u00e9l\u00e9rer l\u2019atteinte tol\u00e9rance z\u00e9ro les mutilations g\u00e9nitales f\u00e9minines d\u2019ici horizon 2020-2030<\/em>\u00a0\u00bb.<\/strong><\/p>\n<p><strong>\u00a0<\/strong><\/p>\n<p>&nbsp;<\/p>\n<p>Dans son allocution, Madame la ministre de l\u2019action sociale, de la promotion f\u00e9minine et de l\u2019enfance, Mme Diaby Mariam, a fait savoir que l\u2019objectif\u00a0 de Cette comm\u00e9moration, c\u2019est pour \u00a0\u00a0inviter les dirigeants, les partenaires au d\u00e9veloppement et les communaut\u00e9s, pour un abandon de cette pratique \u00a0n\u00e9faste\u00a0 nuit \u00e0 \u00a0la sant\u00e9 et le bien-\u00eatre de la femme.<\/p>\n<p>&nbsp;<\/p>\n<p>\u00ab\u00a0 Le ph\u00e9nom\u00e8ne de pratique traditionnel, notamment l\u2019excision constitue les formes\u00a0 de violences. <em>La R\u00e9publique de Guin\u00e9e est affect\u00e9e\u00a0 par cette pratique \u00e0 hauteur de 90 %. Pour relever ce d\u00e9fi, la Guin\u00e9e a adopt\u00e9 les lois nationales contre l\u2019excision, la r\u00e9vision du code de la femme, du mariage pr\u00e9coce, pour ne citer que ceux-l\u00e0. La d\u00e9claration des femmes africaines ministres lors de la conf\u00e9rence tenue \u00e0 \u00a0Ouagadougou o\u00f9 la Guin\u00e9e a \u00e9t\u00e9 pl\u00e9biscit\u00e9\u00a0 \u00a0par rapport aux initiatives pr\u00e9sidentielles\u00a0 d\u00e9velopp\u00e9es \u00a0dans notre pays, pour r\u00e9duire le taux de mutilations\u00a0 g\u00e9nitales f\u00e9minines , a \u00e9t\u00e9 un acte majeur\u00a0 qui a appel\u00e9 les chefs d\u2019Etats de l\u2019Union Africaine, \u00e0 plus d\u2019actions\u00a0 sur \u00a0la question\u00a0 de la pratique des mutilations g\u00e9nitales f\u00e9minines\u00a0\u00bb, affirmera la ministre de l\u2019action sociale.<\/em><\/p>\n<p><em>\u00a0<\/em><\/p>\n<p><img loading=\"lazy\" decoding=\"async\" class=\"alignright size-medium wp-image-2920\" src=\"https:\/\/conakrynews.org\/wp-content\/uploads\/2019\/02\/femmes-600x335-515x288.jpg\" alt=\"\" width=\"515\" height=\"288\" srcset=\"https:\/\/conakrynews.org\/wp-content\/uploads\/2019\/02\/femmes-600x335-515x288.jpg 515w, https:\/\/conakrynews.org\/wp-content\/uploads\/2019\/02\/femmes-600x335.jpg 600w\" sizes=\"auto, (max-width: 515px) 100vw, 515px\" \/>Dr Amad Mohamed Garba, au nom des Nation Unies, a remerci\u00e9\u00a0 le gouvernement guin\u00e9en pour les efforts apport\u00e9s \u00e0 l\u2019am\u00e9lioration de conditions de vie des femmes et filles.<\/p>\n<p>&nbsp;<\/p>\n<p>\u00ab\u00a0<em>Les mutilations g\u00e9nitales f\u00e9minines constituent une forme odieuse de violations de droits fondamentaux\u00a0 des femmes et des filles. Il s\u2019agit d\u2019un d\u00e9lai venimeux qui met leur sant\u00e9 en p\u00e9ril, de douleur et de souffrance. Les mutilations g\u00e9nitales f\u00e9minines trouvent leur origine dans les in\u00e9galit\u00e9s et les d\u00e9s\u00e9quilibres du pouvoir entre homme et femme<\/em>. Dans le monde, environ 200 millions de femmes et des filles sont aujourd\u2019hui\u00a0 l\u2019objet de cette pratique des mutilations g\u00e9nitales\u00a0 f\u00e9minines\u00a0\u00bb, a pr\u00e9cis\u00e9 Dr Amad Mohamed Garba.<\/p>\n<p>&nbsp;<\/p>\n<p>&nbsp;<\/p>\n<p>Pour\u00a0 finir, il <em>\u00a0a dit\u00a0:\u00a0\u00abNous constatons le changement positif\u00a0 dans plusieurs pays. Il ne reste que, ces progr\u00e8s continuent d\u2019\u00eatre vus de la croissance constat\u00e9e\u00a0 dans les r\u00e9gions\u00a0 o\u00f9 ces pratiques se font. \u00abDonc, en \u00a0cette journ\u00e9e de tol\u00e9rance z\u00e9ro, nous\u00a0 lan\u00e7ons \u00a0un appel en faveur d\u2019action accrue pour mettre fin aux mutilations g\u00e9nitales f\u00e9minines et garantir pleinement le respect des\u00a0 juntes f\u00e9minines\u00a0\u00bb.<\/em><\/p>\n<p><em>\u00a0<\/em><\/p>\n<p><strong><em>Sylla Ibrahima Kalil pour <a href=\"https:\/\/conakrynews.org\">www.conakrynews.org<\/a> 625444534<\/em><\/strong><\/p>\n<p><strong>\u00a0<\/strong><\/p>\n","protected":false},"excerpt":{"rendered":"<p>La Guin\u00e9e \u00e0 l\u2019instar des\u00a0\u00a0 autres pays, \u00a0a c\u00e9l\u00e9br\u00e9 ce mercredi, 06 f\u00e9vrier 2019 \u00e0 Conakry, la Journ\u00e9e Internationale de lutte contre les Mutilations G\u00e9nitales F\u00e9minines.\u00a0 Sous la pr\u00e9sidence de madame la premi\u00e8re Dame de la r\u00e9publique, Hadja Djen\u00e8 Kaba, la c\u00e9l\u00e9bration de cette importante journ\u00e9es de la junte f\u00e9minine a connu la pr\u00e9sence de [&hellip;]<\/p>\n","protected":false},"author":2,"featured_media":2920,"comment_status":"open","ping_status":"open","sticky":false,"template":"","format":"standard","meta":{"footnotes":""},"categories":[1],"tags":[],"class_list":{"0":"post-2919","1":"post","2":"type-post","3":"status-publish","4":"format-standard","5":"has-post-thumbnail","7":"category-non-classe"},"_links":{"self":[{"href":"https:\/\/conakrynews.org\/index.php\/wp-json\/wp\/v2\/posts\/2919","targetHints":{"allow":["GET"]}}],"collection":[{"href":"https:\/\/conakrynews.org\/index.php\/wp-json\/wp\/v2\/posts"}],"about":[{"href":"https:\/\/conakrynews.org\/index.php\/wp-json\/wp\/v2\/types\/post"}],"author":[{"embeddable":true,"href":"https:\/\/conakrynews.org\/index.php\/wp-json\/wp\/v2\/users\/2"}],"replies":[{"embeddable":true,"href":"https:\/\/conakrynews.org\/index.php\/wp-json\/wp\/v2\/comments?post=2919"}],"version-history":[{"count":0,"href":"https:\/\/conakrynews.org\/index.php\/wp-json\/wp\/v2\/posts\/2919\/revisions"}],"wp:featuredmedia":[{"embeddable":true,"href":"https:\/\/conakrynews.org\/index.php\/wp-json\/wp\/v2\/media\/2920"}],"wp:attachment":[{"href":"https:\/\/conakrynews.org\/index.php\/wp-json\/wp\/v2\/media?parent=2919"}],"wp:term":[{"taxonomy":"category","embeddable":true,"href":"https:\/\/conakrynews.org\/index.php\/wp-json\/wp\/v2\/categories?post=2919"},{"taxonomy":"post_tag","embeddable":true,"href":"https:\/\/conakrynews.org\/index.php\/wp-json\/wp\/v2\/tags?post=2919"}],"curies":[{"name":"wp","href":"https:\/\/api.w.org\/{rel}","templated":true}]}}