{"id":2926,"date":"2019-02-10T15:11:23","date_gmt":"2019-02-10T14:11:23","guid":{"rendered":"https:\/\/conakrynews.org\/?p=2926"},"modified":"2019-02-11T10:45:17","modified_gmt":"2019-02-11T09:45:17","slug":"m-nouha-traore-a-lassemblee-generale-rgd-president-me-abdoul-kabele-camara-ne-sest-jamais-nourrit-de-politique","status":"publish","type":"post","link":"https:\/\/conakrynews.org\/index.php\/m-nouha-traore-a-lassemblee-generale-rgd-president-me-abdoul-kabele-camara-ne-sest-jamais-nourrit-de-politique\/","title":{"rendered":"M.Nouha Traor\u00e9 \u00e0 l\u2019Assembl\u00e9e G\u00e9n\u00e9rale du RGD : \u00abLe  pr\u00e9sident Me  Abdoul Kab\u00e9l\u00e8 Camara ne s\u2019est jamais nourrit de la politique\u00bb"},"content":{"rendered":"<p><strong>Les militants et sympathisants du parti Rassemblement Guin\u00e9en pour le d\u00e9veloppement en Abr\u00e9g\u00e9 le\u00a0 \u2018\u2019RGD\u2019\u2019 se sont fortement mobilis\u00e9s ce samedi 09 f\u00e9vrier 2019, pour participer \u00e0 la 14<sup>\u00e8me<\/sup> Assembl\u00e9e g\u00e9n\u00e9rale dudit parti politique \u00e0 son\u00a0 si\u00e8ge social \u00e0 Matam. Cette 14<sup>\u00e8me<\/sup> Assembl\u00e9e g\u00e9n\u00e9rale s\u2019est d\u00e9roul\u00e9e selon l\u2019ordre du jour suivant\u00a0: pr\u00e9sentations de nouveaux adh\u00e9rents au sein du parti, la sensibilisation des militants et sympathisants du parti sur l\u2019achat des\u00a0 cartes de membre et l\u2019intervention \u00a0des membres du bureau politique \u00a0du parti. Sous la pr\u00e9sidence de M.Nouha Traor\u00e9, ex chef de cabinet au minist\u00e8re de la s\u00e9curit\u00e9 \u00a0et de la protection civile, cette rencontre a \u00a0connu la\u00a0 pr\u00e9sence de plusieurs membres du bureau politique du RGD notamment, Me Sow,M.Adjibou Bah,Madame Makhadi Bangoura, ex pr\u00e9sidente de la d\u00e9l\u00e9gation sp\u00e9ciale de Kaloum,M. Ibrahima Fall,repr\u00e9sentant des guin\u00e9ens de l\u2019\u00e9tranger etc\u2026 \u00a0Avec plus de 5OOO adh\u00e9sions d\u00e9j\u00e0, apr\u00e8s \u00a0seulement quelques mois \u00a0de son lancement officiel, le parti Rassemblement Guin\u00e9en pour le d\u00e9veloppement (RGD) constitue aujourd\u2019hui, un espoir et un symbole\u00a0 selon la \u00a0plus part des observateurs de la chaine politique guin\u00e9enne. \u00a0\u00a0\u00a0\u00a0\u00a0\u00a0<\/strong><\/p>\n<p><strong>\u00a0<\/strong><\/p>\n<p><strong>\u00a0<\/strong><\/p>\n<p>&nbsp;<\/p>\n<p>&nbsp;<\/p>\n<p>Prenant la parole, le pr\u00e9sident de la s\u00e9ance, M.Nouha Traor\u00e9, a\u00a0 expliqu\u00e9 les raisons de son adh\u00e9sion au sein du RGD.<\/p>\n<p>\u00ab\u00a0Mon arriv\u00e9e au sein de ce parti le RGD, est purement convictionnelle.Mon arriv\u00e9e au sein dudit parti n\u2019est pas occasionnelle. Cependant quand tu demandes \u00e0\u00a0 d\u2019autres\u00a0 pourquoi\u00a0 ils font \u00a0la politique, beaucoup ne savent pas pourquoi ils le font. Tr\u00e8s heureusement pour moi, ma venue au RGD, est dict\u00e9e par deux choses fondamentales\u00a0: La premi\u00e8re raison, faire la politique aujourd\u2019hui, est une n\u00e9cessit\u00e9 vitale en guin\u00e9e. Parce que si on ne fait pas la politique \u00e0 l\u2019\u00e9tat actuel des choses\u00a0 dans\u00a0 ce pays, nous allons chavirer. Notre guin\u00e9e qui constitue notre fiert\u00e9, notre guin\u00e9e commune risquerait d\u2019aller au bord d\u2019un naufrage si les fils dignes de ce pays ne s\u2019y engagent pas. D\u2019abord, c\u2019est une volont\u00e9 de contribuer au changement positif dans\u00a0 notre pays. Faire la politique \u00a0pour moi aujourd\u2019hui, c\u2019est un moyen utile et normal pour contribuer au changement tant attendu dans ce pays. Il \u00a0y a un d\u00e9sir de participer aux transformations sociopolitique, un d\u00e9sir de participer au d\u00e9veloppement de la guin\u00e9e. La deuxi\u00e8me s\u00e9rie de raisons, il y a une diff\u00e9rence dans l\u2019engagement politique. Il\u00a0 y a un auteur qu\u2019on appelle Max robert qui a fait le choix entre deux politiciens professionnels. D\u2019un c\u00f4t\u00e9 il y \u00a0a des professionnels politiques qui se nourrissent de la politique. Mais le pr\u00e9sident du RGD,Me Abdoul Kab\u00e9l\u00e8 Camara ne s\u2019est jamais nourrit de la politique\u00a0\u00bb, a-t-il expliqu\u00e9.<\/p>\n<p>&nbsp;<\/p>\n<p>&nbsp;<\/p>\n<p>Avant de qualifier\u00a0 le pr\u00e9sident du RGD, Me Abdoul Kab\u00e9l\u00e8 Camara\u00a0: \u00ab\u00a0un homme politique doit rev\u00eatir deux mentaux fondamentaux\u00a0: c\u2019est le parcours et le\u00a0\u00a0 discours. Donc, le parcours de\u00a0 Me Kab\u00e9l\u00e8 fait de lui aujourd\u2019hui, un, homme qui incarne des \u00a0valeurs positives\u00a0 d\u2019int\u00e9grit\u00e9, un homme qui int\u00e8gre des valeurs \u00a0d\u2019ouverture, un homme qui int\u00e8gre des valeurs r\u00e9publicaines. Le parcours de l\u2019homme fait de lui un professionnel \u00a0\u00a0politique \u00a0\u00a0anim\u00e9\u00a0 par\u00a0 un sens positif \u00a0\u00a0\u00a0dans le cadre du bien \u00eatre des guin\u00e9es en g\u00e9n\u00e9ral\u00a0\u00bb, a fait savoir le pr\u00e9sident de la s\u00e9ance.<\/p>\n<p>&nbsp;<\/p>\n<p>&nbsp;<\/p>\n<p>&nbsp;<\/p>\n<p>&nbsp;<\/p>\n<p>&nbsp;<\/p>\n<p>Sur la question de \u00a0la sensibilisation des militants et sympathisants\u00a0 par rapport \u00e0 \u00a0l\u2019achat de la carte de membre, M. \u00a0Nouha Traor\u00e9, a \u00a0\u00a0pr\u00e9cis\u00e9 que l\u2019achat des \u00a0cartes de membre du parti \u00a0est fondamental pour un militant parce que c\u2019est\u00a0 ce \u00a0qui prouve effectivement\u00a0 son \u00a0\u00a0\u00a0adh\u00e9sion \u00a0au sein de ce parti. \u00ab\u00a0La premi\u00e8re importance d\u2019une carte de membre, quand vous \u00eates \u00e0 l\u2019\u00e9tranger par exemple\u00a0 pour dire d\u2019abord que tu es guin\u00e9en, \u00e7a se prouve \u00e0 travers ta carte d\u2019identit\u00e9 nationale et ton passeport qui \u00a0constituent\u00a0 les \u00a0\u00a0liens juridiques entre toi et ton pays d\u2019origine. Donc, est ce qu\u2019on \u00a0doit comprendre que quelqu\u2019un soit militant du RGD\u00a0 si la personne ne dispose aucune pi\u00e8ce\u00a0? La r\u00e9ponse est non, on ne peut pas concevoir un militant qui ne dispose pas \u00a0sa carte \u00a0de membre. Donc, il faut inviter tous les militants \u00e0 disposer des cartes de membre cela est important \u00e0\u00a0 plus d\u2019un titre. La deuxi\u00e8me importance, dans l\u2019exercice de votre fonction de militantisme par exemple, si demain vous \u00eates interpeller dans un commissariat ou dans une gendarmerie pour des faits li\u00e9s \u00e0 votre militantisme, rien qu\u2019en montrant\u00a0\u00a0 cette carte de membre. Cela \u00a0am\u00e8nera\u00a0 obligatoirement le bureau ex\u00e9cutif \u00e0 se mobiliser pour aller vous \u00a0d\u00e9fendre dans\u00a0 ce probl\u00e8me. Donc l\u2019achat de la \u00a0carte est un \u00a0acte\u00a0 non seulement de loyaut\u00e9 vis-vis\u00a0 du parti mais \u00a0aussi \u00a0un acte qui \u00a0prouve \u00e0 suffisance que vous adh\u00e9rez effectivement \u00a0aux id\u00e9aux d\u00e9fendus par le parti\u00a0\u00bb, a pr\u00e9cis\u00e9 M. Nouha \u00a0Traor\u00e9.<\/p>\n<p>&nbsp;<\/p>\n<p>&nbsp;<\/p>\n<p>&nbsp;<\/p>\n<p>&nbsp;<\/p>\n<p>Avant de\u00a0 rappeler l\u2019importance des \u00e9lections l\u00e9gislatives en cours \u00a0: \u00ab\u00a0Les \u00e9lections l\u00e9gislatives constituent pour nous un programme d\u2019une importance capitale\u00a0pour la bonne et simple raison que si nous voulons mettre un coup d\u2019arr\u00eat d\u00e9finitif \u00a0\u00e0 l\u2019actuel r\u00e9gime, il faudrait que nous refusions des tripatouillages, des manipulations et des coups d\u2019\u00e9tat constitutionnels, il faudrait que l\u2019on refuse \u00e0 \u00e7a .\u00a0\u00ab\u00a0L\u2019\u00e9tat actuel de la constitution guin\u00e9enne\u00a0 interdit cat\u00e9goriquement la candidature du prof Alpha\u00a0\u00a0 Cond\u00e9 en 2020.Donc, c\u2019est ce principe que nous prot\u00e9geons ici. Quelqu\u2019un vient de l\u2019affirmer dans son intervention\u00a0 \u00a0en disant\u00a0\u00a0 que \u2018\u2019\u00a0Le RGD, r\u00e9affirme son adh\u00e9sion au respect des lois de la r\u00e9publique, la loi supr\u00eame de\u00a0 notre pays\u2019\u2019. La Constitution guin\u00e9enne dans son article 27, qui est appuy\u00e9 dans\u00a0 l\u2019article 154, dit que le mandat du pr\u00e9sident de la r\u00e9publique est de cinq ans (5) et renouvelable une seule fois. Et l\u2019article 154 vient dire que de cette disposition de l\u2019article 27, ne peut\u00a0 faire l\u2019objet d\u2019aucune modification, donc il y a une clause \u00a0d\u2019humiliabilit\u00e9 qui entoure\u00a0 cette disposition\u00a0\u00bb, a-t-il rappel\u00e9.<\/p>\n<p>&nbsp;<\/p>\n<p>Avant d\u2019affirmer\u00a0:\u00a0\u00ab\u00a0Pour contourner tous ces obstacles, le pr\u00e9sident ne peut que passer par un <img loading=\"lazy\" decoding=\"async\" class=\"alignright size-medium wp-image-2927\" src=\"https:\/\/conakrynews.org\/wp-content\/uploads\/2019\/02\/phoro-15-rg1-500x375.jpg\" alt=\"\" width=\"500\" height=\"375\" srcset=\"https:\/\/conakrynews.org\/wp-content\/uploads\/2019\/02\/phoro-15-rg1-500x375.jpg 500w, https:\/\/conakrynews.org\/wp-content\/uploads\/2019\/02\/phoro-15-rg1-768x576.jpg 768w, https:\/\/conakrynews.org\/wp-content\/uploads\/2019\/02\/phoro-15-rg1.jpg 960w\" sizes=\"auto, (max-width: 500px) 100vw, 500px\" \/><img loading=\"lazy\" decoding=\"async\" class=\"alignright size-medium wp-image-2928\" src=\"https:\/\/conakrynews.org\/wp-content\/uploads\/2019\/02\/photo-15-rgd-2-500x375.jpg\" alt=\"\" width=\"500\" height=\"375\" srcset=\"https:\/\/conakrynews.org\/wp-content\/uploads\/2019\/02\/photo-15-rgd-2-500x375.jpg 500w, https:\/\/conakrynews.org\/wp-content\/uploads\/2019\/02\/photo-15-rgd-2-768x576.jpg 768w, https:\/\/conakrynews.org\/wp-content\/uploads\/2019\/02\/photo-15-rgd-2.jpg 960w\" sizes=\"auto, (max-width: 500px) 100vw, 500px\" \/>r\u00e9f\u00e9rendum, c\u2019est pourquoi nous\u00a0devons\u00a0nous battre aujourd\u2019hui \u00a0pour la massification de notre parti\u00a0 afin \u00a0qu\u2019on \u00a0\u00a0soit \u00e0 l\u2019Assembl\u00e9e Nationale pour pouvoir\u00a0 \u00a0nous oppos\u00e9s \u00a0\u00a0\u00a0contre cette volont\u00e9 \u00a0une fois que c\u2019est d\u00e9j\u00e0\u00a0 expos\u00e9 par les dirigeants actuels. Il faudrait que nous continuions \u00e0 une \u00a0forte \u00a0mobilisation des guin\u00e9ens dans toutes les quatre horizons de la guin\u00e9e. Le RGD,ne se veut pas\u00a0 un parti Soussou,ni malink\u00e9,ni forestier \u2026Le RGD\u00a0,se veut \u00a0un parti guin\u00e9en tout court. C\u2019est pour\u00a0 cette raison le choix de notre \u00a0slogan a \u00e9t\u00e9\u00a0\u00ab\u00a0Ensemble tout est \u00a0possible\u00a0\u00bb.Donc\u00a0 chacun \u00a0dans son p\u00e9rim\u00e8tre\u00a0 doit pouvoir mobiliser le plus grand nombre de militants en faveur\u00a0 de notre parti\u00a0\u00bb, a lanc\u00e9 aux militants du RGD.<\/p>\n<p>&nbsp;<\/p>\n<p>&nbsp;<\/p>\n<p>&nbsp;<\/p>\n<p>Ibrahima Fall, le repr\u00e9sentant des guin\u00e9ens de l\u2019\u00e9tranger au sein du RGD,\u00a0 a\u00a0 d\u00e9clar\u00e9 que\u00a0 des guin\u00e9ens de l\u2019\u00e9tranger lui ont laiss\u00e9\u00a0 un message \u00e0 v\u00e9hiculer \u00a0\u00a0pour le parti. \u00abJe reviens d\u2019une longue mission de l\u2019ext\u00e9rieur. Des Guin\u00e9ens de Dakar, des guin\u00e9en de Toulouse, des Guin\u00e9ens de Grenoble, des guin\u00e9ens de Bouak\u00e9\u00a0\u2026.Vous disent qu\u2019ils ont faim, ils ont faim \u00a0de \u00a0notre parti le RGD.Qu\u2019ils sont avec\u00a0 nous \u00a0et qu\u2019ils s\u2019attendent \u00e0 \u00a0nous. Qu\u2019ils s\u2019attendent \u00e0 ce que vous mettiez en place dans ces pays, le dispositif qui va \u00a0faire rebondir \u00a0dans\u00a0 ces endroits respectifs le \u00a0\u00a0Slogan de notre parti le RGD\u00a0\u2018\u2019Mon pays, ma fiert\u00e9\u2019 \u2019\u00a0\u00bb, a d\u00e9clar\u00e9 M.Fall.<\/p>\n<p>&nbsp;<\/p>\n<p>&nbsp;<\/p>\n<p>&nbsp;<\/p>\n<p>Avant d\u2019expliquer :\u00a0\u00ab\u00a0A Toulouse, o\u00f9\u00a0 se trouve la majorit\u00e9 des\u00a0 ressortissants guin\u00e9ens de la France, ils m\u2019ont fait rire en me racontant \u00a0\u00a0un fait r\u00e9el. Que c\u2019est des guin\u00e9ens que \u00a0\u00a0vous allez voir \u00e0 Toulouse en train de faire la file \u00e0 la mairie pour qu\u00e9mander des papiers pour se naturaliser fran\u00e7ais. Parce que tout simplement le guin\u00e9en ne peut\u00a0 \u00a0pas dire aujourd\u2019hui, mon pays c\u2019est ma fiert\u00e9 .Les guin\u00e9ens aujourd\u2019hui ne sont pas fiers de garder leur nationalit\u00e9. Par contre, les communaut\u00e9s des autres \u00a0pays africains comme le \u00a0S\u00e9n\u00e9gal, Gabon, la c\u00f4te ivoire\u00a0 ont la fiert\u00e9 de garder leur nationalit\u00e9. Cette raison s\u2019explique du fait que nos dirigeants n\u2019ont pas bien travaill\u00e9 pour que la guin\u00e9e ait sa dignit\u00e9 qu\u2019il faut\u00a0\u00bb, a-t-il expliqu\u00e9.<\/p>\n<p>&nbsp;<\/p>\n<p>&nbsp;<\/p>\n<p>&nbsp;<\/p>\n<p>Madame makhadi \u00a0Bangoura, ex pr\u00e9sidente \u00a0de la d\u00e9l\u00e9gation sp\u00e9ciale \u00a0de Kaloum et actuellement membre du bureau politique du RGD, a dit\u00a0 aux militants\u00a0:\u00a0\u00ab\u00a0Nous devons se battre pour la mobilisation\u00a0 du plus grand nombre de militants afin qu\u2019on ait un nombre important de d\u00e9put\u00e9s\u00a0\u00e0 l\u2019Assembl\u00e9e \u00a0Nationale pour pouvoir barrer la routes \u00e0 tout projet de modification de notre constitution par l\u2019actuel gouvernement. Nous devons faire comprendre \u00e0 la population que notre parti le RGD, n\u2019est pas un parti ingrat. Car, c\u2019est un parti rassembleur, un parti \u00a0sans ethnie, un parti qui respectera les \u00a0lois de la guin\u00e9e, c\u2019est un parti qui combattra l\u2019injustice sur toutes ses formes, c\u2019est \u00a0un parti qui\u00a0 a des ambitions nobles\u00a0 pour le bien \u00eatre des guin\u00e9ens sans exception\u00a0\u00bb, a \u00a0conclu Mme Bangoura.<\/p>\n<p>&nbsp;<\/p>\n<p><strong>Syllla Ibrahima Kalil pour <a href=\"https:\/\/conakrynews.org\">www.conakrynews.org<\/a> 625444534 \u00a0<\/strong><\/p>\n","protected":false},"excerpt":{"rendered":"<p>Les militants et sympathisants du parti Rassemblement Guin\u00e9en pour le d\u00e9veloppement en Abr\u00e9g\u00e9 le\u00a0 \u2018\u2019RGD\u2019\u2019 se sont fortement mobilis\u00e9s ce samedi 09 f\u00e9vrier 2019, pour participer \u00e0 la 14\u00e8me Assembl\u00e9e g\u00e9n\u00e9rale dudit parti politique \u00e0 son\u00a0 si\u00e8ge social \u00e0 Matam. Cette 14\u00e8me Assembl\u00e9e g\u00e9n\u00e9rale s\u2019est d\u00e9roul\u00e9e selon l\u2019ordre du jour suivant\u00a0: pr\u00e9sentations de nouveaux adh\u00e9rents [&hellip;]<\/p>\n","protected":false},"author":2,"featured_media":2927,"comment_status":"open","ping_status":"open","sticky":false,"template":"","format":"standard","meta":{"footnotes":""},"categories":[1],"tags":[],"class_list":{"0":"post-2926","1":"post","2":"type-post","3":"status-publish","4":"format-standard","5":"has-post-thumbnail","7":"category-non-classe"},"_links":{"self":[{"href":"https:\/\/conakrynews.org\/index.php\/wp-json\/wp\/v2\/posts\/2926","targetHints":{"allow":["GET"]}}],"collection":[{"href":"https:\/\/conakrynews.org\/index.php\/wp-json\/wp\/v2\/posts"}],"about":[{"href":"https:\/\/conakrynews.org\/index.php\/wp-json\/wp\/v2\/types\/post"}],"author":[{"embeddable":true,"href":"https:\/\/conakrynews.org\/index.php\/wp-json\/wp\/v2\/users\/2"}],"replies":[{"embeddable":true,"href":"https:\/\/conakrynews.org\/index.php\/wp-json\/wp\/v2\/comments?post=2926"}],"version-history":[{"count":0,"href":"https:\/\/conakrynews.org\/index.php\/wp-json\/wp\/v2\/posts\/2926\/revisions"}],"wp:featuredmedia":[{"embeddable":true,"href":"https:\/\/conakrynews.org\/index.php\/wp-json\/wp\/v2\/media\/2927"}],"wp:attachment":[{"href":"https:\/\/conakrynews.org\/index.php\/wp-json\/wp\/v2\/media?parent=2926"}],"wp:term":[{"taxonomy":"category","embeddable":true,"href":"https:\/\/conakrynews.org\/index.php\/wp-json\/wp\/v2\/categories?post=2926"},{"taxonomy":"post_tag","embeddable":true,"href":"https:\/\/conakrynews.org\/index.php\/wp-json\/wp\/v2\/tags?post=2926"}],"curies":[{"name":"wp","href":"https:\/\/api.w.org\/{rel}","templated":true}]}}