{"id":29363,"date":"2024-09-11T14:02:51","date_gmt":"2024-09-11T14:02:51","guid":{"rendered":"https:\/\/conakrynews.org\/?p=29363"},"modified":"2024-09-11T14:11:02","modified_gmt":"2024-09-11T14:11:02","slug":"focac-le-chef-de-letat-exhorte-les-guineens-residant-en-chine-a-respecter-les-lois-du-pays-hote","status":"publish","type":"post","link":"https:\/\/conakrynews.org\/index.php\/focac-le-chef-de-letat-exhorte-les-guineens-residant-en-chine-a-respecter-les-lois-du-pays-hote\/","title":{"rendered":"FOCAC: le Chef de l\u2019Etat exhorte les Guin\u00e9ens r\u00e9sidant en Chine \u00e0 respecter les lois du pays h\u00f4te"},"content":{"rendered":"<p>Le mercredi 4 septembre 2024, la communaut\u00e9 guin\u00e9enne r\u00e9sidant en Chine a v\u00e9cu une journ\u00e9e inoubliable. En marge du Forum sur la Coop\u00e9ration Sino-Africaine (FOCAC), le Pr\u00e9sident de la R\u00e9publique, le G\u00e9n\u00e9ral Mamadi Doumbouya, a rencontr\u00e9 ses compatriotes venus de diff\u00e9rentes provinces chinoises. Cet \u00e9v\u00e9nement, empreint d\u2019une atmosph\u00e8re de d\u00e9tente et de joie, a permis aux Guin\u00e9ens de Chine de r\u00e9affirmer leur soutien ind\u00e9fectible au Chef de l\u2019\u00c9tat et \u00e0 sa vision pour le d\u00e9veloppement de la Guin\u00e9e, conform\u00e9ment aux trois (3) axes prioritaires d\u00e9finis par le G\u00e9n\u00e9ral Mamadi Doumbouya pour la conduite de la Transition. Ces axes sont :<\/p>\n<p>L\u2019Axe Social pour r\u00e9tablir le vivre-ensemble dans notre pays ;<br \/>\n2. L\u2019Axe \u00c9conomique pour amorcer le processus de d\u00e9veloppement socio-\u00e9conomique durable de notre pays afin d\u2019assurer le bien-\u00eatre de la population ;<br \/>\n3. L\u2019Axe Politique pour reb\u00e2tir un \u00c9tat de droit \u00e0 travers la mise en place d\u2019institutions fortes et cr\u00e9dibles, avec la justice comme boussole pour tous nos concitoyens.<br \/>\nD\u00e8s le d\u00e9but de la rencontre, le Pr\u00e9sident du Conseil des Guin\u00e9ens de Chine, Bangaly Camara, a pris la parole pour souligner l\u2019importance et l\u2019engagement de la communaut\u00e9 guin\u00e9enne en Chine dans le processus de refondation du pays. Il a \u00e9galement exprim\u00e9 la satisfaction des guin\u00e9ens vivant en Chine quant \u00e0 la bonne conduite de la Transition en Guin\u00e9e. La communaut\u00e9 guin\u00e9enne en Chine s\u2019est \u00e9galement f\u00e9licit\u00e9e du repositionnement strat\u00e9gique de la Guin\u00e9e sur la sc\u00e8ne africaine et internationale sous la direction \u00e9clair\u00e9e du G\u00e9n\u00e9ral Mamadi Doumbouya. La visite du Pr\u00e9sident Chef de l\u2019\u00c9tat en Chine, sur invitation personnelle du Pr\u00e9sident Xi Jinping, pour participer au forum sur la coop\u00e9ration sino-africaine, a \u00e9t\u00e9 salu\u00e9e comme une \u00e9tape cruciale dans le renforcement des relations entre Conakry et P\u00e9kin.<\/p>\n<p>Dans son discours, le Chef de l\u2019\u00c9tat, le G\u00e9n\u00e9ral Mamadi Doumbouya, a mis un accent particulier sur l\u2019unit\u00e9 nationale. Il a rassur\u00e9 ses compatriotes que l\u2019\u00c9tat guin\u00e9en est \u00e0 leurs c\u00f4t\u00e9s, les consid\u00e9rant comme une partie int\u00e9grante de la R\u00e9publique de Guin\u00e9e, m\u00eame \u00e0 des milliers de kilom\u00e8tres de leur terre natale. Le Chef de l\u2019\u00c9tat a \u00e9galement exhort\u00e9 les Guin\u00e9ens r\u00e9sidant en Chine \u00e0 respecter les lois du pays h\u00f4te, tout en leur garantissant son soutien.<br \/>\nLe chef de l\u2019\u00c9tat a assur\u00e9 que des mesures appropri\u00e9es seront rapidement mises en place pour le paiement des bourses d\u2019entretien des \u00e9tudiants, une annonce qui a suscit\u00e9 une grande satisfaction parmi ces derniers.<br \/>\nLa c\u00e9r\u00e9monie s\u2019est d\u00e9roul\u00e9e dans une atmosph\u00e8re conviviale et chaleureuse, renfor\u00e7ant ainsi les liens entre le Pr\u00e9sident et la diaspora guin\u00e9enne en Chine. Cette rencontre marque un autre tournant dans les relations entre la Guin\u00e9e et sa diaspora en Asie, tout en consolidant le soutien des Guin\u00e9ens \u00e0 l\u2019\u00e9tranger au projet de refondation nationale port\u00e9 par le Pr\u00e9sident Mamadi Doumbouya.<\/p>\n<p>Avec DCI-PRG<\/p>\n","protected":false},"excerpt":{"rendered":"<p>Le mercredi 4 septembre 2024, la communaut\u00e9 guin\u00e9enne r\u00e9sidant en Chine a v\u00e9cu une journ\u00e9e inoubliable. En marge du Forum sur la Coop\u00e9ration Sino-Africaine (FOCAC), le Pr\u00e9sident de la R\u00e9publique, le G\u00e9n\u00e9ral Mamadi Doumbouya, a rencontr\u00e9 ses compatriotes venus de diff\u00e9rentes provinces chinoises. Cet \u00e9v\u00e9nement, empreint d\u2019une atmosph\u00e8re de d\u00e9tente et de joie, a permis [&hellip;]<\/p>\n","protected":false},"author":2,"featured_media":29365,"comment_status":"closed","ping_status":"closed","sticky":false,"template":"","format":"standard","meta":{"footnotes":""},"categories":[57],"tags":[],"class_list":{"0":"post-29363","1":"post","2":"type-post","3":"status-publish","4":"format-standard","5":"has-post-thumbnail","7":"category-politique"},"_links":{"self":[{"href":"https:\/\/conakrynews.org\/index.php\/wp-json\/wp\/v2\/posts\/29363","targetHints":{"allow":["GET"]}}],"collection":[{"href":"https:\/\/conakrynews.org\/index.php\/wp-json\/wp\/v2\/posts"}],"about":[{"href":"https:\/\/conakrynews.org\/index.php\/wp-json\/wp\/v2\/types\/post"}],"author":[{"embeddable":true,"href":"https:\/\/conakrynews.org\/index.php\/wp-json\/wp\/v2\/users\/2"}],"replies":[{"embeddable":true,"href":"https:\/\/conakrynews.org\/index.php\/wp-json\/wp\/v2\/comments?post=29363"}],"version-history":[{"count":0,"href":"https:\/\/conakrynews.org\/index.php\/wp-json\/wp\/v2\/posts\/29363\/revisions"}],"wp:featuredmedia":[{"embeddable":true,"href":"https:\/\/conakrynews.org\/index.php\/wp-json\/wp\/v2\/media\/29365"}],"wp:attachment":[{"href":"https:\/\/conakrynews.org\/index.php\/wp-json\/wp\/v2\/media?parent=29363"}],"wp:term":[{"taxonomy":"category","embeddable":true,"href":"https:\/\/conakrynews.org\/index.php\/wp-json\/wp\/v2\/categories?post=29363"},{"taxonomy":"post_tag","embeddable":true,"href":"https:\/\/conakrynews.org\/index.php\/wp-json\/wp\/v2\/tags?post=29363"}],"curies":[{"name":"wp","href":"https:\/\/api.w.org\/{rel}","templated":true}]}}