{"id":29372,"date":"2024-09-11T18:10:22","date_gmt":"2024-09-11T18:10:22","guid":{"rendered":"https:\/\/conakrynews.org\/?p=29372"},"modified":"2024-09-11T18:14:15","modified_gmt":"2024-09-11T18:14:15","slug":"conakry-des-citoyens-fortement-mobilises-pour-accueillir-le-president-mamadi-doumbouya","status":"publish","type":"post","link":"https:\/\/conakrynews.org\/index.php\/conakry-des-citoyens-fortement-mobilises-pour-accueillir-le-president-mamadi-doumbouya\/","title":{"rendered":"Conakry: Des Citoyens fortement mobilis\u00e9s pour accueillir le pr\u00e9sident Mamadi Doumbouya"},"content":{"rendered":"<p>Absent dans le pays depuis quelques jours pour participer au Forum Chino-Afrique,o\u00f9 le pr\u00e9sident de la trsnsition, G\u00e9n\u00e9ral Mamadi Doumbouya, a dignement repr\u00e9sent\u00e9 la Guin\u00e9e au sommet Chino-Afrique.Le chef de l&rsquo;\u00c9tat, a regagn\u00e9 Conakry dans l\u2019apr\u00e8s-midi de ce mercredi 11 septembre 2024.<\/p>\n<p>Pour reserver un accueil chaleureux au pr\u00e9sident Mamadi Doumbouya \u00e0 Conakry, une v\u00e9ritable mar\u00e9e humaine l\u2019attendait dans toutes les localit\u00e9s de la ville.<\/p>\n<p>Commencer par\u00a0 l\u2019a\u00e9roport international Ahmed S\u00e9kou Tour\u00e9 en passant par le rond-point de Gbessia, Gbessia Kond\u00e9bounyi, Dabondy, jusqu\u2019au pont de Bonfi, la population de cette vaste commune des citoyens de ces differentes localit\u00e9s ont pris\u00a0 d\u2019assaut les abords de l&rsquo;autoroute Fidel Castro.<\/p>\n<p>Ces\u00a0 hommes, femmes, jeunes leaders venant de partout ont massivement investis des rues de la Ville de Conakry pour\u00a0 exprimer\u00a0 leur soutien aux actions du pr\u00e9sident du CNRD.<\/p>\n<p><img loading=\"lazy\" decoding=\"async\" src=\"https:\/\/conakrynews.org\/wp-content\/uploads\/2024\/09\/IMG_3660-1-515x295.jpeg\" alt=\"\" width=\"515\" height=\"295\" class=\"alignnone size-medium wp-image-29376\" srcset=\"https:\/\/conakrynews.org\/wp-content\/uploads\/2024\/09\/IMG_3660-1-515x295.jpeg 515w, https:\/\/conakrynews.org\/wp-content\/uploads\/2024\/09\/IMG_3660-1-768x440.jpeg 768w, https:\/\/conakrynews.org\/wp-content\/uploads\/2024\/09\/IMG_3660-1.jpeg 828w\" sizes=\"auto, (max-width: 515px) 100vw, 515px\" \/><\/p>\n<p>Sylla Ibrahima Kalil pour www.conakrynews.org 625444534<\/p>\n","protected":false},"excerpt":{"rendered":"<p>Absent dans le pays depuis quelques jours pour participer au Forum Chino-Afrique,o\u00f9 le pr\u00e9sident de la trsnsition, G\u00e9n\u00e9ral Mamadi Doumbouya, a dignement repr\u00e9sent\u00e9 la Guin\u00e9e au sommet Chino-Afrique.Le chef de l&rsquo;\u00c9tat, a regagn\u00e9 Conakry dans l\u2019apr\u00e8s-midi de ce mercredi 11 septembre 2024. Pour reserver un accueil chaleureux au pr\u00e9sident Mamadi Doumbouya \u00e0 Conakry, une v\u00e9ritable [&hellip;]<\/p>\n","protected":false},"author":2,"featured_media":29375,"comment_status":"closed","ping_status":"closed","sticky":false,"template":"","format":"standard","meta":{"footnotes":""},"categories":[57],"tags":[],"class_list":{"0":"post-29372","1":"post","2":"type-post","3":"status-publish","4":"format-standard","5":"has-post-thumbnail","7":"category-politique"},"_links":{"self":[{"href":"https:\/\/conakrynews.org\/index.php\/wp-json\/wp\/v2\/posts\/29372","targetHints":{"allow":["GET"]}}],"collection":[{"href":"https:\/\/conakrynews.org\/index.php\/wp-json\/wp\/v2\/posts"}],"about":[{"href":"https:\/\/conakrynews.org\/index.php\/wp-json\/wp\/v2\/types\/post"}],"author":[{"embeddable":true,"href":"https:\/\/conakrynews.org\/index.php\/wp-json\/wp\/v2\/users\/2"}],"replies":[{"embeddable":true,"href":"https:\/\/conakrynews.org\/index.php\/wp-json\/wp\/v2\/comments?post=29372"}],"version-history":[{"count":0,"href":"https:\/\/conakrynews.org\/index.php\/wp-json\/wp\/v2\/posts\/29372\/revisions"}],"wp:featuredmedia":[{"embeddable":true,"href":"https:\/\/conakrynews.org\/index.php\/wp-json\/wp\/v2\/media\/29375"}],"wp:attachment":[{"href":"https:\/\/conakrynews.org\/index.php\/wp-json\/wp\/v2\/media?parent=29372"}],"wp:term":[{"taxonomy":"category","embeddable":true,"href":"https:\/\/conakrynews.org\/index.php\/wp-json\/wp\/v2\/categories?post=29372"},{"taxonomy":"post_tag","embeddable":true,"href":"https:\/\/conakrynews.org\/index.php\/wp-json\/wp\/v2\/tags?post=29372"}],"curies":[{"name":"wp","href":"https:\/\/api.w.org\/{rel}","templated":true}]}}