{"id":2947,"date":"2019-02-15T09:56:43","date_gmt":"2019-02-15T08:56:43","guid":{"rendered":"https:\/\/conakrynews.org\/?p=2947"},"modified":"2019-02-15T09:59:41","modified_gmt":"2019-02-15T08:59:41","slug":"etats-generaux-de-decentralisation-elus-locaux-reunis-deux-jours-de-debat-gestion-collectivites-locales","status":"publish","type":"post","link":"https:\/\/conakrynews.org\/index.php\/etats-generaux-de-decentralisation-elus-locaux-reunis-deux-jours-de-debat-gestion-collectivites-locales\/","title":{"rendered":"Etats g\u00e9n\u00e9raux de la d\u00e9centralisation : Les \u00e9lus locaux r\u00e9unis pour   deux jours  de d\u00e9bat  sur la gestion des collectivit\u00e9s locales"},"content":{"rendered":"<p><strong>Ce jeudi 14 f\u00e9vrier 2019 \u00e0 Conakry, le Pr\u00e9sident \u00a0Alpha Cond\u00e9 a pr\u00e9sid\u00e9\u00a0 la c\u00e9r\u00e9monie\u00a0 d\u2019ouverture des travaux des \u00e9tats g\u00e9n\u00e9raux de la D\u00e9centralisation et le D\u00e9veloppement Local en guin\u00e9e. Cette rencontre deux jours\u00a0 permettra aux \u00a0administrateurs territoriaux, (Gouverneurs et Pr\u00e9fets) et les \u00e9lus locaux de \u00a0se pencher sur les questions\u00a0 li\u00e9es \u00a0d\u00e9centralisation et le d\u00e9veloppement local des 33 pr\u00e9fectures du pays.<\/strong><\/p>\n<p>L\u2019objectif recherch\u00e9 de ces 2tats g\u00e9n\u00e9raux\u00a0 de la d\u00e9centralisation vise \u00a0\u00a0\u00e0 \u00a0situer chacun dans la t\u00e2che qui est le r\u00f4le des administrateurs et celle des \u00e9lus locaux (maires).<\/p>\n<p>Dans son intervention, \u00a0le nouveau Pr\u00e9fet de Faranah Ibrahima Kalil K\u00e9ita,\u00a0 fait savoir que cette \u00a0rencontre permettra chacun de connaitre ses devoirs et \u00a0ses attributions en mati\u00e8re de d\u00e9centralisation.<\/p>\n<p>De poursuivre, il\u00a0\u00a0 ajoutera ceci\u00a0:\u00ab\u00a0<em>Puisqu\u2019on soit administrateur territorial ou \u00e9lu du peuple,\u00a0\u00a0 nous sommes \u00a0tous \u00e0 la disposition des populations. Nous devons d\u00e9fendre les int\u00e9r\u00eats de la population, avoir une maitrise du travail et g\u00e9r\u00e9 honn\u00eatement le bien public comme ce que le pr\u00e9sident vient de rappeler dans\u00a0 son discours. Donc, nous sommes l\u00e0 \u00e0 la volont\u00e9 de la population, ex\u00e9cut\u00e9 l\u2019ambitieux programme\u00a0 de d\u00e9veloppement du Pr Alpha Cond\u00e9<\/em>\u00a0\u00bb, a conclu le pr\u00e9fet de Faranah.<\/p>\n<p>Sylla Ibrahima Kalil pour <a href=\"https:\/\/conakrynews.org\">www.conakrynews.org<\/a> 625444534<img loading=\"lazy\" decoding=\"async\" class=\"alignright size-medium wp-image-2948\" src=\"https:\/\/conakrynews.org\/wp-content\/uploads\/2019\/02\/Gouverneurs-de-r\u00e9gion-515x275.jpg\" alt=\"\" width=\"515\" height=\"275\" srcset=\"https:\/\/conakrynews.org\/wp-content\/uploads\/2019\/02\/Gouverneurs-de-r\u00e9gion-515x275.jpg 515w, https:\/\/conakrynews.org\/wp-content\/uploads\/2019\/02\/Gouverneurs-de-r\u00e9gion.jpg 712w\" sizes=\"auto, (max-width: 515px) 100vw, 515px\" \/><\/p>\n","protected":false},"excerpt":{"rendered":"<p>Ce jeudi 14 f\u00e9vrier 2019 \u00e0 Conakry, le Pr\u00e9sident \u00a0Alpha Cond\u00e9 a pr\u00e9sid\u00e9\u00a0 la c\u00e9r\u00e9monie\u00a0 d\u2019ouverture des travaux des \u00e9tats g\u00e9n\u00e9raux de la D\u00e9centralisation et le D\u00e9veloppement Local en guin\u00e9e. Cette rencontre deux jours\u00a0 permettra aux \u00a0administrateurs territoriaux, (Gouverneurs et Pr\u00e9fets) et les \u00e9lus locaux de \u00a0se pencher sur les questions\u00a0 li\u00e9es \u00a0d\u00e9centralisation et le [&hellip;]<\/p>\n","protected":false},"author":2,"featured_media":2948,"comment_status":"open","ping_status":"open","sticky":false,"template":"","format":"standard","meta":{"footnotes":""},"categories":[1],"tags":[],"class_list":{"0":"post-2947","1":"post","2":"type-post","3":"status-publish","4":"format-standard","5":"has-post-thumbnail","7":"category-non-classe"},"_links":{"self":[{"href":"https:\/\/conakrynews.org\/index.php\/wp-json\/wp\/v2\/posts\/2947","targetHints":{"allow":["GET"]}}],"collection":[{"href":"https:\/\/conakrynews.org\/index.php\/wp-json\/wp\/v2\/posts"}],"about":[{"href":"https:\/\/conakrynews.org\/index.php\/wp-json\/wp\/v2\/types\/post"}],"author":[{"embeddable":true,"href":"https:\/\/conakrynews.org\/index.php\/wp-json\/wp\/v2\/users\/2"}],"replies":[{"embeddable":true,"href":"https:\/\/conakrynews.org\/index.php\/wp-json\/wp\/v2\/comments?post=2947"}],"version-history":[{"count":0,"href":"https:\/\/conakrynews.org\/index.php\/wp-json\/wp\/v2\/posts\/2947\/revisions"}],"wp:featuredmedia":[{"embeddable":true,"href":"https:\/\/conakrynews.org\/index.php\/wp-json\/wp\/v2\/media\/2948"}],"wp:attachment":[{"href":"https:\/\/conakrynews.org\/index.php\/wp-json\/wp\/v2\/media?parent=2947"}],"wp:term":[{"taxonomy":"category","embeddable":true,"href":"https:\/\/conakrynews.org\/index.php\/wp-json\/wp\/v2\/categories?post=2947"},{"taxonomy":"post_tag","embeddable":true,"href":"https:\/\/conakrynews.org\/index.php\/wp-json\/wp\/v2\/tags?post=2947"}],"curies":[{"name":"wp","href":"https:\/\/api.w.org\/{rel}","templated":true}]}}