{"id":2951,"date":"2019-02-16T13:32:21","date_gmt":"2019-02-16T12:32:21","guid":{"rendered":"https:\/\/conakrynews.org\/?p=2951"},"modified":"2019-02-16T13:32:21","modified_gmt":"2019-02-16T12:32:21","slug":"retour-de-cellou-dalein-diallo-a-conakry-lufdg-tend-piege-aux-forces-de-lordre","status":"publish","type":"post","link":"https:\/\/conakrynews.org\/index.php\/retour-de-cellou-dalein-diallo-a-conakry-lufdg-tend-piege-aux-forces-de-lordre\/","title":{"rendered":"Retour de Cellou Dalein Diallo \u00e0 Conakry : L\u2019UFDG tend-il un pi\u00e8ge aux forces de l\u2019ordre ?"},"content":{"rendered":"<p><strong><em>Le chef de file de l\u2019opposition et pr\u00e9sident de l\u2019UFDG,Cellou Dalein Diallo, \u00a0doit regagner \u00a0\u00a0Conakry \u00a0ce samedi 16 f\u00e9vrier 2019, apr\u00e8s une tourn\u00e9e\u00a0 en l\u2019Europe via Dakar, \u00a0\u00e0 \u00a0en croire aux sources concordantes.<\/em><\/strong><\/p>\n<p><strong>\u00a0<\/strong><\/p>\n<p>Selon des informations, plusieurs s\u00e9ries de r\u00e9unions, ont \u00e9t\u00e9 tenues par\u00a0\u00a0 des hauts responsables de l\u2019UFDG\u00a0 pour pouvoir\u00a0 faire face \u00a0\u00e0 installation des PA au niveau de Bembeto pour contraindre les forces de d\u00e9fenses et de s\u00e9curit\u00e9 \u00e0 la riposte. Cet acte ne serait pas\u00a0 \u00a0une\u00a0 preuve \u00a0\u00e9loquente et \u00a0palpable aux yeux de l\u2019opinion publique nationale et de la Communaut\u00e9 Internationale de blanchir Cellou Dalein Diallo cit\u00e9 dans l\u2019affaire grenade en accusant comme par le pass\u00e9 les forces de l\u2019ordre de tuerie des manifestants, de brutalit\u00e9, de violence gratuite, de barbarie sur les militants de l\u2019opposition. Que\u00a0 d\u2019autres ont\u00a0\u00a0 toujours consid\u00e9r\u00e9 \u00a0\u2018\u2019 la victimisation\u2019\u2019.<\/p>\n<p>&nbsp;<\/p>\n<p>Dans tous les cas, depuis l\u2019installation des PA\u00a0 relativement \u00a0aux nombreuses manifestations sanglantes, meurtri\u00e8res \u00a0\u00a0dans les quartiers d\u2019 Hamdalaye, Bambeto, Cosa, Gnariwada, Wanindara etc\u2026Bref, Conakry est devenu un havre de paix o\u00f9 les citoyens vaquent tranquillement \u00e0 leur affaire \u00a0\u00a0nuit et jour.<\/p>\n<p>&nbsp;<\/p>\n<p>En tout \u00e9tat de cause, la Guin\u00e9e et les Guin\u00e9ens, sans oublier la Communaut\u00e9 Internationale observent avec attention\u00a0 par rapport au retour de Cellou et l\u2019attitude de ses partisans ce samedi \u00e0 Conakry.<\/p>\n<p>&nbsp;<\/p>\n<p>Nous y reviendrons\u2026<\/p>\n<p>&nbsp;<\/p>\n<p><strong><em>Amadou Yaya <\/em><\/strong><img loading=\"lazy\" decoding=\"async\" class=\"alignright size-medium wp-image-2929\" src=\"https:\/\/conakrynews.org\/wp-content\/uploads\/2019\/02\/photo-15-rgd-2-1-500x375.jpg\" alt=\"\" width=\"500\" height=\"375\" srcset=\"https:\/\/conakrynews.org\/wp-content\/uploads\/2019\/02\/photo-15-rgd-2-1-500x375.jpg 500w, https:\/\/conakrynews.org\/wp-content\/uploads\/2019\/02\/photo-15-rgd-2-1-768x576.jpg 768w, https:\/\/conakrynews.org\/wp-content\/uploads\/2019\/02\/photo-15-rgd-2-1.jpg 960w\" sizes=\"auto, (max-width: 500px) 100vw, 500px\" \/> <img loading=\"lazy\" decoding=\"async\" class=\"alignright size-medium wp-image-2952\" src=\"https:\/\/conakrynews.org\/wp-content\/uploads\/2019\/02\/bn.jpg\" alt=\"\" width=\"276\" height=\"183\" srcset=\"https:\/\/conakrynews.org\/wp-content\/uploads\/2019\/02\/bn.jpg 276w, https:\/\/conakrynews.org\/wp-content\/uploads\/2019\/02\/bn-275x183.jpg 275w\" sizes=\"auto, (max-width: 276px) 100vw, 276px\" \/><\/p>\n","protected":false},"excerpt":{"rendered":"<p>Le chef de file de l\u2019opposition et pr\u00e9sident de l\u2019UFDG,Cellou Dalein Diallo, \u00a0doit regagner \u00a0\u00a0Conakry \u00a0ce samedi 16 f\u00e9vrier 2019, apr\u00e8s une tourn\u00e9e\u00a0 en l\u2019Europe via Dakar, \u00a0\u00e0 \u00a0en croire aux sources concordantes. \u00a0 Selon des informations, plusieurs s\u00e9ries de r\u00e9unions, ont \u00e9t\u00e9 tenues par\u00a0\u00a0 des hauts responsables de l\u2019UFDG\u00a0 pour pouvoir\u00a0 faire face \u00a0\u00e0 [&hellip;]<\/p>\n","protected":false},"author":2,"featured_media":2952,"comment_status":"open","ping_status":"open","sticky":false,"template":"","format":"standard","meta":{"footnotes":""},"categories":[1],"tags":[],"class_list":{"0":"post-2951","1":"post","2":"type-post","3":"status-publish","4":"format-standard","5":"has-post-thumbnail","7":"category-non-classe"},"_links":{"self":[{"href":"https:\/\/conakrynews.org\/index.php\/wp-json\/wp\/v2\/posts\/2951","targetHints":{"allow":["GET"]}}],"collection":[{"href":"https:\/\/conakrynews.org\/index.php\/wp-json\/wp\/v2\/posts"}],"about":[{"href":"https:\/\/conakrynews.org\/index.php\/wp-json\/wp\/v2\/types\/post"}],"author":[{"embeddable":true,"href":"https:\/\/conakrynews.org\/index.php\/wp-json\/wp\/v2\/users\/2"}],"replies":[{"embeddable":true,"href":"https:\/\/conakrynews.org\/index.php\/wp-json\/wp\/v2\/comments?post=2951"}],"version-history":[{"count":0,"href":"https:\/\/conakrynews.org\/index.php\/wp-json\/wp\/v2\/posts\/2951\/revisions"}],"wp:featuredmedia":[{"embeddable":true,"href":"https:\/\/conakrynews.org\/index.php\/wp-json\/wp\/v2\/media\/2952"}],"wp:attachment":[{"href":"https:\/\/conakrynews.org\/index.php\/wp-json\/wp\/v2\/media?parent=2951"}],"wp:term":[{"taxonomy":"category","embeddable":true,"href":"https:\/\/conakrynews.org\/index.php\/wp-json\/wp\/v2\/categories?post=2951"},{"taxonomy":"post_tag","embeddable":true,"href":"https:\/\/conakrynews.org\/index.php\/wp-json\/wp\/v2\/tags?post=2951"}],"curies":[{"name":"wp","href":"https:\/\/api.w.org\/{rel}","templated":true}]}}