{"id":2991,"date":"2019-03-08T10:39:45","date_gmt":"2019-03-08T09:39:45","guid":{"rendered":"https:\/\/conakrynews.org\/?p=2991"},"modified":"2019-03-08T16:23:03","modified_gmt":"2019-03-08T15:23:03","slug":"a-loccasion-de-fete-femmes-presidente-de-fondation-pr-alpha-conde-lance-appelle-a-soeurs","status":"publish","type":"post","link":"https:\/\/conakrynews.org\/index.php\/a-loccasion-de-fete-femmes-presidente-de-fondation-pr-alpha-conde-lance-appelle-a-soeurs\/","title":{"rendered":"A l\u2019occasion de la f\u00eate des Femmes : La Pr\u00e9sidente de la Fondation Pr Alpha Cond\u00e9  lance un appelle \u00e0 ses s\u0153urs"},"content":{"rendered":"<p><strong>A\u00a0 la veille de la c\u00e9l\u00e9bration de \u00a0la grande f\u00eate \u00a0internationale \u00a0des femmes,\u00a0 qui se tiendra\u00a0 ce vendredi 08 Mars 2019. A\u00a0 \u00a0cette occasion, la \u00a0Pr\u00e9sidente de la Fondation Pr Alpha Cond\u00e9 (FPB Barack Obama) \u00a0pour l\u2019Humanitaire, a\u00a0 fait une communication\u00a0 le\u00a0 jeudi\u00a0 \u00a0pour lancer\u00a0 \u00a0un appelle \u00a0 \u00e0 \u00a0ses s\u0153urs, ses cons\u0153urs, ses m\u00e8res, en temps que \u00a0\u00a0m\u00e8res de familles, d\u2019\u00e9duquer aux \u00a0enfants des valeurs de la paix et de l\u2019unit\u00e9.<\/strong><\/p>\n<p>&nbsp;<\/p>\n<p>&nbsp;<\/p>\n<p>A l\u2019entame de sa d\u00e9claration, Mme Fanta \u00a0Perkins \u00a0a soulign\u00e9 \u00a0\u00a0<em>que nous \u00e9duquons les enfants des bonnes \u0153uvres \u00a0de la guin\u00e9e, l\u2019histoire de la guin\u00e9e\u00a0; bien que la civilisation est bonne mais, qu\u2019on oublie nos cultures, d\u2019o\u00f9 nous venons mais aussi, de se rappeler o\u00f9 nous sommes<\/em>.<\/p>\n<p>&nbsp;<\/p>\n<p>&nbsp;<\/p>\n<p>Avant de \u00a0pr\u00e9ciser qu\u2019en \u00a0tant que femme leader d\u2019une grande organisation aussi grande que la Fondation Pr Alpha Cond\u00e9, des actions sont pr\u00e9vues pour la c\u00e9l\u00e9bration du 08 mars.<\/p>\n<p>&nbsp;<\/p>\n<p>\u00abNotre \u00a0Fondation a eu le prix de la meilleure Fondation, pour avoir contribu\u00e9 \u00e0 travers des actes pos\u00e9s du c\u00f4t\u00e9 social.<em> J\u2019envisage\u00a0 de former 500 jeunes femmes. Pas plus qu\u2019hier, la Fondation est la marraine d\u2019une association d\u00e9nomm\u00e9e Y\u00e8t\u00e8kanf\u00e9 et, la semaine surpass\u00e9e, j\u2019\u00e9tais \u00e0 Blue zone de Kaloum pour accompagner les jeunes femmes leaders dont je suis la marraine aussi. J\u2019envisage beaucoup d\u2019activit\u00e9s dans l\u2019\u00e9mancipation de la femme guin\u00e9enne dont l\u2019\u00e9ducation des jeunes o\u00f9 les femmes entreprennent des m\u00e9tiers\u00a0<\/em>\u00bb, a expliqu\u00e9 la pr\u00e9sidente Fanta Perkins.<\/p>\n<p>&nbsp;<\/p>\n<p><em>Pour mettre un terme \u00e0 ses propos, elle a \u00a0remerci\u00e9 \u00a0le Pr\u00e9sident de la R\u00e9publique, Pr Alpha Cond\u00e9 pour avoir contribu\u00e9 au d\u00e9veloppement \u00e9conomique de la femme guin\u00e9enne.<\/em><\/p>\n<p><strong><em>\u00a0<\/em><\/strong><\/p>\n<p><strong><em>Sylla Ibrahima Kalil pour <a href=\"https:\/\/conakrynews.org\">www.conakrynews.org<\/a> 625444534<\/em><\/strong><img loading=\"lazy\" decoding=\"async\" class=\"alignright size-medium wp-image-2992\" src=\"https:\/\/conakrynews.org\/wp-content\/uploads\/2019\/03\/perkins1-620x300-515x249.jpg\" alt=\"\" width=\"515\" height=\"249\" srcset=\"https:\/\/conakrynews.org\/wp-content\/uploads\/2019\/03\/perkins1-620x300-515x249.jpg 515w, https:\/\/conakrynews.org\/wp-content\/uploads\/2019\/03\/perkins1-620x300.jpg 620w\" sizes=\"auto, (max-width: 515px) 100vw, 515px\" \/><\/p>\n","protected":false},"excerpt":{"rendered":"<p>A\u00a0 la veille de la c\u00e9l\u00e9bration de \u00a0la grande f\u00eate \u00a0internationale \u00a0des femmes,\u00a0 qui se tiendra\u00a0 ce vendredi 08 Mars 2019. A\u00a0 \u00a0cette occasion, la \u00a0Pr\u00e9sidente de la Fondation Pr Alpha Cond\u00e9 (FPB Barack Obama) \u00a0pour l\u2019Humanitaire, a\u00a0 fait une communication\u00a0 le\u00a0 jeudi\u00a0 \u00a0pour lancer\u00a0 \u00a0un appelle \u00a0 \u00e0 \u00a0ses s\u0153urs, ses cons\u0153urs, ses m\u00e8res, [&hellip;]<\/p>\n","protected":false},"author":2,"featured_media":2992,"comment_status":"open","ping_status":"open","sticky":false,"template":"","format":"standard","meta":{"footnotes":""},"categories":[1],"tags":[],"class_list":{"0":"post-2991","1":"post","2":"type-post","3":"status-publish","4":"format-standard","5":"has-post-thumbnail","7":"category-non-classe"},"_links":{"self":[{"href":"https:\/\/conakrynews.org\/index.php\/wp-json\/wp\/v2\/posts\/2991","targetHints":{"allow":["GET"]}}],"collection":[{"href":"https:\/\/conakrynews.org\/index.php\/wp-json\/wp\/v2\/posts"}],"about":[{"href":"https:\/\/conakrynews.org\/index.php\/wp-json\/wp\/v2\/types\/post"}],"author":[{"embeddable":true,"href":"https:\/\/conakrynews.org\/index.php\/wp-json\/wp\/v2\/users\/2"}],"replies":[{"embeddable":true,"href":"https:\/\/conakrynews.org\/index.php\/wp-json\/wp\/v2\/comments?post=2991"}],"version-history":[{"count":0,"href":"https:\/\/conakrynews.org\/index.php\/wp-json\/wp\/v2\/posts\/2991\/revisions"}],"wp:featuredmedia":[{"embeddable":true,"href":"https:\/\/conakrynews.org\/index.php\/wp-json\/wp\/v2\/media\/2992"}],"wp:attachment":[{"href":"https:\/\/conakrynews.org\/index.php\/wp-json\/wp\/v2\/media?parent=2991"}],"wp:term":[{"taxonomy":"category","embeddable":true,"href":"https:\/\/conakrynews.org\/index.php\/wp-json\/wp\/v2\/categories?post=2991"},{"taxonomy":"post_tag","embeddable":true,"href":"https:\/\/conakrynews.org\/index.php\/wp-json\/wp\/v2\/tags?post=2991"}],"curies":[{"name":"wp","href":"https:\/\/api.w.org\/{rel}","templated":true}]}}