{"id":3000,"date":"2019-03-09T11:34:58","date_gmt":"2019-03-09T10:34:58","guid":{"rendered":"https:\/\/conakrynews.org\/?p=3000"},"modified":"2019-03-09T11:59:55","modified_gmt":"2019-03-09T10:59:55","slug":"alpha-conde-commercant-sera-arrete-train-de-vendre-tissus-indigos-femmes-fabriques-guineeil-sera-emprisonne-biens-seront-saisis","status":"publish","type":"post","link":"https:\/\/conakrynews.org\/index.php\/alpha-conde-commercant-sera-arrete-train-de-vendre-tissus-indigos-femmes-fabriques-guineeil-sera-emprisonne-biens-seront-saisis\/","title":{"rendered":"Alpha Cond\u00e9 : \u00abTout commer\u00e7ant qui sera arr\u00eat\u00e9 en train de vendre  les tissus indigos  des femmes fabriqu\u00e9s en guin\u00e9e,il sera  emprisonn\u00e9 et ses biens seront saisis\u00bb"},"content":{"rendered":"<p><img loading=\"lazy\" decoding=\"async\" class=\"alignright size-medium wp-image-3010\" src=\"https:\/\/conakrynews.org\/wp-content\/uploads\/2019\/03\/4A71E624-B457-4431-9FBF-E7B12EEAA605-515x344.jpeg\" alt=\"\" width=\"515\" height=\"344\" srcset=\"https:\/\/conakrynews.org\/wp-content\/uploads\/2019\/03\/4A71E624-B457-4431-9FBF-E7B12EEAA605-515x344.jpeg 515w, https:\/\/conakrynews.org\/wp-content\/uploads\/2019\/03\/4A71E624-B457-4431-9FBF-E7B12EEAA605-768x512.jpeg 768w, https:\/\/conakrynews.org\/wp-content\/uploads\/2019\/03\/4A71E624-B457-4431-9FBF-E7B12EEAA605.jpeg 1000w\" sizes=\"auto, (max-width: 515px) 100vw, 515px\" \/>A l&rsquo;occasion de la c\u00e9l\u00e9bration de la f\u00eate internationale de la femme, le gouvernement guin\u00e9en \u00e0 l&rsquo;instar des autres pays \u00e0 travers son minist\u00e8re de l&rsquo;Action Sociale,de la Promotion F\u00e9minine et de l&rsquo;Enfance a organis\u00e9 une grande c\u00e9r\u00e9monie sur l&rsquo;esplanade du palais du peuple ce vendredi\u00a0 08 mars 2019.Cette importante c\u00e9r\u00e9monie a \u00e9t\u00e9 organis\u00e9e sous la pr\u00e9sidence du Chef de l\u2019\u00c9tat,prof Alpha Cond\u00e9 qui en a profit\u00e9 \u00e9galement de mettre en alerte tout commer\u00e7ant qui sera d\u00e9sormais appr\u00e9hend\u00e9 dans la vente de contres fa\u00e7ons des pagnes indigos fabriqu\u00e9s par les femmes guin\u00e9ennes.<br \/>\nDans son intervention,le pr\u00e9sident alpha cond\u00e9 \u00e0 d&rsquo;abord d\u00e9clar\u00e9 qu&rsquo;il est fier de voir les femmes porter les tissus fabriqu\u00e9s en guin\u00e9e.<\/p>\n<p>&nbsp;<\/p>\n<p>Avant de pr\u00e9venir les commer\u00e7ants :\u00abJe pr\u00e9viens les commer\u00e7ants parce que les inspecteurs seront d\u00e9ploy\u00e9s dans tous les march\u00e9s pour des enqu\u00eates par rapport \u00e0 ceux qui font la vente de contres fa\u00e7ons des pagnes fabriqu\u00e9s par des femmes guin\u00e9ennes.Tout commer\u00e7ant qui sera arr\u00eat\u00e9 en train de vendre les tissus indigos des femmes fabriqu\u00e9s en guin\u00e9e,il sera emprisonn\u00e9 et ses biens seront saisis. Nous ne voulons pas que le travail de nos femmes qui se battent sous la pluie et le soleil pour fabriqu\u00e9s ces pagnes indigos se voient \u00e9craser par les gens qui font l&rsquo;importation des pagnes indigos qui ne sont pas des v\u00e9ritables pagnes \u00bb, a averti le pr\u00e9sident Alpha Cond\u00e9 .<\/p>\n<p><img loading=\"lazy\" decoding=\"async\" class=\"alignright size-medium wp-image-3001\" src=\"https:\/\/conakrynews.org\/wp-content\/uploads\/2019\/03\/IMAGE-PRO.jpg\" alt=\"\" width=\"1\" height=\"1\" \/> <img loading=\"lazy\" decoding=\"async\" class=\"alignright size-medium wp-image-3004\" src=\"https:\/\/conakrynews.org\/wp-content\/uploads\/2019\/03\/iks.jpg\" alt=\"\" width=\"1\" height=\"1\" \/>Sylla Ibrahima Kalil pour www.conakrynews.org 625444534<\/p>\n","protected":false},"excerpt":{"rendered":"<p>A l&rsquo;occasion de la c\u00e9l\u00e9bration de la f\u00eate internationale de la femme, le gouvernement guin\u00e9en \u00e0 l&rsquo;instar des autres pays \u00e0 travers son minist\u00e8re de l&rsquo;Action Sociale,de la Promotion F\u00e9minine et de l&rsquo;Enfance a organis\u00e9 une grande c\u00e9r\u00e9monie sur l&rsquo;esplanade du palais du peuple ce vendredi\u00a0 08 mars 2019.Cette importante c\u00e9r\u00e9monie a \u00e9t\u00e9 organis\u00e9e sous [&hellip;]<\/p>\n","protected":false},"author":2,"featured_media":3010,"comment_status":"open","ping_status":"open","sticky":false,"template":"","format":"standard","meta":{"footnotes":""},"categories":[1],"tags":[],"class_list":{"0":"post-3000","1":"post","2":"type-post","3":"status-publish","4":"format-standard","5":"has-post-thumbnail","7":"category-non-classe"},"_links":{"self":[{"href":"https:\/\/conakrynews.org\/index.php\/wp-json\/wp\/v2\/posts\/3000","targetHints":{"allow":["GET"]}}],"collection":[{"href":"https:\/\/conakrynews.org\/index.php\/wp-json\/wp\/v2\/posts"}],"about":[{"href":"https:\/\/conakrynews.org\/index.php\/wp-json\/wp\/v2\/types\/post"}],"author":[{"embeddable":true,"href":"https:\/\/conakrynews.org\/index.php\/wp-json\/wp\/v2\/users\/2"}],"replies":[{"embeddable":true,"href":"https:\/\/conakrynews.org\/index.php\/wp-json\/wp\/v2\/comments?post=3000"}],"version-history":[{"count":0,"href":"https:\/\/conakrynews.org\/index.php\/wp-json\/wp\/v2\/posts\/3000\/revisions"}],"wp:featuredmedia":[{"embeddable":true,"href":"https:\/\/conakrynews.org\/index.php\/wp-json\/wp\/v2\/media\/3010"}],"wp:attachment":[{"href":"https:\/\/conakrynews.org\/index.php\/wp-json\/wp\/v2\/media?parent=3000"}],"wp:term":[{"taxonomy":"category","embeddable":true,"href":"https:\/\/conakrynews.org\/index.php\/wp-json\/wp\/v2\/categories?post=3000"},{"taxonomy":"post_tag","embeddable":true,"href":"https:\/\/conakrynews.org\/index.php\/wp-json\/wp\/v2\/tags?post=3000"}],"curies":[{"name":"wp","href":"https:\/\/api.w.org\/{rel}","templated":true}]}}