{"id":3054,"date":"2019-03-18T09:43:58","date_gmt":"2019-03-18T08:43:58","guid":{"rendered":"https:\/\/conakrynews.org\/?p=3054"},"modified":"2019-03-18T09:43:58","modified_gmt":"2019-03-18T08:43:58","slug":"18eme-assemblee-generale-rgd-pensent-parti-appendis-pouvoir-place-se-trompent","status":"publish","type":"post","link":"https:\/\/conakrynews.org\/index.php\/18eme-assemblee-generale-rgd-pensent-parti-appendis-pouvoir-place-se-trompent\/","title":{"rendered":"18\u00e8me  Assembl\u00e9e G\u00e9n\u00e9rale du  RGD : \u00ab Ceux qui pensent  que   notre  parti  est un appendis du pouvoir en place se trompent  \u00bb"},"content":{"rendered":"<p><strong><em>Le parti du Rassemblement Guin\u00e9en pour le D\u00e9veloppement (RGD) \u00e0 tenu sa 18<sup>\u00e8me<\/sup> \u00a0 assembl\u00e9e G\u00e9n\u00e9rale \u00a0ce samedi 16 mars 2019 \u00e0 son si\u00e8ge \u00e0 Matam. Une assembl\u00e9e\u00a0 \u00e0 la cour de laquelle plusieurs responsables du parti ont pris part\u00a0 \u00e0\u00a0 des \u00e9changes\u00a0 d\u2019\u00a0 id\u00e9es pour le fonctionnement du parti.<\/em><\/strong><\/p>\n<p>&nbsp;<\/p>\n<p>&nbsp;<\/p>\n<p>*<\/p>\n<p>A l\u2019instar des autres partis politiques, le parti Rassemblement Guin\u00e9en pour le d\u00e9veloppement\u00a0 organise chaque samedi pour discuter des questions allant dans le rayonnement du parti, mais aussi de redoubler les efforts pour des prochaines \u00e9ch\u00e9ances \u00e9lectorales en 2020.<\/p>\n<p>&nbsp;<\/p>\n<p>&nbsp;<\/p>\n<p>Dans l\u2019ordre du jour de cette Assembl\u00e9e G\u00e9n\u00e9rale, des questions li\u00e9es au renforcement des capacit\u00e9s \u00e9galement et la solidarit\u00e9 entre tous les partis politiques pour\u00a0 freiner\u00a0 le rythme de la \u00a0tentative de r\u00e9vision de la constitution guin\u00e9enne envisag\u00e9e par la mouvance pr\u00e9sidentielle et ses alli\u00e9s.<\/p>\n<p>Dans son intervention, monsieur \u00a0le repr\u00e9sentant pr\u00e9sident du \u00a0RGD a d\u00e9clar\u00e9\u00a0: \u00ab\u00a0Nous voulons que \u00a0Me Abdoul Kab\u00e8l\u00e8 soit le pr\u00e9sident de la R\u00e9publique en 2020, cela ne va pas avec la compromission. Ceux qui pensent \u00a0que \u00a0le RGD est un appendis du pouvoir en place se trompent\u00a0(\u2026) D\u00e8s l\u2019instant o\u00f9 nous visons la pr\u00e9sidence de la r\u00e9publique, ce qui revient \u00e0 dire qu\u2019on ne peut pas s\u2019entendre avec le pouvoir en place. Le fauteuil du pr\u00e9sident de la r\u00e9publique est fait pour une seule personne et non pour deux\u00a0\u00bb\u00a0confie monsieur souleymane Bah.<\/p>\n<p>Et de poursuivre, il a\u00a0 exhort\u00e9 \u00a0les membres du parti \u00e0 faire la propagande du parti pour faire adh\u00e9r\u00e9 bon nombre au sein du parti pour se faire.\u00a0\u00ab\u00a0il nous appartient en cons\u00e9quence de faire assoir le bureau du parti dans les quartiers, communes et r\u00e9gions. Ce n\u2019est pas l\u2019apanage simplement du bureau ex\u00e9cutif du RGD.\u00a0 Dans les jours \u00e0 venir nous allons faire une tourn\u00e9e \u00e0 l\u2019int\u00e9rieur \u00a0du pays. Probablement sa d\u00e9butera par \u00a0Bok\u00e9 afin de contacter les militants \u00e0 la base\u00a0\u00bb a-t-il ajout\u00e9.<\/p>\n<p>A rappeler que \u00a0la carte du parti rassemblement Guin\u00e9en pour le D\u00e9veloppement est vendue\u00a0 \u00e0\u00a0 cinq mille guin\u00e9en pour les nouveaux adh\u00e9rents.<\/p>\n<p><img loading=\"lazy\" decoding=\"async\" class=\"alignright size-medium wp-image-3055\" src=\"https:\/\/conakrynews.org\/wp-content\/uploads\/2019\/03\/photo-rgd-515x290.jpg\" alt=\"\" width=\"515\" height=\"290\" srcset=\"https:\/\/conakrynews.org\/wp-content\/uploads\/2019\/03\/photo-rgd-515x290.jpg 515w, https:\/\/conakrynews.org\/wp-content\/uploads\/2019\/03\/photo-rgd-768x432.jpg 768w\" sizes=\"auto, (max-width: 515px) 100vw, 515px\" \/><\/p>\n<p><strong>Oumar konate pour\u00a0<a href=\"https:\/\/conakrynews.org\/\">conakrynews.org<\/a>\u00a0621077446<\/strong><\/p>\n<p>&nbsp;<\/p>\n","protected":false},"excerpt":{"rendered":"<p>Le parti du Rassemblement Guin\u00e9en pour le D\u00e9veloppement (RGD) \u00e0 tenu sa 18\u00e8me \u00a0 assembl\u00e9e G\u00e9n\u00e9rale \u00a0ce samedi 16 mars 2019 \u00e0 son si\u00e8ge \u00e0 Matam. Une assembl\u00e9e\u00a0 \u00e0 la cour de laquelle plusieurs responsables du parti ont pris part\u00a0 \u00e0\u00a0 des \u00e9changes\u00a0 d\u2019\u00a0 id\u00e9es pour le fonctionnement du parti. &nbsp; &nbsp; * A l\u2019instar [&hellip;]<\/p>\n","protected":false},"author":2,"featured_media":3055,"comment_status":"open","ping_status":"open","sticky":false,"template":"","format":"standard","meta":{"footnotes":""},"categories":[1],"tags":[],"class_list":{"0":"post-3054","1":"post","2":"type-post","3":"status-publish","4":"format-standard","5":"has-post-thumbnail","7":"category-non-classe"},"_links":{"self":[{"href":"https:\/\/conakrynews.org\/index.php\/wp-json\/wp\/v2\/posts\/3054","targetHints":{"allow":["GET"]}}],"collection":[{"href":"https:\/\/conakrynews.org\/index.php\/wp-json\/wp\/v2\/posts"}],"about":[{"href":"https:\/\/conakrynews.org\/index.php\/wp-json\/wp\/v2\/types\/post"}],"author":[{"embeddable":true,"href":"https:\/\/conakrynews.org\/index.php\/wp-json\/wp\/v2\/users\/2"}],"replies":[{"embeddable":true,"href":"https:\/\/conakrynews.org\/index.php\/wp-json\/wp\/v2\/comments?post=3054"}],"version-history":[{"count":0,"href":"https:\/\/conakrynews.org\/index.php\/wp-json\/wp\/v2\/posts\/3054\/revisions"}],"wp:featuredmedia":[{"embeddable":true,"href":"https:\/\/conakrynews.org\/index.php\/wp-json\/wp\/v2\/media\/3055"}],"wp:attachment":[{"href":"https:\/\/conakrynews.org\/index.php\/wp-json\/wp\/v2\/media?parent=3054"}],"wp:term":[{"taxonomy":"category","embeddable":true,"href":"https:\/\/conakrynews.org\/index.php\/wp-json\/wp\/v2\/categories?post=3054"},{"taxonomy":"post_tag","embeddable":true,"href":"https:\/\/conakrynews.org\/index.php\/wp-json\/wp\/v2\/tags?post=3054"}],"curies":[{"name":"wp","href":"https:\/\/api.w.org\/{rel}","templated":true}]}}