{"id":3060,"date":"2019-03-21T10:23:26","date_gmt":"2019-03-21T09:23:26","guid":{"rendered":"https:\/\/conakrynews.org\/?p=3060"},"modified":"2019-03-21T10:23:26","modified_gmt":"2019-03-21T09:23:26","slug":"projet-de-barrage-de-souapiti-directeur-general-satisfait-travaux","status":"publish","type":"post","link":"https:\/\/conakrynews.org\/index.php\/projet-de-barrage-de-souapiti-directeur-general-satisfait-travaux\/","title":{"rendered":"Projet de Barrage de Souapiti : Le Directeur G\u00e9n\u00e9ral  Satisfait des Travaux"},"content":{"rendered":"<p><strong>Le pr\u00e9sident de la R\u00e9publique, prof Alpha Cond\u00e9 en compagnie du directeur g\u00e9n\u00e9ral de la soci\u00e9t\u00e9 financi\u00e8re internationale (SFI), a proc\u00e9d\u00e9 \u00e0 une visite de terrain sur les travaux du projet de barrage de Souapiti \u00a0ce mercredi 20 Mars 2019. <\/strong><\/p>\n<p><strong>\u00a0<\/strong><\/p>\n<p><strong>\u00a0<\/strong><\/p>\n<p><img loading=\"lazy\" decoding=\"async\" class=\"alignright size-medium wp-image-3061\" src=\"https:\/\/conakrynews.org\/wp-content\/uploads\/2019\/03\/souapiti-1-281x375.jpg\" alt=\"\" width=\"281\" height=\"375\" srcset=\"https:\/\/conakrynews.org\/wp-content\/uploads\/2019\/03\/souapiti-1-281x375.jpg 281w, https:\/\/conakrynews.org\/wp-content\/uploads\/2019\/03\/souapiti-1.jpg 360w\" sizes=\"auto, (max-width: 281px) 100vw, 281px\" \/><img loading=\"lazy\" decoding=\"async\" class=\"alignright size-medium wp-image-3062\" src=\"https:\/\/conakrynews.org\/wp-content\/uploads\/2019\/03\/souapiti-2-515x290.jpg\" alt=\"\" width=\"515\" height=\"290\" srcset=\"https:\/\/conakrynews.org\/wp-content\/uploads\/2019\/03\/souapiti-2-515x290.jpg 515w, https:\/\/conakrynews.org\/wp-content\/uploads\/2019\/03\/souapiti-2-768x432.jpg 768w, https:\/\/conakrynews.org\/wp-content\/uploads\/2019\/03\/souapiti-2.jpg 1280w\" sizes=\"auto, (max-width: 515px) 100vw, 515px\" \/><img loading=\"lazy\" decoding=\"async\" class=\"alignright size-medium wp-image-3063\" src=\"https:\/\/conakrynews.org\/wp-content\/uploads\/2019\/03\/souapiti-3-515x290.jpg\" alt=\"\" width=\"515\" height=\"290\" srcset=\"https:\/\/conakrynews.org\/wp-content\/uploads\/2019\/03\/souapiti-3-515x290.jpg 515w, https:\/\/conakrynews.org\/wp-content\/uploads\/2019\/03\/souapiti-3-768x432.jpg 768w, https:\/\/conakrynews.org\/wp-content\/uploads\/2019\/03\/souapiti-3.jpg 1280w\" sizes=\"auto, (max-width: 515px) 100vw, 515px\" \/><img loading=\"lazy\" decoding=\"async\" class=\"alignright size-medium wp-image-3062\" src=\"https:\/\/conakrynews.org\/wp-content\/uploads\/2019\/03\/souapiti-2-515x290.jpg\" alt=\"\" width=\"515\" height=\"290\" srcset=\"https:\/\/conakrynews.org\/wp-content\/uploads\/2019\/03\/souapiti-2-515x290.jpg 515w, https:\/\/conakrynews.org\/wp-content\/uploads\/2019\/03\/souapiti-2-768x432.jpg 768w, https:\/\/conakrynews.org\/wp-content\/uploads\/2019\/03\/souapiti-2.jpg 1280w\" sizes=\"auto, (max-width: 515px) 100vw, 515px\" \/>Prenant la parole \u00e0 cette occasion, le\u00a0 Directeur G\u00e9n\u00e9ral du projet de barrage Hydraulique de Souapiti , a d\u00e9clar\u00e9 ledit\u00a0 projet du Barrage de\u00a0 Souapiti aurait\u00a0 d\u00e9j\u00e0 connu \u00a0une avanc\u00e9e\u00a0 consid\u00e9rable ni \u00a0\u00e9t\u00e9 l&rsquo;exigence li\u00e9e aux riverains de ces localit\u00e9s pour lesquelles il fallait construire des maison sans oubli\u00e9 l&rsquo;\u00e9vacuation de certains ouvrages qui demandent assez d&rsquo;attention.<\/p>\n<p>&nbsp;<\/p>\n<p>\u00ab\u00a0Nous nous r\u00e9jouissons beaucoup de l&rsquo;\u00e9tat d\u2019avancement des travaux. Les param\u00e8tres que nous devrions atteindre en septembre 2019 en ce mois de mars nous avons d\u00e9j\u00e0 franchi ce niveau et all\u00e9 au del\u00e0, ce en tenant compte de tous les d\u00e9tails s\u00e9curit\u00e9s, sant\u00e9&#8230;\u00a0\u00bb, A fait \u00a0savoir le Directeur\u00a0 du projet Souapiti.<\/p>\n<p>&nbsp;<\/p>\n<p>&nbsp;<\/p>\n<p>Avant d\u2019ajouter\u00a0:\u00a0\u00abLe\u00a0 Barage kaleta est le futur Souapiti qui a la diff\u00e9rence de Douai vient avec une forte avanc\u00e9e \u00a0d&rsquo;eau de 6 milliards 300millions de mettre cube. Ce qui du co\u00fbt va lui permette de bien fonctionn\u00e9 \u00a0mais aussi r\u00e9gulariser le Barage Kaleta ainsi nous pouvons dire au revoir aux probl\u00e8mes d&rsquo;\u00e9tiage d&rsquo;ici 2019\u00a0\u00bb, a-t-il ajout\u00e9.<\/p>\n<p>&nbsp;<\/p>\n<p>&nbsp;<\/p>\n<p>&nbsp;<\/p>\n<p>Avant de rappeler\u00a0\u00a0 \u00a0le projet \u00a0du Barrage hydro\u00e9lectrique de Souapiti \u00a0emploi pr\u00e8s de 3900 \u00e0 4000 personnes.<\/p>\n<p>&nbsp;<\/p>\n<p><strong><em>Marie Camara pour www.621242468<\/em><\/strong><\/p>\n<p><strong><em>\u00a0<\/em><\/strong><\/p>\n<p><em>\u00a0<\/em><\/p>\n<p>&nbsp;<\/p>\n<p>&nbsp;<\/p>\n","protected":false},"excerpt":{"rendered":"<p>Le pr\u00e9sident de la R\u00e9publique, prof Alpha Cond\u00e9 en compagnie du directeur g\u00e9n\u00e9ral de la soci\u00e9t\u00e9 financi\u00e8re internationale (SFI), a proc\u00e9d\u00e9 \u00e0 une visite de terrain sur les travaux du projet de barrage de Souapiti \u00a0ce mercredi 20 Mars 2019. \u00a0 \u00a0 Prenant la parole \u00e0 cette occasion, le\u00a0 Directeur G\u00e9n\u00e9ral du projet de barrage [&hellip;]<\/p>\n","protected":false},"author":2,"featured_media":3062,"comment_status":"open","ping_status":"open","sticky":false,"template":"","format":"standard","meta":{"footnotes":""},"categories":[1],"tags":[],"class_list":{"0":"post-3060","1":"post","2":"type-post","3":"status-publish","4":"format-standard","5":"has-post-thumbnail","7":"category-non-classe"},"_links":{"self":[{"href":"https:\/\/conakrynews.org\/index.php\/wp-json\/wp\/v2\/posts\/3060","targetHints":{"allow":["GET"]}}],"collection":[{"href":"https:\/\/conakrynews.org\/index.php\/wp-json\/wp\/v2\/posts"}],"about":[{"href":"https:\/\/conakrynews.org\/index.php\/wp-json\/wp\/v2\/types\/post"}],"author":[{"embeddable":true,"href":"https:\/\/conakrynews.org\/index.php\/wp-json\/wp\/v2\/users\/2"}],"replies":[{"embeddable":true,"href":"https:\/\/conakrynews.org\/index.php\/wp-json\/wp\/v2\/comments?post=3060"}],"version-history":[{"count":0,"href":"https:\/\/conakrynews.org\/index.php\/wp-json\/wp\/v2\/posts\/3060\/revisions"}],"wp:featuredmedia":[{"embeddable":true,"href":"https:\/\/conakrynews.org\/index.php\/wp-json\/wp\/v2\/media\/3062"}],"wp:attachment":[{"href":"https:\/\/conakrynews.org\/index.php\/wp-json\/wp\/v2\/media?parent=3060"}],"wp:term":[{"taxonomy":"category","embeddable":true,"href":"https:\/\/conakrynews.org\/index.php\/wp-json\/wp\/v2\/categories?post=3060"},{"taxonomy":"post_tag","embeddable":true,"href":"https:\/\/conakrynews.org\/index.php\/wp-json\/wp\/v2\/tags?post=3060"}],"curies":[{"name":"wp","href":"https:\/\/api.w.org\/{rel}","templated":true}]}}