{"id":3065,"date":"2019-03-26T18:47:48","date_gmt":"2019-03-26T17:47:48","guid":{"rendered":"https:\/\/conakrynews.org\/?p=3065"},"modified":"2019-03-26T18:47:48","modified_gmt":"2019-03-26T17:47:48","slug":"lelectrification-zones-rurales-courant-premiere-a-gbereire","status":"publish","type":"post","link":"https:\/\/conakrynews.org\/index.php\/lelectrification-zones-rurales-courant-premiere-a-gbereire\/","title":{"rendered":"L&rsquo;\u00e9lectrification des zones rurales: le courant pour la premi\u00e8re fois \u00e0 Gbereir\u00e9"},"content":{"rendered":"<p><strong>C\u2019est un v\u00e9ritable ouf de soulagement pour les habitants des \u00a0\u00a0\u00a0localit\u00e9s de la pr\u00e9fecture de for\u00e9cariah.Le ministre de l&rsquo;\u00e9nergie et de hydraulique Dr Cheick Taliby Sylla, a proc\u00e9d\u00e9 ce samedi 23 mars 2019, au lancement officiel du \u00a0projet d\u2019\u00e9lectrification desdites localit\u00e9s. <\/strong><\/p>\n<p><strong>\u00a0<\/strong><\/p>\n<p>&nbsp;<\/p>\n<p>&nbsp;<\/p>\n<p>Dans son intervention,le ministre de l\u2019\u00e9nergie et de l\u2019hydraulique,Cheick Taliby Sylla a d\u00e9clar\u00e9 qu\u2019 une bonne partie de la population guin\u00e9enne dont 70% vivent dans les zones rurales.<\/p>\n<p>&nbsp;<\/p>\n<p>C\u2019est dans cette optique que sont d\u00e9partement \u00e0 juger tr\u00e8s n\u00e9cessaire de faire appel \u00e0\u00a0 la \u00a0soci\u00e9t\u00e9 \u00a0\u00a0lightboxe en vue \u00a0d&rsquo;\u00e9lectrifier \u00a0toutes les zones rurales.<\/p>\n<p>&nbsp;<\/p>\n<p>\u00ab\u00a0Le pr\u00e9sident Alpha cond\u00e9 \u00e0 dit dans \u00a0l\u2019un des passages de son\u00a0 discours <img loading=\"lazy\" decoding=\"async\" class=\"alignright size-medium wp-image-3066\" src=\"https:\/\/conakrynews.org\/wp-content\/uploads\/2019\/03\/foto-\u00e9nergie-281x375.jpg\" alt=\"\" width=\"281\" height=\"375\" srcset=\"https:\/\/conakrynews.org\/wp-content\/uploads\/2019\/03\/foto-\u00e9nergie-281x375.jpg 281w, https:\/\/conakrynews.org\/wp-content\/uploads\/2019\/03\/foto-\u00e9nergie.jpg 360w\" sizes=\"auto, (max-width: 281px) 100vw, 281px\" \/><img loading=\"lazy\" decoding=\"async\" class=\"alignright size-medium wp-image-3067\" src=\"https:\/\/conakrynews.org\/wp-content\/uploads\/2019\/03\/\u00e9nergie-foto-2-281x375.jpg\" alt=\"\" width=\"281\" height=\"375\" srcset=\"https:\/\/conakrynews.org\/wp-content\/uploads\/2019\/03\/\u00e9nergie-foto-2-281x375.jpg 281w, https:\/\/conakrynews.org\/wp-content\/uploads\/2019\/03\/\u00e9nergie-foto-2.jpg 360w\" sizes=\"auto, (max-width: 281px) 100vw, 281px\" \/>\u00a0que la Guin\u00e9e sera dans 5ans le pays le plus \u00e9lectrifi\u00e9 \u00a0de la sous r\u00e9gion. Consid\u00e9rer \u00a0que le pari est d\u00e9j\u00e0 gagn\u00e9\u00a0\u00bb, a affirm\u00e9 le ministre Taliby Sylla<\/p>\n<p>&nbsp;<\/p>\n<p>Avant de rappeler\u00a0 que les travaux de construction du barrage hydro\u00e9lectrique de Souapiti sont \u00a0tr\u00e8s avanc\u00e9s \u00e0 plus de 70% .\u00a0\u00ab\u00a0Ce qui veut dire que le chronogramme d&rsquo;octobre 2019, est belle et bien tenable. Ainsi rien ne nous emp\u00eachera de bonifier le barrage hydro\u00e9lectrique de kaleta en 2019 pour am\u00e9liorer sa productivit\u00e9 \u00a0afin de mieux desservir Conakry et la ligne interconnect\u00e9e pendant les p\u00e9riodes d&rsquo;\u00e9tiage\u00a0\u00bb, a fait savoir le ministre de l\u2019\u00e9nergie.<\/p>\n<p>&nbsp;<\/p>\n<p>&nbsp;<\/p>\n<p>&nbsp;<\/p>\n<p>Avant d\u2019expliquer :\u00a0\u00ab\u00a0Il est vrai que tout le monde veut le courant et le r\u00e9clame. Mais aujourd&rsquo;hui, nous sommes dans une phase de transition \u00e9nerg\u00e9tique. Le monde entier est entrain de migrer vers l&rsquo;\u00e9nergie renouvelable qui sont entre autres, le solaire et \u00a0l&rsquo;\u00e9olien. Des \u00e9nergies non seulement propres et qui ne polluent gu\u00e8re\u00a0\u00bb, a-t-il expliqu\u00e9.<\/p>\n<p>&nbsp;<\/p>\n<p>Avant de pr\u00e9ciser que \u00a0ce projet s&rsquo;inscrit dans le cadre de l&rsquo;\u00e9lectrification rurale \u00e0 travers L&rsquo;AGER (agence guin\u00e9enne d\u2019\u00e9lectrification rurale).<\/p>\n<p>&nbsp;<\/p>\n<p>&nbsp;<\/p>\n<p>Pierre Fares, l&rsquo;ing\u00e9nieur fondateur de la soci\u00e9t\u00e9 lightboxe, a expliqu\u00e9\u00a0 que ce\u00a0 \u00a0projet est inspir\u00e9 du syst\u00e8me de technologie allemande adapt\u00e9 \u00a0aux conditions environnant ales et climatiques \u00a0de la Guin\u00e9e. Il a une dur\u00e9e de dix ans, s\u2019il est bien entretenu.<\/p>\n<p>\u00ab\u00a0Pour ce procur\u00e9 de cette \u00e9lectricit\u00e9, le co\u00fbt d&rsquo;abonnement est de 200millesFG par foyer et la mensualit\u00e9 est fix\u00e9 \u00e0 83.milles. Pour le moment 144 foyers sont d\u00e9j\u00e0 install\u00e9s et apr\u00e8s 4 ans le syst\u00e8me devient pour eux.<\/p>\n<p>&nbsp;<\/p>\n<p>&nbsp;<\/p>\n<p>A noter que le projet compte \u00e9lectrifier les 3milles villages de la Guin\u00e9e.<\/p>\n<p>&nbsp;<\/p>\n<p>&nbsp;<\/p>\n<p>Mariam K Camara pour <a href=\"https:\/\/conakrynews.org\">www.conakrynews.org<\/a> 621242468<\/p>\n<p>&nbsp;<\/p>\n","protected":false},"excerpt":{"rendered":"<p>C\u2019est un v\u00e9ritable ouf de soulagement pour les habitants des \u00a0\u00a0\u00a0localit\u00e9s de la pr\u00e9fecture de for\u00e9cariah.Le ministre de l&rsquo;\u00e9nergie et de hydraulique Dr Cheick Taliby Sylla, a proc\u00e9d\u00e9 ce samedi 23 mars 2019, au lancement officiel du \u00a0projet d\u2019\u00e9lectrification desdites localit\u00e9s. \u00a0 &nbsp; &nbsp; Dans son intervention,le ministre de l\u2019\u00e9nergie et de l\u2019hydraulique,Cheick Taliby Sylla [&hellip;]<\/p>\n","protected":false},"author":2,"featured_media":3066,"comment_status":"open","ping_status":"open","sticky":false,"template":"","format":"standard","meta":{"footnotes":""},"categories":[1],"tags":[],"class_list":{"0":"post-3065","1":"post","2":"type-post","3":"status-publish","4":"format-standard","5":"has-post-thumbnail","7":"category-non-classe"},"_links":{"self":[{"href":"https:\/\/conakrynews.org\/index.php\/wp-json\/wp\/v2\/posts\/3065","targetHints":{"allow":["GET"]}}],"collection":[{"href":"https:\/\/conakrynews.org\/index.php\/wp-json\/wp\/v2\/posts"}],"about":[{"href":"https:\/\/conakrynews.org\/index.php\/wp-json\/wp\/v2\/types\/post"}],"author":[{"embeddable":true,"href":"https:\/\/conakrynews.org\/index.php\/wp-json\/wp\/v2\/users\/2"}],"replies":[{"embeddable":true,"href":"https:\/\/conakrynews.org\/index.php\/wp-json\/wp\/v2\/comments?post=3065"}],"version-history":[{"count":0,"href":"https:\/\/conakrynews.org\/index.php\/wp-json\/wp\/v2\/posts\/3065\/revisions"}],"wp:featuredmedia":[{"embeddable":true,"href":"https:\/\/conakrynews.org\/index.php\/wp-json\/wp\/v2\/media\/3066"}],"wp:attachment":[{"href":"https:\/\/conakrynews.org\/index.php\/wp-json\/wp\/v2\/media?parent=3065"}],"wp:term":[{"taxonomy":"category","embeddable":true,"href":"https:\/\/conakrynews.org\/index.php\/wp-json\/wp\/v2\/categories?post=3065"},{"taxonomy":"post_tag","embeddable":true,"href":"https:\/\/conakrynews.org\/index.php\/wp-json\/wp\/v2\/tags?post=3065"}],"curies":[{"name":"wp","href":"https:\/\/api.w.org\/{rel}","templated":true}]}}