{"id":3088,"date":"2019-04-06T12:00:26","date_gmt":"2019-04-06T10:00:26","guid":{"rendered":"https:\/\/conakrynews.org\/?p=3088"},"modified":"2019-04-06T12:00:26","modified_gmt":"2019-04-06T10:00:26","slug":"ministere-de-communication-m-ibrahima-kone-installe-officiellement-dga-journal-horoya","status":"publish","type":"post","link":"https:\/\/conakrynews.org\/index.php\/ministere-de-communication-m-ibrahima-kone-installe-officiellement-dga-journal-horoya\/","title":{"rendered":"Minist\u00e8re de la Communication : M. Ibrahima Kon\u00e9,  install\u00e9 officiellement comme DGA du journal Horoya"},"content":{"rendered":"<p><strong>Le nouveau Directeur G\u00e9n\u00e9ral Adjoint du quotidien national\u00a0\u00ab\u00a0 Horoya\u00a0\u00bb, Ibrahima Kon\u00e9, pr\u00e9sident de la Presse francophone section guin\u00e9enne, PDG du groupe \u00ab\u00a0Vision 2000 Communication Plus\u00a0\u00bb tout comme son Directeur G\u00e9n\u00e9ral, Mamadi Wasco Keita a \u00e9t\u00e9 officiellement install\u00e9 dans ses fonctions ce vendredi 5 avril dans les locaux du minist\u00e8re de l\u2019Information et de la Communication sis \u00e0\u00a0 Kaloum.<\/strong><\/p>\n<p>En effet, juste apr\u00e8s avoir \u00e9t\u00e9 confortablement install\u00e9 dans son bureau, M. Kon\u00e9, a livr\u00e9 ses premi\u00e8res impressions devant les journalistes de la presse publique et priv\u00e9e o\u00f9 il a vivement remerci\u00e9 le pr\u00e9sident de la R\u00e9publique, Pr Alpha Cond\u00e9 pour la confiance plac\u00e9e \u00e0 son \u00e9gard.<\/p>\n<p>Aux dires de M. Kon\u00e9, cette nomination est une premi\u00e8re pour lui, et les premiers mots qui lui viennent \u00e0 c\u0153ur, est de remercier le Professeur Alpha Cond\u00e9\u00a0 qui a port\u00e9 sa confiance \u00e0 sa modeste personne pour le nommer DGA, charg\u00e9 de d\u00e9veloppement du quotidien Horoya, cela, parmi des millions de guin\u00e9ens.<\/p>\n<p>\u00ab\u00a0Un journal qui fait partie des socles de notre fiert\u00e9 nationale. Sur ce, je remercie encore le pr\u00e9sident de la R\u00e9publique et son Premier ministre, Dr. Ibrahima Kassory Fofana. Je remercie \u00e9galement le ministre de la Communication, M. Amara Sompar\u00e9 qui a cru \u00e0 tous ces talents jeunes. Je tends la main \u00e0 mes nouveaux coll\u00e8gues afin de relever ce d\u00e9fi \u00bb, a lanc\u00e9 M. Kon\u00e9.<\/p>\n<p>C\u2019est dans ce m\u00eame ordre d\u2019id\u00e9es que le Directeur G\u00e9n\u00e9ral de Horoya, Mamadi Wasco Keita, est revenu sur les d\u00e9fis qui attendent sa Direction pour la reprise effective de ce journal qui date depuis 1961.<\/p>\n<p>Pour lui, le d\u00e9fi \u00e9norme est de r\u00e9nover et \u00e9quiper ce vieil b\u00e2timent et surtout de promouvoir la formation du personnel afin d\u2019offrir un service de qualit\u00e9. Pour ce fait, il compte sur son exp\u00e9rience acquise au sein du journal Horoya dans le pass\u00e9.<\/p>\n<p>Par ailleurs, il faut signaler qu\u2019au terme de cette passation, M. Ibrahima Kon\u00e9, accompagn\u00e9 d\u2019un nombre important de journalistes, \u00a0a rendu une visite de courtoisie au ministre Sompar\u00e9 pour encore une fois le remercier et promettre par la m\u00eame occasion de servir \u00a0dignement sa patrie.<\/p>\n<p><strong>Source\u00a0: ScoopGuin\u00e9e<\/strong><\/p>\n<p><img loading=\"lazy\" decoding=\"async\" class=\"alignright size-medium wp-image-3089\" src=\"https:\/\/conakrynews.org\/wp-content\/uploads\/2019\/04\/pas2-620x330-515x274.jpg\" alt=\"\" width=\"515\" height=\"274\" srcset=\"https:\/\/conakrynews.org\/wp-content\/uploads\/2019\/04\/pas2-620x330-515x274.jpg 515w, https:\/\/conakrynews.org\/wp-content\/uploads\/2019\/04\/pas2-620x330.jpg 620w\" sizes=\"auto, (max-width: 515px) 100vw, 515px\" \/><\/p>\n","protected":false},"excerpt":{"rendered":"<p>Le nouveau Directeur G\u00e9n\u00e9ral Adjoint du quotidien national\u00a0\u00ab\u00a0 Horoya\u00a0\u00bb, Ibrahima Kon\u00e9, pr\u00e9sident de la Presse francophone section guin\u00e9enne, PDG du groupe \u00ab\u00a0Vision 2000 Communication Plus\u00a0\u00bb tout comme son Directeur G\u00e9n\u00e9ral, Mamadi Wasco Keita a \u00e9t\u00e9 officiellement install\u00e9 dans ses fonctions ce vendredi 5 avril dans les locaux du minist\u00e8re de l\u2019Information et de la Communication [&hellip;]<\/p>\n","protected":false},"author":2,"featured_media":3089,"comment_status":"open","ping_status":"open","sticky":false,"template":"","format":"standard","meta":{"footnotes":""},"categories":[1],"tags":[],"class_list":{"0":"post-3088","1":"post","2":"type-post","3":"status-publish","4":"format-standard","5":"has-post-thumbnail","7":"category-non-classe"},"_links":{"self":[{"href":"https:\/\/conakrynews.org\/index.php\/wp-json\/wp\/v2\/posts\/3088","targetHints":{"allow":["GET"]}}],"collection":[{"href":"https:\/\/conakrynews.org\/index.php\/wp-json\/wp\/v2\/posts"}],"about":[{"href":"https:\/\/conakrynews.org\/index.php\/wp-json\/wp\/v2\/types\/post"}],"author":[{"embeddable":true,"href":"https:\/\/conakrynews.org\/index.php\/wp-json\/wp\/v2\/users\/2"}],"replies":[{"embeddable":true,"href":"https:\/\/conakrynews.org\/index.php\/wp-json\/wp\/v2\/comments?post=3088"}],"version-history":[{"count":0,"href":"https:\/\/conakrynews.org\/index.php\/wp-json\/wp\/v2\/posts\/3088\/revisions"}],"wp:featuredmedia":[{"embeddable":true,"href":"https:\/\/conakrynews.org\/index.php\/wp-json\/wp\/v2\/media\/3089"}],"wp:attachment":[{"href":"https:\/\/conakrynews.org\/index.php\/wp-json\/wp\/v2\/media?parent=3088"}],"wp:term":[{"taxonomy":"category","embeddable":true,"href":"https:\/\/conakrynews.org\/index.php\/wp-json\/wp\/v2\/categories?post=3088"},{"taxonomy":"post_tag","embeddable":true,"href":"https:\/\/conakrynews.org\/index.php\/wp-json\/wp\/v2\/tags?post=3088"}],"curies":[{"name":"wp","href":"https:\/\/api.w.org\/{rel}","templated":true}]}}