{"id":3094,"date":"2019-04-09T11:42:44","date_gmt":"2019-04-09T09:42:44","guid":{"rendered":"https:\/\/conakrynews.org\/?p=3094"},"modified":"2019-04-09T11:42:44","modified_gmt":"2019-04-09T09:42:44","slug":"ouagadougou-dadis-camara-exprime-soutien-a-alpha-conde","status":"publish","type":"post","link":"https:\/\/conakrynews.org\/index.php\/ouagadougou-dadis-camara-exprime-soutien-a-alpha-conde\/","title":{"rendered":"Ouagadougou : Dadis Camara exprime son \u00ab soutien \u00bb \u00e0 Alpha Cond\u00e9"},"content":{"rendered":"<p>OUAGADOUGOU- Dadis Camara veut adresser un message particulier au Pr\u00e9sident Alpha Cond\u00e9. Au lendemain de la nomination de Papa Koly Kourouma au poste de Ministre d\u2019\u00c9tat, Ministre de l\u2019Hydraulique et de l\u2019Assainissement, l\u2019ancien Pr\u00e9sident du Conseil National pour la D\u00e9mocratie et le D\u00e9veloppement (CNDD) a exprim\u00e9 toute sa joie d\u2019apprendre cette nouvelle.<\/p>\n<p>&nbsp;<\/p>\n<p>Dans un message adress\u00e9 au num\u00e9ro un du parti \u00ab\u00a0GRUP\u00a0\u00bb, Moussa Dadis Camara a promis de remercier le Pr\u00e9sident Alpha Cond\u00e9 pour la nomination de son \u00ab\u00a0fr\u00e8re\u00a0\u00bb \u00e0 cette haute fonction.<\/p>\n<p>&nbsp;<\/p>\n<p>&nbsp;<\/p>\n<p>\u00ab\u00a0Je suis tr\u00e8s heureux d\u2019apprendre ta nomination \u00e0 cette haute fonction. Et d\u00e8s aujourd\u2019hui, je m\u2019empresserai de remercier le professeur (Alpha Cond\u00e9) pour cet honneur qu\u2019il nous a fait, afin de\u00a0lui renouveler notre reconnaissance et notre soutien ind\u00e9fectible \u00e0 son auguste personne. Du reste, je prie le tout puissant qu\u2019il veille sur toi dans cette fonction. Merci \u00e0 Dieu et \u00e0 nos deux grands-m\u00e8res : M\u2019ma Gbokou et sa fille M\u2019ma Gayemey H\u00e9n\u00e9. Que leurs \u00e2mes reposent aupr\u00e8s du bon Dieu ! Ton grand fr\u00e8re MANI\u00c9 !\u00a0\u00bb, a \u00e9crit l\u2019ancien Pr\u00e9sident Dadis Camara dans un message adress\u00e9 \u00e0 Papa Koly Kourouma.<\/p>\n<p>Africaguinee.com<\/p>\n<p>&nbsp;<\/p>\n<p><img loading=\"lazy\" decoding=\"async\" class=\"alignright size-medium wp-image-3095\" src=\"https:\/\/conakrynews.org\/wp-content\/uploads\/2019\/04\/alpha-dadis-620x350-515x291.jpg\" alt=\"\" width=\"515\" height=\"291\" srcset=\"https:\/\/conakrynews.org\/wp-content\/uploads\/2019\/04\/alpha-dadis-620x350-515x291.jpg 515w, https:\/\/conakrynews.org\/wp-content\/uploads\/2019\/04\/alpha-dadis-620x350.jpg 620w\" sizes=\"auto, (max-width: 515px) 100vw, 515px\" \/><\/p>\n","protected":false},"excerpt":{"rendered":"<p>OUAGADOUGOU- Dadis Camara veut adresser un message particulier au Pr\u00e9sident Alpha Cond\u00e9. Au lendemain de la nomination de Papa Koly Kourouma au poste de Ministre d\u2019\u00c9tat, Ministre de l\u2019Hydraulique et de l\u2019Assainissement, l\u2019ancien Pr\u00e9sident du Conseil National pour la D\u00e9mocratie et le D\u00e9veloppement (CNDD) a exprim\u00e9 toute sa joie d\u2019apprendre cette nouvelle. &nbsp; Dans un [&hellip;]<\/p>\n","protected":false},"author":2,"featured_media":3095,"comment_status":"open","ping_status":"open","sticky":false,"template":"","format":"standard","meta":{"footnotes":""},"categories":[1],"tags":[],"class_list":{"0":"post-3094","1":"post","2":"type-post","3":"status-publish","4":"format-standard","5":"has-post-thumbnail","7":"category-non-classe"},"_links":{"self":[{"href":"https:\/\/conakrynews.org\/index.php\/wp-json\/wp\/v2\/posts\/3094","targetHints":{"allow":["GET"]}}],"collection":[{"href":"https:\/\/conakrynews.org\/index.php\/wp-json\/wp\/v2\/posts"}],"about":[{"href":"https:\/\/conakrynews.org\/index.php\/wp-json\/wp\/v2\/types\/post"}],"author":[{"embeddable":true,"href":"https:\/\/conakrynews.org\/index.php\/wp-json\/wp\/v2\/users\/2"}],"replies":[{"embeddable":true,"href":"https:\/\/conakrynews.org\/index.php\/wp-json\/wp\/v2\/comments?post=3094"}],"version-history":[{"count":0,"href":"https:\/\/conakrynews.org\/index.php\/wp-json\/wp\/v2\/posts\/3094\/revisions"}],"wp:featuredmedia":[{"embeddable":true,"href":"https:\/\/conakrynews.org\/index.php\/wp-json\/wp\/v2\/media\/3095"}],"wp:attachment":[{"href":"https:\/\/conakrynews.org\/index.php\/wp-json\/wp\/v2\/media?parent=3094"}],"wp:term":[{"taxonomy":"category","embeddable":true,"href":"https:\/\/conakrynews.org\/index.php\/wp-json\/wp\/v2\/categories?post=3094"},{"taxonomy":"post_tag","embeddable":true,"href":"https:\/\/conakrynews.org\/index.php\/wp-json\/wp\/v2\/tags?post=3094"}],"curies":[{"name":"wp","href":"https:\/\/api.w.org\/{rel}","templated":true}]}}