{"id":3100,"date":"2019-04-12T13:56:41","date_gmt":"2019-04-12T11:56:41","guid":{"rendered":"https:\/\/conakrynews.org\/?p=3100"},"modified":"2019-04-12T14:27:39","modified_gmt":"2019-04-12T12:27:39","slug":"conakry-nouveau-bureau-executif-de-lagepi-officiellement-presente-ministre-amara-sompare","status":"publish","type":"post","link":"https:\/\/conakrynews.org\/index.php\/conakry-nouveau-bureau-executif-de-lagepi-officiellement-presente-ministre-amara-sompare\/","title":{"rendered":"Conakry : Le Nouveau Bureau Ex\u00e9cutif de l\u2019AGEPI officiellement pr\u00e9sent\u00e9 au  Ministre Amara SOMPARE"},"content":{"rendered":"<p><strong>Les membres du nouveau \u00a0Bureau\u00a0 Ex\u00e9cutif de l\u2019Association Guin\u00e9enne\u00a0 Des \u00c9diteurs<img loading=\"lazy\" decoding=\"async\" class=\"alignright size-medium wp-image-3101\" src=\"https:\/\/conakrynews.org\/wp-content\/uploads\/2019\/04\/Agepi-b-500x375.jpg\" alt=\"\" width=\"500\" height=\"375\" srcset=\"https:\/\/conakrynews.org\/wp-content\/uploads\/2019\/04\/Agepi-b-500x375.jpg 500w, https:\/\/conakrynews.org\/wp-content\/uploads\/2019\/04\/Agepi-b-768x576.jpg 768w, https:\/\/conakrynews.org\/wp-content\/uploads\/2019\/04\/Agepi-b.jpg 1440w\" sizes=\"auto, (max-width: 500px) 100vw, 500px\" \/> de la Presse Ind\u00e9pendante (AGEPI)\u00a0 ont\u00a0 \u00e9t\u00e9 re\u00e7us ce jeudi 11 Avril \u00a02019 par\u00a0 M. le\u00a0 Ministre de l\u2019Information et de la Communication, Amara Sompar\u00e9. Objectif? Faire la pr\u00e9sentation du nouveau Bureau de l\u2019Association \u00e9lu le 20 Mars 2019 au\u00a0 mus\u00e9e \u00a0national de Sandervalia. \u00a0<\/strong><\/p>\n<p>&nbsp;<\/p>\n<p>Prenant la parole \u00e0 cette occasion, le pr\u00e9sident de l\u2019Association Guin\u00e9enne \u00a0Des\u00a0 \u00c9diteurs de la Presse Ind\u00e9pendante, Alpha Abdoulaye Diallo a d\u00e9clar\u00e9 que \u00a0les \u00e9changes avec le ministre de la Communication se sont articul\u00e9s\u00a0\u00a0 sur les\u00a0 \u00a0programmes d\u2019activit\u00e9s de la nouvelle \u00e9quipe de l\u2019AGEPI, notamment les pr\u00e9paratifs de la prochaine journ\u00e9e internationale sur la libert\u00e9 de presse, c\u00e9l\u00e9br\u00e9e le 03 Mai de chaque ann\u00e9e.<\/p>\n<p>De poursuivre, il a dit\u00a0: \u00ab\u00a0Nous sommes venus pr\u00e9senter la nouvelle \u00e9quipe \u00e0 Monsieur le ministre. Comme vous le savez, le partenariat presse publique-presse priv\u00e9e c\u2019est devenu aujourd\u2019hui un challenge. La dynamique de la professionnalisation de la presse en ce temps du num\u00e9rique. \u00a0Notre mission aujourd\u2019hui comme je l\u2019ai dit pour la premi\u00e8re fois, c\u2019est de redonner \u00e0 l\u2019AGEPI sa place qu\u2019elle m\u00e9rite dans l\u2019espace m\u00e9diatique guin\u00e9en. Cette place-l\u00e0, c\u2019est une place de premier choix. Donc nous ne pouvons pas travailler sans avoir des conseils de nos doyens, de nos a\u00een\u00e9s\u00a0\u00bb, a fait savoir aux m\u00e9dias \u00a0\u00e0 la sortie de l\u2019entretien.<\/p>\n<p>&nbsp;<\/p>\n<p>Avant d\u2019ajouter\u00a0:\u00a0\u00ab\u00a0 Notre pr\u00e9sence ici aujourd\u2019hui, c\u2019est toujours cette dynamique. Demander le soutien des pouvoirs publics pour faire en sorte que la Guin\u00e9e continue \u00e0 m\u00e9riter d\u2019\u00eatre un pays\u00a0 o\u00f9 aucun journaliste n\u2019est en prison, d\u2019\u00eatre un pays o\u00f9 la libert\u00e9 de presse est devenue un acquis. Faire en sorte \u00a0que l\u2019AGEPI continue \u00e0 jouer son r\u00f4le de gardien de la d\u00e9mocratie, mais aussi son r\u00f4le de chien de garde du Gouvernement. \u00bb,\u00a0 a conclu pr\u00e9sident de l\u2019AGEPI.<\/p>\n<p>&nbsp;<\/p>\n<p>Sylla Ibrahima \u00a0Kalil pour <a href=\"https:\/\/conakrynews.org\">www.conakrynews.org<\/a> 625444534<\/p>\n","protected":false},"excerpt":{"rendered":"<p>Les membres du nouveau \u00a0Bureau\u00a0 Ex\u00e9cutif de l\u2019Association Guin\u00e9enne\u00a0 Des \u00c9diteurs de la Presse Ind\u00e9pendante (AGEPI)\u00a0 ont\u00a0 \u00e9t\u00e9 re\u00e7us ce jeudi 11 Avril \u00a02019 par\u00a0 M. le\u00a0 Ministre de l\u2019Information et de la Communication, Amara Sompar\u00e9. Objectif? Faire la pr\u00e9sentation du nouveau Bureau de l\u2019Association \u00e9lu le 20 Mars 2019 au\u00a0 mus\u00e9e \u00a0national de Sandervalia. [&hellip;]<\/p>\n","protected":false},"author":2,"featured_media":3101,"comment_status":"open","ping_status":"open","sticky":false,"template":"","format":"standard","meta":{"footnotes":""},"categories":[1],"tags":[],"class_list":{"0":"post-3100","1":"post","2":"type-post","3":"status-publish","4":"format-standard","5":"has-post-thumbnail","7":"category-non-classe"},"_links":{"self":[{"href":"https:\/\/conakrynews.org\/index.php\/wp-json\/wp\/v2\/posts\/3100","targetHints":{"allow":["GET"]}}],"collection":[{"href":"https:\/\/conakrynews.org\/index.php\/wp-json\/wp\/v2\/posts"}],"about":[{"href":"https:\/\/conakrynews.org\/index.php\/wp-json\/wp\/v2\/types\/post"}],"author":[{"embeddable":true,"href":"https:\/\/conakrynews.org\/index.php\/wp-json\/wp\/v2\/users\/2"}],"replies":[{"embeddable":true,"href":"https:\/\/conakrynews.org\/index.php\/wp-json\/wp\/v2\/comments?post=3100"}],"version-history":[{"count":0,"href":"https:\/\/conakrynews.org\/index.php\/wp-json\/wp\/v2\/posts\/3100\/revisions"}],"wp:featuredmedia":[{"embeddable":true,"href":"https:\/\/conakrynews.org\/index.php\/wp-json\/wp\/v2\/media\/3101"}],"wp:attachment":[{"href":"https:\/\/conakrynews.org\/index.php\/wp-json\/wp\/v2\/media?parent=3100"}],"wp:term":[{"taxonomy":"category","embeddable":true,"href":"https:\/\/conakrynews.org\/index.php\/wp-json\/wp\/v2\/categories?post=3100"},{"taxonomy":"post_tag","embeddable":true,"href":"https:\/\/conakrynews.org\/index.php\/wp-json\/wp\/v2\/tags?post=3100"}],"curies":[{"name":"wp","href":"https:\/\/api.w.org\/{rel}","templated":true}]}}