{"id":3107,"date":"2019-04-16T15:53:45","date_gmt":"2019-04-16T13:53:45","guid":{"rendered":"https:\/\/conakrynews.org\/?p=3107"},"modified":"2019-04-16T15:53:45","modified_gmt":"2019-04-16T13:53:45","slug":"mohamed-saidou-toure-concert-acte-de-reconnaissance-aux-efforts-consentis-president-de-republique","status":"publish","type":"post","link":"https:\/\/conakrynews.org\/index.php\/mohamed-saidou-toure-concert-acte-de-reconnaissance-aux-efforts-consentis-president-de-republique\/","title":{"rendered":"Mohamed Saidou Tour\u00e9 : \u00ab Ce concert est un acte de reconnaissance  aux efforts  consentis par le  pr\u00e9sident de la r\u00e9publique \u00bb"},"content":{"rendered":"<p><strong>Dans un entretien exclusif accord\u00e9 \u00e0 notre r\u00e9daction le Samedi 13 Avril 2019, Mohamed Saidou Tour\u00e9, le coordinateur G\u00e9n\u00e9ral du projet\u00a0 de concert de reconnaissance aux actions du pr\u00e9sident de la r\u00e9publique, prof\u00a0 Alpha Cond\u00e9 a donn\u00e9 les raisons de l\u2019organisation dudit concert au palais du peuple le 16 Avril 2019. Avant de d\u2019\u00e9claircir sa position par rapport au projet de modification de la constitution de notre pays par les autorit\u00e9s en place.\u00a0\u00a0 <\/strong><\/p>\n<p>&nbsp;<\/p>\n<p>&nbsp;<\/p>\n<p>\u00ab\u00a0Ce concert est un acte de reconnaissance aux efforts\u00a0 consentis par le \u00a0pr\u00e9sident de la r\u00e9publique \u00a0parce que c\u2019est la premi\u00e8re fois en Guin\u00e9e qu\u2019un pr\u00e9sident donne plus de \u00a024 v\u00e9hicule aux artistes\u00a0\u00bb, a d\u00e9clar\u00e9 M. Tour\u00e9<\/p>\n<p>Avant de rappeler que\u00a0 le\u00a0 pr\u00e9sident Alpha Cond\u00e9\u00a0 a \u00a0consenti\u00a0 \u00a0beaucoup d\u2019effort\u00a0 dans le cadre de mise en place des infrastructures socio-de base notamment, l\u2019\u00e9lectricit\u00e9, les infrastructures\u00a0 h\u00f4teli\u00e8res, les routes etc\u2026<\/p>\n<p>\u00ab\u00a0En \u00a02003 et 2006, la Guin\u00e9e \u00e9tait dans l\u2019obscurit\u00e9 totale. Mais aujourd\u2019hui, nous avons l\u2019\u00e9lectricit\u00e9 24h sur 24.C\u2019est pour cette raison que les artistes et\u00a0 griots ont d\u00e9cid\u00e9\u00a0 de\u00a0 r\u00e9aliser\u00a0 ce grand \u00a0concert de reconnaissance pour saluer les \u00a0actions du pr\u00e9sident \u00a0de la R\u00e9publique\u00a0\u00bb, a fait savoir le \u00a0\u00a0\u00a0\u00a0\u00a0\u00a0\u00a0\u00a0\u00a0\u00a0\u00a0 Coordinateur G\u00e9n\u00e9ral de reconnaissance aux actions du pr\u00e9sident Alpha Cond\u00e9.<\/p>\n<p>&nbsp;<\/p>\n<p>Sylla Ibrahima Kalil pour <a href=\"https:\/\/conakrynews.org\/\">www.conakrynews.org<\/a> 625444534<\/p>\n<p>&nbsp;<\/p>\n<p>&nbsp;<\/p>\n<p><img loading=\"lazy\" decoding=\"async\" class=\"alignright size-medium wp-image-3108\" src=\"https:\/\/conakrynews.org\/wp-content\/uploads\/2019\/04\/acquis-photo-500x375.jpg\" alt=\"\" width=\"500\" height=\"375\" srcset=\"https:\/\/conakrynews.org\/wp-content\/uploads\/2019\/04\/acquis-photo-500x375.jpg 500w, https:\/\/conakrynews.org\/wp-content\/uploads\/2019\/04\/acquis-photo-768x576.jpg 768w, https:\/\/conakrynews.org\/wp-content\/uploads\/2019\/04\/acquis-photo.jpg 960w\" sizes=\"auto, (max-width: 500px) 100vw, 500px\" \/><\/p>\n","protected":false},"excerpt":{"rendered":"<p>Dans un entretien exclusif accord\u00e9 \u00e0 notre r\u00e9daction le Samedi 13 Avril 2019, Mohamed Saidou Tour\u00e9, le coordinateur G\u00e9n\u00e9ral du projet\u00a0 de concert de reconnaissance aux actions du pr\u00e9sident de la r\u00e9publique, prof\u00a0 Alpha Cond\u00e9 a donn\u00e9 les raisons de l\u2019organisation dudit concert au palais du peuple le 16 Avril 2019. Avant de d\u2019\u00e9claircir sa [&hellip;]<\/p>\n","protected":false},"author":2,"featured_media":3108,"comment_status":"open","ping_status":"open","sticky":false,"template":"","format":"standard","meta":{"footnotes":""},"categories":[1],"tags":[],"class_list":{"0":"post-3107","1":"post","2":"type-post","3":"status-publish","4":"format-standard","5":"has-post-thumbnail","7":"category-non-classe"},"_links":{"self":[{"href":"https:\/\/conakrynews.org\/index.php\/wp-json\/wp\/v2\/posts\/3107","targetHints":{"allow":["GET"]}}],"collection":[{"href":"https:\/\/conakrynews.org\/index.php\/wp-json\/wp\/v2\/posts"}],"about":[{"href":"https:\/\/conakrynews.org\/index.php\/wp-json\/wp\/v2\/types\/post"}],"author":[{"embeddable":true,"href":"https:\/\/conakrynews.org\/index.php\/wp-json\/wp\/v2\/users\/2"}],"replies":[{"embeddable":true,"href":"https:\/\/conakrynews.org\/index.php\/wp-json\/wp\/v2\/comments?post=3107"}],"version-history":[{"count":0,"href":"https:\/\/conakrynews.org\/index.php\/wp-json\/wp\/v2\/posts\/3107\/revisions"}],"wp:featuredmedia":[{"embeddable":true,"href":"https:\/\/conakrynews.org\/index.php\/wp-json\/wp\/v2\/media\/3108"}],"wp:attachment":[{"href":"https:\/\/conakrynews.org\/index.php\/wp-json\/wp\/v2\/media?parent=3107"}],"wp:term":[{"taxonomy":"category","embeddable":true,"href":"https:\/\/conakrynews.org\/index.php\/wp-json\/wp\/v2\/categories?post=3107"},{"taxonomy":"post_tag","embeddable":true,"href":"https:\/\/conakrynews.org\/index.php\/wp-json\/wp\/v2\/tags?post=3107"}],"curies":[{"name":"wp","href":"https:\/\/api.w.org\/{rel}","templated":true}]}}