{"id":31340,"date":"2025-01-08T20:08:29","date_gmt":"2025-01-08T20:08:29","guid":{"rendered":"https:\/\/conakrynews.org\/?p=31340"},"modified":"2025-01-08T20:08:29","modified_gmt":"2025-01-08T20:08:29","slug":"heros-du-film-lhistoire-de-souleymane-lacteur-abou-sangare-voit-son-oqtf-levee-et-obtient-un-titre-de-sejour","status":"publish","type":"post","link":"https:\/\/conakrynews.org\/index.php\/heros-du-film-lhistoire-de-souleymane-lacteur-abou-sangare-voit-son-oqtf-levee-et-obtient-un-titre-de-sejour\/","title":{"rendered":"H\u00e9ros du film L\u2019Histoire de Souleymane, l\u2019acteur Abou Sangar\u00e9 voit son OQTF lev\u00e9e et obtient un titre de s\u00e9jour"},"content":{"rendered":"<p>L\u2019acteur Abou Sangar\u00e9 a obtenu un titre de s\u00e9jour ce mercredi 8 janvier.<br \/>\nL\u2019acteur Abou Sangar\u00e9 a obtenu un titre de s\u00e9jour ce mercredi 8 janvier. VALERY HACHE \/ AFP<br \/>\nLe Guin\u00e9en de 23 ans, arriv\u00e9 \u00e0 Amiens en 2018 \u00e0 l\u2019\u00e2ge de 16 ans, a obtenu \u00abun titre de s\u00e9jour \u201csalari\u00e9\u201d\u00bb valable un an, pr\u00e9cise son avocat.<\/p>\n<p>Passer la publicit\u00e9<br \/>\nApr\u00e8s trois demandes refus\u00e9es, Abou Sangar\u00e9, jeune Guin\u00e9en vivant \u00e0 Amiens jusqu&rsquo;alors en situation irr\u00e9guli\u00e8re, et prim\u00e9 \u00e0 Cannes pour son premier r\u00f4le dans L&rsquo;Histoire de Souleymane , a obtenu mercredi un titre de s\u00e9jour en France, a-t-on appris aupr\u00e8s de son avocate et de la pr\u00e9fecture. \u00abLe pr\u00e9fet de la Somme lui a d\u00e9livr\u00e9 un titre de s\u00e9jour \u201csalari\u00e9\u201d ce matin (mercredi), valable un an\u00bb, s&rsquo;est f\u00e9licit\u00e9 son avocate Claire Perinaud, confirmant une information d&rsquo;Ici Picardie.<\/p>\n<p>Pour obtenir ce titre, le jeune homme de 23 ans a produit une promesse d&#8217;embauche comme m\u00e9canicien et a pu b\u00e9n\u00e9ficier de la \u00abcirculaire Valls de 2012, de r\u00e9gularisation par le travail\u00bb, a pr\u00e9cis\u00e9 son avocate. \u00c0 l\u2019avenir, il \u00abdemandera des renouvellements et pourra plus tard passer sur des cartes plus longues\u00bb, a-t-elle ajout\u00e9.<\/p>\n<p>La pr\u00e9fecture de la Somme a ensuite confirm\u00e9 que son dossier, d\u00e9pos\u00e9 en octobre, \u00abcomportait une promesse d&#8217;embauche pour l&rsquo;exercice du m\u00e9tier de m\u00e9canicien en contrat \u00e0 dur\u00e9e ind\u00e9termin\u00e9e\u00bb. \u00abCela va me permettre maintenant de marcher dans la rue sans avoir peur d&rsquo;\u00eatre arr\u00eat\u00e9, sans avoir peur d&rsquo;un contr\u00f4le d&rsquo;identit\u00e9, c&rsquo;est pour \u00e7a que je respire mieux\u00bb, s&rsquo;est r\u00e9joui Abou Sangar\u00e9 aupr\u00e8s d&rsquo;Ici Picardie .<\/p>\n<p>\u00abL\u2019Histoire de Souleymane m\u2019a sauv\u00e9 la vie\u00bb<br \/>\nIl a pr\u00e9sent\u00e9 ses remerciements \u00e0 l&rsquo;\u00e9quipe de L&rsquo;Histoire de Souleymane mais aussi au directeur de Picardie Poids lourds qui lui a propos\u00e9 un CDI il y a quatre ans et qui \u00abn&rsquo;a jamais l\u00e2ch\u00e9 l&rsquo;affaire\u00bb. \u00abL&rsquo;Histoire de Souleymane (&#8230;) m&rsquo;a permis d&rsquo;obtenir ce titre de s\u00e9jour. L&rsquo;Histoire de Souleymane m&rsquo;a sauv\u00e9 la vie\u00bb a-t-il ajout\u00e9, tout en assurant que \u00ab(son) r\u00eave n&rsquo;a jamais \u00e9t\u00e9 d&rsquo;\u00eatre un acteur\u00bb mais \u00abd&rsquo;\u00eatre m\u00e9canicien\u00bb.<\/p>\n<p>Pr\u00e9sent\u00e9 au festival de Cannes en mai, L\u2019Histoire de Souleymane a re\u00e7u le prix du jury et Abou Sangar\u00e9 le prix d&rsquo;interpr\u00e9tation masculine dans la section Un certain regard. Le jeune homme avait \u00e9t\u00e9 recrut\u00e9 lors d&rsquo;un casting \u00e0 Amiens pour jouer le r\u00f4le poignant d&rsquo;un Guin\u00e9en livreur \u00e0 v\u00e9lo \u00e0 Paris, qui pr\u00e9pare son entretien de demande d&rsquo;asile, dans une situation de grande pr\u00e9carit\u00e9.<\/p>\n<p>Abou Sangar\u00e9 a lui-m\u00eame \u00e9t\u00e9 confront\u00e9 \u00e0 trois refus de r\u00e9gularisation. Le 24 juillet, le tribunal administratif d&rsquo;Amiens avait valid\u00e9 l&rsquo;obligation de quitter le territoire qui lui \u00e9tait faite. Toutefois, \u00aben raison du parcours d&rsquo;int\u00e9gration de l&rsquo;int\u00e9ress\u00e9\u00bb, le pr\u00e9fet avait alors sollicit\u00e9 d\u00e9but ao\u00fbt un r\u00e9examen de sa situation.<\/p>\n<p>Par Figaro<\/p>\n","protected":false},"excerpt":{"rendered":"<p>L\u2019acteur Abou Sangar\u00e9 a obtenu un titre de s\u00e9jour ce mercredi 8 janvier. L\u2019acteur Abou Sangar\u00e9 a obtenu un titre de s\u00e9jour ce mercredi 8 janvier. VALERY HACHE \/ AFP Le Guin\u00e9en de 23 ans, arriv\u00e9 \u00e0 Amiens en 2018 \u00e0 l\u2019\u00e2ge de 16 ans, a obtenu \u00abun titre de s\u00e9jour \u201csalari\u00e9\u201d\u00bb valable un an, [&hellip;]<\/p>\n","protected":false},"author":2,"featured_media":31341,"comment_status":"closed","ping_status":"closed","sticky":false,"template":"","format":"standard","meta":{"footnotes":""},"categories":[58],"tags":[],"class_list":{"0":"post-31340","1":"post","2":"type-post","3":"status-publish","4":"format-standard","5":"has-post-thumbnail","7":"category-societe"},"_links":{"self":[{"href":"https:\/\/conakrynews.org\/index.php\/wp-json\/wp\/v2\/posts\/31340","targetHints":{"allow":["GET"]}}],"collection":[{"href":"https:\/\/conakrynews.org\/index.php\/wp-json\/wp\/v2\/posts"}],"about":[{"href":"https:\/\/conakrynews.org\/index.php\/wp-json\/wp\/v2\/types\/post"}],"author":[{"embeddable":true,"href":"https:\/\/conakrynews.org\/index.php\/wp-json\/wp\/v2\/users\/2"}],"replies":[{"embeddable":true,"href":"https:\/\/conakrynews.org\/index.php\/wp-json\/wp\/v2\/comments?post=31340"}],"version-history":[{"count":0,"href":"https:\/\/conakrynews.org\/index.php\/wp-json\/wp\/v2\/posts\/31340\/revisions"}],"wp:featuredmedia":[{"embeddable":true,"href":"https:\/\/conakrynews.org\/index.php\/wp-json\/wp\/v2\/media\/31341"}],"wp:attachment":[{"href":"https:\/\/conakrynews.org\/index.php\/wp-json\/wp\/v2\/media?parent=31340"}],"wp:term":[{"taxonomy":"category","embeddable":true,"href":"https:\/\/conakrynews.org\/index.php\/wp-json\/wp\/v2\/categories?post=31340"},{"taxonomy":"post_tag","embeddable":true,"href":"https:\/\/conakrynews.org\/index.php\/wp-json\/wp\/v2\/tags?post=31340"}],"curies":[{"name":"wp","href":"https:\/\/api.w.org\/{rel}","templated":true}]}}