{"id":31476,"date":"2025-01-17T19:01:44","date_gmt":"2025-01-17T19:01:44","guid":{"rendered":"https:\/\/conakrynews.org\/?p=31476"},"modified":"2025-01-17T19:01:44","modified_gmt":"2025-01-17T19:01:44","slug":"primature-bah-oury-recoit-les-deux-principaux-chefs-religieux-du-pays","status":"publish","type":"post","link":"https:\/\/conakrynews.org\/index.php\/primature-bah-oury-recoit-les-deux-principaux-chefs-religieux-du-pays\/","title":{"rendered":"Primature : Bah Oury re\u00e7oit les deux principaux chefs religieux du pays"},"content":{"rendered":"<p>\u00a0<\/p>\n<p>\u00a0<\/p>\n<p>Conakry, le 17 janvier 2025 \u2013 Le Premier ministre, Chef du Gouvernement, Amadou Oury BAH a re\u00e7u les deux principaux chefs religieux au Palais de la Colombe pour les remercier de leur soutien durant l\u2019ann\u00e9e 2024 et leur pr\u00e9senter ses v\u0153ux pour le Nouvel An.<\/p>\n<p>Dans sa communication, le Chef du Gouvernement a rappel\u00e9 que l\u2019ann\u00e9e derni\u00e8re, malgr\u00e9 les difficult\u00e9s li\u00e9es au manque d\u2019\u00e9lectricit\u00e9 pendant le Ramadan et le Car\u00eame chr\u00e9tien, la population a fait preuve de calme et de r\u00e9silience. \u00c0 cet effet, il a exprim\u00e9 toute sa reconnaissance pour cette attitude exemplaire et a exprim\u00e9 l\u2019espoir que ces d\u00e9fis appartiennent d\u00e9sormais au pass\u00e9.<\/p>\n<p>Primature<\/p>\n","protected":false},"excerpt":{"rendered":"<p>\u00a0 \u00a0 Conakry, le 17 janvier 2025 \u2013 Le Premier ministre, Chef du Gouvernement, Amadou Oury BAH a re\u00e7u les deux principaux chefs religieux au Palais de la Colombe pour les remercier de leur soutien durant l\u2019ann\u00e9e 2024 et leur pr\u00e9senter ses v\u0153ux pour le Nouvel An. Dans sa communication, le Chef du Gouvernement a [&hellip;]<\/p>\n","protected":false},"author":2,"featured_media":31477,"comment_status":"closed","ping_status":"closed","sticky":false,"template":"","format":"standard","meta":{"footnotes":""},"categories":[58],"tags":[],"class_list":{"0":"post-31476","1":"post","2":"type-post","3":"status-publish","4":"format-standard","5":"has-post-thumbnail","7":"category-societe"},"_links":{"self":[{"href":"https:\/\/conakrynews.org\/index.php\/wp-json\/wp\/v2\/posts\/31476","targetHints":{"allow":["GET"]}}],"collection":[{"href":"https:\/\/conakrynews.org\/index.php\/wp-json\/wp\/v2\/posts"}],"about":[{"href":"https:\/\/conakrynews.org\/index.php\/wp-json\/wp\/v2\/types\/post"}],"author":[{"embeddable":true,"href":"https:\/\/conakrynews.org\/index.php\/wp-json\/wp\/v2\/users\/2"}],"replies":[{"embeddable":true,"href":"https:\/\/conakrynews.org\/index.php\/wp-json\/wp\/v2\/comments?post=31476"}],"version-history":[{"count":0,"href":"https:\/\/conakrynews.org\/index.php\/wp-json\/wp\/v2\/posts\/31476\/revisions"}],"wp:featuredmedia":[{"embeddable":true,"href":"https:\/\/conakrynews.org\/index.php\/wp-json\/wp\/v2\/media\/31477"}],"wp:attachment":[{"href":"https:\/\/conakrynews.org\/index.php\/wp-json\/wp\/v2\/media?parent=31476"}],"wp:term":[{"taxonomy":"category","embeddable":true,"href":"https:\/\/conakrynews.org\/index.php\/wp-json\/wp\/v2\/categories?post=31476"},{"taxonomy":"post_tag","embeddable":true,"href":"https:\/\/conakrynews.org\/index.php\/wp-json\/wp\/v2\/tags?post=31476"}],"curies":[{"name":"wp","href":"https:\/\/api.w.org\/{rel}","templated":true}]}}