{"id":31515,"date":"2025-01-20T18:44:06","date_gmt":"2025-01-20T18:44:06","guid":{"rendered":"https:\/\/conakrynews.org\/?p=31515"},"modified":"2025-01-20T18:44:06","modified_gmt":"2025-01-20T18:44:06","slug":"cooperation-le-gouvernement-suisse-adopte-une-nouvelle-strategie-pour-lafrique","status":"publish","type":"post","link":"https:\/\/conakrynews.org\/index.php\/cooperation-le-gouvernement-suisse-adopte-une-nouvelle-strategie-pour-lafrique\/","title":{"rendered":"Coop\u00e9ration: Le gouvernement suisse adopte une nouvelle strat\u00e9gie pour l\u2019Afrique"},"content":{"rendered":"<p>Cette strat\u00e9gie, qui associe pour la premi\u00e8re fois l\u2019Afrique du Nord et l\u2019Afrique subsaharienne, \u00ab vise autant \u00e0 saisir les occasions qu\u2019\u00e0 relever les d\u00e9fis \u00bb.<\/p>\n<p>Le gouvernement suisse a adopt\u00e9 sa nouvelle strat\u00e9gie pour l\u2019ensemble de l\u2019Afrique, comprenant quatre priorit\u00e9s d\u00e9finies en objectifs et en mesures que la Conf\u00e9d\u00e9ration entend mettre en \u0153uvre pour la p\u00e9riode 2025-2028.<br \/>\nC\u2019est la premi\u00e8re strat\u00e9gie adopt\u00e9e pour l\u2019ensemble du continent. Auparavant, deux strat\u00e9gies distinctes g\u00e9raient les relations avec les pays de l\u2019Afrique du Nord d\u2019un c\u00f4t\u00e9 et ceux de l\u2019Afrique subsaharienne de l\u2019autre. Selon le gouvernement, il est \u00ab pertinent \u00bb d\u2019accorder une plus grande importance aux liens entre les deux r\u00e9gions.<\/p>\n<p>Les quatre priorit\u00e9s qui constituent la strat\u00e9gie suisse sont la paix et la s\u00e9curit\u00e9, la prosp\u00e9rit\u00e9 et la comp\u00e9titivit\u00e9, l\u2019environnement, la d\u00e9mocratie et la gouvernance. Elle vise \u00e0 renforcer les relations de coop\u00e9ration avec les \u00c9tats africains sur la base d\u2019un \u00ab partenariat \u00bb.<\/p>\n<p>Concernant la premi\u00e8re priorit\u00e9, le gouvernement estime que la migration joue un r\u00f4le d\u00e9terminant dans la strat\u00e9gie pour le continent. La Suisse et ses partenaires europ\u00e9ens \u00ab doivent mettre au point des strat\u00e9gies pour g\u00e9rer cette instabilit\u00e9 \u00bb sur le plan humanitaire, mais aussi pour agir \u00e0 titre pr\u00e9ventif.<\/p>\n<p>Quant \u00e0 la deuxi\u00e8me, la Suisse affirme que certaines \u00e9conomies africaines, port\u00e9es par une classe moyenne en pleine expansion et une population jeune et active, affichent une forte dynamique de croissance qui ouvre de nouveaux march\u00e9s aux entreprises suisses.<\/p>\n<p>\u00c0 propos de l\u2019environnement, la strat\u00e9gie pr\u00e9conise une \u00e9troite coop\u00e9ration internationale avec l\u2019Afrique sur le changement climatique. La quatri\u00e8me priorit\u00e9 consiste en un soutien suisse aux valeurs, aux processus et aux institutions d\u00e9mocratiques en Afrique.<\/p>\n<p>Cette strat\u00e9gie privil\u00e9gie l\u2019anticipation syst\u00e9matique et l\u2019utilisation flexible des outils de la politique ext\u00e9rieure. Le gouvernement suisse a not\u00e9 qu\u2019en mettant en \u0153uvre la strat\u00e9gie pr\u00e9c\u00e9dente pour l\u2019Afrique subsaharienne, il \u00e9tait \u00e9vident que la nouvelle strat\u00e9gie devait mieux tenir compte de la \u00ab volatilit\u00e9 \u00bb dans cette r\u00e9gion.<\/p>\n<p>Avec dpa-news<\/p>\n","protected":false},"excerpt":{"rendered":"<p>Cette strat\u00e9gie, qui associe pour la premi\u00e8re fois l\u2019Afrique du Nord et l\u2019Afrique subsaharienne, \u00ab vise autant \u00e0 saisir les occasions qu\u2019\u00e0 relever les d\u00e9fis \u00bb. Le gouvernement suisse a adopt\u00e9 sa nouvelle strat\u00e9gie pour l\u2019ensemble de l\u2019Afrique, comprenant quatre priorit\u00e9s d\u00e9finies en objectifs et en mesures que la Conf\u00e9d\u00e9ration entend mettre en \u0153uvre pour [&hellip;]<\/p>\n","protected":false},"author":2,"featured_media":31516,"comment_status":"closed","ping_status":"closed","sticky":false,"template":"","format":"standard","meta":{"footnotes":""},"categories":[57],"tags":[],"class_list":{"0":"post-31515","1":"post","2":"type-post","3":"status-publish","4":"format-standard","5":"has-post-thumbnail","7":"category-politique"},"_links":{"self":[{"href":"https:\/\/conakrynews.org\/index.php\/wp-json\/wp\/v2\/posts\/31515","targetHints":{"allow":["GET"]}}],"collection":[{"href":"https:\/\/conakrynews.org\/index.php\/wp-json\/wp\/v2\/posts"}],"about":[{"href":"https:\/\/conakrynews.org\/index.php\/wp-json\/wp\/v2\/types\/post"}],"author":[{"embeddable":true,"href":"https:\/\/conakrynews.org\/index.php\/wp-json\/wp\/v2\/users\/2"}],"replies":[{"embeddable":true,"href":"https:\/\/conakrynews.org\/index.php\/wp-json\/wp\/v2\/comments?post=31515"}],"version-history":[{"count":0,"href":"https:\/\/conakrynews.org\/index.php\/wp-json\/wp\/v2\/posts\/31515\/revisions"}],"wp:featuredmedia":[{"embeddable":true,"href":"https:\/\/conakrynews.org\/index.php\/wp-json\/wp\/v2\/media\/31516"}],"wp:attachment":[{"href":"https:\/\/conakrynews.org\/index.php\/wp-json\/wp\/v2\/media?parent=31515"}],"wp:term":[{"taxonomy":"category","embeddable":true,"href":"https:\/\/conakrynews.org\/index.php\/wp-json\/wp\/v2\/categories?post=31515"},{"taxonomy":"post_tag","embeddable":true,"href":"https:\/\/conakrynews.org\/index.php\/wp-json\/wp\/v2\/tags?post=31515"}],"curies":[{"name":"wp","href":"https:\/\/api.w.org\/{rel}","templated":true}]}}