{"id":31521,"date":"2025-01-20T18:50:36","date_gmt":"2025-01-20T18:50:36","guid":{"rendered":"https:\/\/conakrynews.org\/?p=31521"},"modified":"2025-01-20T18:50:36","modified_gmt":"2025-01-20T18:50:36","slug":"guinee-inauguration-de-lagence-des-depots-du-tresor-de-mamou","status":"publish","type":"post","link":"https:\/\/conakrynews.org\/index.php\/guinee-inauguration-de-lagence-des-depots-du-tresor-de-mamou\/","title":{"rendered":"Guin\u00e9e: inauguration de l\u2019Agence des D\u00e9p\u00f4ts du Tr\u00e9sor de Mamou"},"content":{"rendered":"<p>Le Premier ministre, Chef du Gouvernement, accompagn\u00e9 d\u2019une importante d\u00e9l\u00e9gation gouvernementale, a proc\u00e9d\u00e9 \u00e0 l\u2019ouverture de l\u2019Agence des D\u00e9p\u00f4ts du Tr\u00e9sor, install\u00e9e dans le bloc administratif du Gouvernorat.<br \/>\nCette ouverture s\u2019inscrit dans une double ambition : (1) poursuivre l\u2019\u00e9largissement du p\u00e9rim\u00e8tre du Compte Unique du Tr\u00e9sor (CUT) et (2) assurer le d\u00e9ploiement des activit\u00e9s de l\u2019Agence des D\u00e9p\u00f4ts du Tresor en province pour rapprocher les usagers des services publics.<br \/>\nDans son discours, le Chef du Gouvernement a rappel\u00e9 que la souverainet\u00e9 d\u2019un pays repose sur sa capacit\u00e9 \u00e0 mobiliser ses ressources int\u00e9rieures. Cette mobilisation, a-t-il pr\u00e9cis\u00e9, passe in\u00e9vitablement par des syst\u00e8mes de collecte solides et efficaces, incarn\u00e9s par les structures du Tr\u00e9sor public : \u00ab Nous devons faire du Tr\u00e9sor l\u2019\u00e9l\u00e9ment essentiel de la gestion financi\u00e8re de l\u2019\u00c9tat. \u00bb<br \/>\nIl a aussi not\u00e9 que l\u2019\u00e9conomie qui sera g\u00e9n\u00e9r\u00e9e dans le cadre du programme SIMANDOU 2040 repr\u00e9sente une opportunit\u00e9 historique pour la Guin\u00e9e. Toutefois, pour exploiter pleinement ce potentiel, il est indispensable de poser d\u00e8s maintenant, les bases d\u2019une gestion rigoureuse, efficace et transparente des ressources financi\u00e8res.<br \/>\nAvec CCG<\/p>\n","protected":false},"excerpt":{"rendered":"<p>Le Premier ministre, Chef du Gouvernement, accompagn\u00e9 d\u2019une importante d\u00e9l\u00e9gation gouvernementale, a proc\u00e9d\u00e9 \u00e0 l\u2019ouverture de l\u2019Agence des D\u00e9p\u00f4ts du Tr\u00e9sor, install\u00e9e dans le bloc administratif du Gouvernorat. Cette ouverture s\u2019inscrit dans une double ambition : (1) poursuivre l\u2019\u00e9largissement du p\u00e9rim\u00e8tre du Compte Unique du Tr\u00e9sor (CUT) et (2) assurer le d\u00e9ploiement des activit\u00e9s de [&hellip;]<\/p>\n","protected":false},"author":2,"featured_media":31522,"comment_status":"closed","ping_status":"closed","sticky":false,"template":"","format":"standard","meta":{"footnotes":""},"categories":[66],"tags":[],"class_list":{"0":"post-31521","1":"post","2":"type-post","3":"status-publish","4":"format-standard","5":"has-post-thumbnail","7":"category-economie"},"_links":{"self":[{"href":"https:\/\/conakrynews.org\/index.php\/wp-json\/wp\/v2\/posts\/31521","targetHints":{"allow":["GET"]}}],"collection":[{"href":"https:\/\/conakrynews.org\/index.php\/wp-json\/wp\/v2\/posts"}],"about":[{"href":"https:\/\/conakrynews.org\/index.php\/wp-json\/wp\/v2\/types\/post"}],"author":[{"embeddable":true,"href":"https:\/\/conakrynews.org\/index.php\/wp-json\/wp\/v2\/users\/2"}],"replies":[{"embeddable":true,"href":"https:\/\/conakrynews.org\/index.php\/wp-json\/wp\/v2\/comments?post=31521"}],"version-history":[{"count":0,"href":"https:\/\/conakrynews.org\/index.php\/wp-json\/wp\/v2\/posts\/31521\/revisions"}],"wp:featuredmedia":[{"embeddable":true,"href":"https:\/\/conakrynews.org\/index.php\/wp-json\/wp\/v2\/media\/31522"}],"wp:attachment":[{"href":"https:\/\/conakrynews.org\/index.php\/wp-json\/wp\/v2\/media?parent=31521"}],"wp:term":[{"taxonomy":"category","embeddable":true,"href":"https:\/\/conakrynews.org\/index.php\/wp-json\/wp\/v2\/categories?post=31521"},{"taxonomy":"post_tag","embeddable":true,"href":"https:\/\/conakrynews.org\/index.php\/wp-json\/wp\/v2\/tags?post=31521"}],"curies":[{"name":"wp","href":"https:\/\/api.w.org\/{rel}","templated":true}]}}