{"id":31554,"date":"2025-01-22T19:05:46","date_gmt":"2025-01-22T19:05:46","guid":{"rendered":"https:\/\/conakrynews.org\/?p=31554"},"modified":"2025-01-22T19:05:46","modified_gmt":"2025-01-22T19:05:46","slug":"renforcement-des-relations-bilaterales-le-premier-ministre-recoit-le-prince-giovanni-luca-de-sabourg","status":"publish","type":"post","link":"https:\/\/conakrynews.org\/index.php\/renforcement-des-relations-bilaterales-le-premier-ministre-recoit-le-prince-giovanni-luca-de-sabourg\/","title":{"rendered":"Renforcement des relations bilaterales: le premier ministre re\u00e7oit le prince Giovanni Luca De Sabourg"},"content":{"rendered":"<p>Le Premier ministre, Chef du Gouvernement, Amadou Oury BAH a re\u00e7u Son Altesse le Prince Abb\u00e9 Giovanni Luca de la principaut\u00e9 de Sabourg au Palais de la Colombe.<br \/>\nCette visite du Prince Giovanni Luca, bien que symbolique, visait \u00e0 renforcer les liens diplomatiques et culturels entre les deux nations.<br \/>\nLes discussions ont port\u00e9 sur des projets de collaboration dans des domaines tels que l\u2019\u00e9nergie, le d\u00e9veloppement durable et la pr\u00e9servation du patrimoine.<br \/>\nLe Premier ministre a exprim\u00e9 sa gratitude pour cette visite et a charg\u00e9 les membres de son cabinet d\u2019introduire le Prince aupr\u00e8s de minist\u00e8res susceptibles de s\u2019int\u00e9resser \u00e0 ces initiatives.<br \/>\nLors de cette rencontre, le Chef du Gouvernement a \u00e9galement \u00e9t\u00e9 d\u00e9cor\u00e9 par le Prince en qualit\u00e9 de Grand officier de l\u2019ordre de la couronne de la Principaut\u00e9 du Sabourg ainsi que le Ministre Directeur Cabinet \u00e0 la Primature comme Chevalier de l\u2019ordre de la Couronne de la Principaut\u00e9.<br \/>\nPour rappel, la principaut\u00e9 de Sabourg, bien que peu connue, est un micro-\u00c9tat situ\u00e9 \u00e0 la fronti\u00e8re entre l\u2019Italie et la France.<br \/>\nAvec CCG<\/p>\n","protected":false},"excerpt":{"rendered":"<p>Le Premier ministre, Chef du Gouvernement, Amadou Oury BAH a re\u00e7u Son Altesse le Prince Abb\u00e9 Giovanni Luca de la principaut\u00e9 de Sabourg au Palais de la Colombe. Cette visite du Prince Giovanni Luca, bien que symbolique, visait \u00e0 renforcer les liens diplomatiques et culturels entre les deux nations. Les discussions ont port\u00e9 sur des [&hellip;]<\/p>\n","protected":false},"author":2,"featured_media":31555,"comment_status":"closed","ping_status":"closed","sticky":false,"template":"","format":"standard","meta":{"footnotes":""},"categories":[57],"tags":[],"class_list":{"0":"post-31554","1":"post","2":"type-post","3":"status-publish","4":"format-standard","5":"has-post-thumbnail","7":"category-politique"},"_links":{"self":[{"href":"https:\/\/conakrynews.org\/index.php\/wp-json\/wp\/v2\/posts\/31554","targetHints":{"allow":["GET"]}}],"collection":[{"href":"https:\/\/conakrynews.org\/index.php\/wp-json\/wp\/v2\/posts"}],"about":[{"href":"https:\/\/conakrynews.org\/index.php\/wp-json\/wp\/v2\/types\/post"}],"author":[{"embeddable":true,"href":"https:\/\/conakrynews.org\/index.php\/wp-json\/wp\/v2\/users\/2"}],"replies":[{"embeddable":true,"href":"https:\/\/conakrynews.org\/index.php\/wp-json\/wp\/v2\/comments?post=31554"}],"version-history":[{"count":0,"href":"https:\/\/conakrynews.org\/index.php\/wp-json\/wp\/v2\/posts\/31554\/revisions"}],"wp:featuredmedia":[{"embeddable":true,"href":"https:\/\/conakrynews.org\/index.php\/wp-json\/wp\/v2\/media\/31555"}],"wp:attachment":[{"href":"https:\/\/conakrynews.org\/index.php\/wp-json\/wp\/v2\/media?parent=31554"}],"wp:term":[{"taxonomy":"category","embeddable":true,"href":"https:\/\/conakrynews.org\/index.php\/wp-json\/wp\/v2\/categories?post=31554"},{"taxonomy":"post_tag","embeddable":true,"href":"https:\/\/conakrynews.org\/index.php\/wp-json\/wp\/v2\/tags?post=31554"}],"curies":[{"name":"wp","href":"https:\/\/api.w.org\/{rel}","templated":true}]}}