{"id":31616,"date":"2025-01-24T18:30:11","date_gmt":"2025-01-24T18:30:11","guid":{"rendered":"https:\/\/conakrynews.org\/?p=31616"},"modified":"2025-01-24T18:30:11","modified_gmt":"2025-01-24T18:30:11","slug":"actu-cnss-renforcement-des-capacites-plusieurs-cadres-de-la-cnss-a-linternational","status":"publish","type":"post","link":"https:\/\/conakrynews.org\/index.php\/actu-cnss-renforcement-des-capacites-plusieurs-cadres-de-la-cnss-a-linternational\/","title":{"rendered":"Actu CNSS \/ renforcement des capacit\u00e9s: plusieurs cadres de la CNSS \u00e0 l\u2019international"},"content":{"rendered":"<p>\u00a0<\/p>\n<p>\u00a0<\/p>\n<p>Dans le cadre de sa politique de renforcement des comp\u00e9tences et en coh\u00e9rence avec la vision de transformation institutionnelle port\u00e9e par la Direction G\u00e9n\u00e9rale de la Caisse Nationale de S\u00e9curit\u00e9 Sociale (CNSS), plusieurs cadres ont \u00e9t\u00e9 envoy\u00e9s en formation \u00e0 l\u2019Institut des M\u00e9tiers de la S\u00e9curit\u00e9 Sociale (IM2S) d\u2019Abidjan, en C\u00f4te d\u2019Ivoire.\u00a0\u00a0<\/p>\n<p>Cette ann\u00e9e, neuf cadres ont \u00e9t\u00e9 s\u00e9lectionn\u00e9s \u00e0 l\u2019issue du concours d\u2019acc\u00e8s \u00e0 cette prestigieuse \u00e9cole d\u00e9di\u00e9e aux m\u00e9tiers de la s\u00e9curit\u00e9 sociale. Ils se r\u00e9partissent comme suit :\u00a0\u00a0<\/p>\n<p>5 cadres pour les cycles de techniciens,\u00a0\u00a0<\/p>\n<p>4 cadres pour le cycle des cadres moyens.\u00a0\u00a0<\/p>\n<p>D\u2019une dur\u00e9e d\u2019un an, cette formation permettra \u00e0 ces cadres de renforcer leurs comp\u00e9tences techniques et strat\u00e9giques, indispensables pour relever les d\u00e9fis li\u00e9s \u00e0 l\u2019am\u00e9lioration continue des prestations et des services offerts aux assur\u00e9s et partenaires sociaux.\u00a0\u00a0<\/p>\n<p>Il convient de rappeler que depuis l\u2019arriv\u00e9e de M. Bakary SYLLA \u00e0 la t\u00eate de la CNSS en d\u00e9cembre 2021, un total de 45 cadres ont b\u00e9n\u00e9fici\u00e9 de bourses de formation \u00e0 l\u2019international, sans compter les nombreux autres qui ont suivi des formations sur place.\u00a0\u00a0<\/p>\n<p>Investir dans la formation, un pilier essentiel de la transformation institutionnelle en cours \u00e0 la CNSS.<\/p>\n<p>\ud835\udc6a\ud835\udc8d\ud835\udc8a\ud835\udc92\ud835\udc96\ud835\udc86\ud835\udc9b \ud835\udc94\ud835\udc96\ud835\udc93 \ud835\udc8d\ud835\udc86 \ud835\udc8d\ud835\udc8a\ud835\udc86\ud835\udc8f \ud835\udc84\ud835\udc8a-\ud835\udc85\ud835\udc86\ud835\udc94\ud835\udc94\ud835\udc90\ud835\udc96\ud835\udc94 \ud835\udc91\ud835\udc90\ud835\udc96\ud835\udc93 \ud835\udc86\ud835\udc8f \ud835\udc94\ud835\udc82\ud835\udc97\ud835\udc90\ud835\udc8a\ud835\udc93 \ud835\udc85\ud835\udc82\ud835\udc97\ud835\udc82\ud835\udc8f\ud835\udc95\ud835\udc82\ud835\udc88\ud835\udc86\u00a0<\/p>\n<blockquote class=\"wp-embedded-content\" data-secret=\"LC6g3f8M4t\"><p><a href=\"https:\/\/cnss.gov.gn\/renforcement-des-capacites-plusieurs-cadres-de-la-cnss-en-formation-a-linternational\/\">Renforcement des capacit\u00e9s : plusieurs cadres de la CNSS en formation \u00e0 l\u2019international<\/a><\/p><\/blockquote>\n<p><iframe loading=\"lazy\" class=\"wp-embedded-content\" sandbox=\"allow-scripts\" security=\"restricted\" style=\"position: absolute; visibility: hidden;\" title=\"\u00ab\u00a0Renforcement des capacit\u00e9s : plusieurs cadres de la CNSS en formation \u00e0 l\u2019international\u00a0\u00bb &#8212; CNSS\" src=\"https:\/\/cnss.gov.gn\/renforcement-des-capacites-plusieurs-cadres-de-la-cnss-en-formation-a-linternational\/embed\/#?secret=rJ0DxituRW#?secret=LC6g3f8M4t\" data-secret=\"LC6g3f8M4t\" width=\"600\" height=\"338\" frameborder=\"0\" marginwidth=\"0\" marginheight=\"0\" scrolling=\"no\"><\/iframe><\/p>\n<p>\u00a0\ud835\udc7a\ud835\udc96\ud835\udc8a\ud835\udc97\ud835\udc86\ud835\udc9b-\ud835\udc8f\ud835\udc90\ud835\udc96\ud835\udc94 \ud835\udc94\ud835\udc96\ud835\udc93 \ud835\udc8f\ud835\udc90\ud835\udc95\ud835\udc93\ud835\udc86 \ud835\udc84\ud835\udc89\ud835\udc82\ud835\udc8a\u0302\ud835\udc8f\ud835\udc86 \ud835\udc7e\ud835\udc89\ud835\udc82\ud835\udc95\ud835\udc94\ud835\udc68\ud835\udc91\ud835\udc91 : https:\/\/whatsapp.com\/channel\/0029VacQbgXEgGfPAEY0Sq1R<\/p>\n<p>\u00a0https:\/\/ecnss.gov.gn\/<\/p>\n<p>La CNSS, l\u2019assurance d\u2019une vie bien prot\u00e9g\u00e9e !<\/p>\n<p>La Direction de la Communication et des Relations Publiques.<\/p>\n","protected":false},"excerpt":{"rendered":"<p>\u00a0 \u00a0 Dans le cadre de sa politique de renforcement des comp\u00e9tences et en coh\u00e9rence avec la vision de transformation institutionnelle port\u00e9e par la Direction G\u00e9n\u00e9rale de la Caisse Nationale de S\u00e9curit\u00e9 Sociale (CNSS), plusieurs cadres ont \u00e9t\u00e9 envoy\u00e9s en formation \u00e0 l\u2019Institut des M\u00e9tiers de la S\u00e9curit\u00e9 Sociale (IM2S) d\u2019Abidjan, en C\u00f4te d\u2019Ivoire.\u00a0\u00a0 Cette [&hellip;]<\/p>\n","protected":false},"author":2,"featured_media":31617,"comment_status":"closed","ping_status":"closed","sticky":false,"template":"","format":"standard","meta":{"footnotes":""},"categories":[58],"tags":[],"class_list":{"0":"post-31616","1":"post","2":"type-post","3":"status-publish","4":"format-standard","5":"has-post-thumbnail","7":"category-societe"},"_links":{"self":[{"href":"https:\/\/conakrynews.org\/index.php\/wp-json\/wp\/v2\/posts\/31616","targetHints":{"allow":["GET"]}}],"collection":[{"href":"https:\/\/conakrynews.org\/index.php\/wp-json\/wp\/v2\/posts"}],"about":[{"href":"https:\/\/conakrynews.org\/index.php\/wp-json\/wp\/v2\/types\/post"}],"author":[{"embeddable":true,"href":"https:\/\/conakrynews.org\/index.php\/wp-json\/wp\/v2\/users\/2"}],"replies":[{"embeddable":true,"href":"https:\/\/conakrynews.org\/index.php\/wp-json\/wp\/v2\/comments?post=31616"}],"version-history":[{"count":0,"href":"https:\/\/conakrynews.org\/index.php\/wp-json\/wp\/v2\/posts\/31616\/revisions"}],"wp:featuredmedia":[{"embeddable":true,"href":"https:\/\/conakrynews.org\/index.php\/wp-json\/wp\/v2\/media\/31617"}],"wp:attachment":[{"href":"https:\/\/conakrynews.org\/index.php\/wp-json\/wp\/v2\/media?parent=31616"}],"wp:term":[{"taxonomy":"category","embeddable":true,"href":"https:\/\/conakrynews.org\/index.php\/wp-json\/wp\/v2\/categories?post=31616"},{"taxonomy":"post_tag","embeddable":true,"href":"https:\/\/conakrynews.org\/index.php\/wp-json\/wp\/v2\/tags?post=31616"}],"curies":[{"name":"wp","href":"https:\/\/api.w.org\/{rel}","templated":true}]}}