{"id":31626,"date":"2025-01-26T11:33:17","date_gmt":"2025-01-26T11:33:17","guid":{"rendered":"https:\/\/conakrynews.org\/?p=31626"},"modified":"2025-01-26T11:40:58","modified_gmt":"2025-01-26T11:40:58","slug":"31626","status":"publish","type":"post","link":"https:\/\/conakrynews.org\/index.php\/31626\/","title":{"rendered":"Palais Mohammed V : le corps diplomatique et les repr\u00e9sentants des organisations internationales pr\u00e9sentent leurs v\u0153ux au Chef de l\u2019\u00c9tat"},"content":{"rendered":"<p><\/span><\/h1>\n<div class=\"post-meta-wrap clearfix\">\n<div class=\"term-badges \"><\/div>\n<div class=\"post-meta single-post-meta\"><\/div>\n<\/div>\n<div class=\"single-featured\"><a class=\"post-thumbnail open-lightbox\" href=\"https:\/\/www.lerenifleur224.com\/wp-content\/uploads\/2025\/01\/20250126_000336.jpg\"><img loading=\"lazy\" decoding=\"async\" class=\"b-loaded\" src=\"https:\/\/www.lerenifleur224.com\/wp-content\/uploads\/2025\/01\/20250126_000336.jpg\" alt=\"\" width=\"1280\" height=\"719\" \/><\/a><\/div>\n<\/div>\n<div class=\"entry-content clearfix single-post-content\">\n<p><strong>Les chefs des missions diplomatiques et consulaires, et les repr\u00e9sentants des organisations internationales ont officiellement pr\u00e9sent\u00e9 ce vendredi 24 janvier 2025, leurs v\u0153ux de nouvel An, au Chef de l\u2019\u00c9tat, S.E le G\u00e9n\u00e9ral Mamadi DOUMBOUYA. Cette c\u00e9r\u00e9monie empreinte de solennit\u00e9 s\u2019est tenue en pr\u00e9sence du Ministre Secr\u00e9taire G\u00e9n\u00e9ral de la Pr\u00e9sidence, le G\u00e9n\u00e9ral Amara CAMARA, du Ministre Directeur de Cabinet de la Pr\u00e9sidence, Monsieur Djiba Diakit\u00e9, du Ministre des Affaires \u00c9trang\u00e8res, de l\u2019Int\u00e9gration Africaine et des Guin\u00e9ens \u00e9tablis \u00e0 l\u2019\u00c9tranger, Dr. Morissanda KOUYATE et des conseillers \u00e0 la pr\u00e9sidence.<\/strong><\/p>\n<p><img loading=\"lazy\" decoding=\"async\" class=\"alignnone size-full wp-image-31803 b-loaded\" src=\"https:\/\/www.lerenifleur224.com\/wp-content\/uploads\/2025\/01\/FB_IMG_1737849329423.jpg\" alt=\"\" width=\"1080\" height=\"720\" \/><\/p>\n<p><img loading=\"lazy\" decoding=\"async\" class=\"alignnone size-full wp-image-31804 b-loaded\" src=\"https:\/\/www.lerenifleur224.com\/wp-content\/uploads\/2025\/01\/FB_IMG_1737849301257.jpg\" alt=\"\" width=\"1080\" height=\"720\" \/><\/p>\n<p>&nbsp;<\/p>\n<p>Le chef de la diplomatie guin\u00e9enne introduisant les chefs des missions diplomatiques et consulaires a rappel\u00e9 en substance et avec force l\u2019ancrage historique de la Guin\u00e9e et son attachement \u00e0 la libert\u00e9, \u00e0 la souverainet\u00e9 que le G\u00e9n\u00e9ral Mamadi DOUMBOUYA incarne aujourd\u2019hui \u00e0 la face du monde. Rappelant le caract\u00e8re fondamental que la Guin\u00e9e attache \u00e0 son auto-determination, \u00e0 la coop\u00e9ration mutuellement b\u00e9n\u00e9fique dans un esprit de respect mutuel et de non-ing\u00e9rence.<\/p>\n<p>&nbsp;<\/p>\n<p><img loading=\"lazy\" decoding=\"async\" class=\"alignnone size-full wp-image-31805 b-loaded\" src=\"https:\/\/www.lerenifleur224.com\/wp-content\/uploads\/2025\/01\/FB_IMG_1737849288069.jpg\" alt=\"\" width=\"1080\" height=\"1619\" \/><\/p>\n<p>&nbsp;<\/p>\n<p>Les chefs des missions diplomatiques et consulaires ont ensuite par la voix de l\u2019ambassadeur de l\u2019\u00c9tat de m Palestine en Guin\u00e9e, Dr. Thaer Abubaker, doyen des diplomates, adress\u00e9 les meilleurs v\u0153ux au Pr\u00e9sident de la R\u00e9publique et au peuple souverain de Guin\u00e9e. Saluant une avanc\u00e9e diplomatique remarquable enregistr\u00e9e par la Guin\u00e9e en 2024, sous le leadership \u00e9clair\u00e9 du G\u00e9n\u00e9ral Mamadi DOUMBOUYA, ainsi qu\u2019un renforcement du partenariat strat\u00e9gique avec les Institutions internationales et les partenaires au d\u00e9veloppement.<\/p>\n<p>&nbsp;<\/p>\n<p><img loading=\"lazy\" decoding=\"async\" class=\"alignnone size-full wp-image-31806 b-loaded\" src=\"https:\/\/www.lerenifleur224.com\/wp-content\/uploads\/2025\/01\/FB_IMG_1737849273941.jpg\" alt=\"\" width=\"1080\" height=\"720\" \/><\/p>\n<p>&nbsp;<\/p>\n<div class=\"bs-irp center bs-irp-text-2-full\">\n<div class=\"bs-irp-heading\"><\/div>\n<div class=\"bs-pagination-wrapper main-term-none none \">\n<div class=\"listing listing-text listing-text-2 clearfix columns-2\">\n<div class=\"post-31778 type-post format-standard has-post-thumbnail   listing-item listing-item-text listing-item-text-2 main-term-28\">\n<div class=\"item-inner\">\n<p class=\"title\">\n<div class=\"post-meta\"><\/div>\n<\/div>\n<\/div>\n<\/div>\n<\/div>\n<\/div>\n<p>Se f\u00e9licitant des avanc\u00e9es en terme de gouvernance et d\u2019am\u00e9lioration des indicateurs socio-\u00e9conomiques et politique, Il a r\u00e9affirm\u00e9 au nom du corps diplomatique la n\u00e9cessit\u00e9 d\u2019accompagner la Guin\u00e9e sans ing\u00e9rence aucune. Le diplomate Palestien a cl\u00f4tur\u00e9 son discours en souhaitant au Chef de l\u2019\u00c9tat, une ann\u00e9e 2025 de Bonheur, de Sant\u00e9 et de R\u00e9ussite et \u00e9galement de Paix, Stabilit\u00e9 et Prosp\u00e9rit\u00e9 au Peuple souverain de Guin\u00e9e, en offrant au nom des chefs des missions diplomatiques un pr\u00e9sent symbolique au Chef de l\u2019\u00c9tat.<\/p>\n<p>&nbsp;<\/p>\n<p><img loading=\"lazy\" decoding=\"async\" class=\"alignnone size-full wp-image-31807 b-loaded\" src=\"https:\/\/www.lerenifleur224.com\/wp-content\/uploads\/2025\/01\/FB_IMG_1737849305566.jpg\" alt=\"\" width=\"1080\" height=\"720\" \/><\/p>\n<p>&nbsp;<\/p>\n<p>Le Ministre Secr\u00e9taire G\u00e9n\u00e9ral de la Pr\u00e9sidence, le G\u00e9n\u00e9ral Amara CAMARA a, en retour et au nom du Pr\u00e9sident de la R\u00e9publique, S.E le G\u00e9n\u00e9ral Mamadi DOUMBOUYA, exprim\u00e9 au chefs des missions diplomatiques et consulaires, les v\u0153ux les plus sinc\u00e8res de Sant\u00e9, de prosp\u00e9rit\u00e9 et de succ\u00e8s. Il a soulign\u00e9 que la Guin\u00e9e riche de ses ressources est d\u00e9termin\u00e9e \u00e0 renforcer ses liens avec ses partenaires dans un esprit de coop\u00e9ration et de respect mutuel; \u00e0 transformer notre \u00e9conomie et impulser un d\u00e9veloppement durable et responsable pour les quinze (15) prochaines ann\u00e9es \u00e0 travers le programme hautement strat\u00e9gique Simandou 2040. Le Ministre porte-parole de la pr\u00e9sidence a rappel\u00e9 que l\u2019ann\u00e9e 2025 sera une ann\u00e9e d\u2019\u00e9lections. Invitant les corps diplomatiques et les organisations internationales \u00e0 soutenir ce processus qui se veut transparent et inclusif.<\/p>\n<p>&nbsp;<\/p>\n<p><img loading=\"lazy\" decoding=\"async\" class=\"alignnone size-full wp-image-31809 b-loaded\" src=\"https:\/\/www.lerenifleur224.com\/wp-content\/uploads\/2025\/01\/FB_IMG_1737849261851.jpg\" alt=\"\" width=\"1080\" height=\"720\" \/><\/p>\n<p><img loading=\"lazy\" decoding=\"async\" class=\"alignnone size-full wp-image-31808 b-loaded\" src=\"https:\/\/www.lerenifleur224.com\/wp-content\/uploads\/2025\/01\/FB_IMG_1737849278928.jpg\" alt=\"\" width=\"1080\" height=\"720\" \/><\/p>\n<p>Enfin, le G\u00e9n\u00e9ral Amara CAMARA a rappel\u00e9 qu\u2019ensemble les Guin\u00e9ens peuvent construire un avenir radieux tout en renfor\u00e7ant ses relations internationales. Le G\u00e9n\u00e9ral Amara CAMARA, a, au nom du chef de l\u2019\u00c9tat remerci\u00e9 le corps diplomatique et les repr\u00e9sentants des organisations internationales pour leurs engagements continuent et leurs soutiens ind\u00e9fectibles.<\/p>\n<p>&nbsp;<\/p>\n<p>&nbsp;<\/p>\n<p>&nbsp;<\/p>\n<p><strong>DCI-PRG<\/strong><\/p>\n<\/div>\n","protected":false},"excerpt":{"rendered":"<p>Les chefs des missions diplomatiques et consulaires, et les repr\u00e9sentants des organisations internationales ont officiellement pr\u00e9sent\u00e9 ce vendredi 24 janvier 2025, leurs v\u0153ux de nouvel An, au Chef de l\u2019\u00c9tat, S.E le G\u00e9n\u00e9ral Mamadi DOUMBOUYA. Cette c\u00e9r\u00e9monie empreinte de solennit\u00e9 s\u2019est tenue en pr\u00e9sence du Ministre Secr\u00e9taire G\u00e9n\u00e9ral de la Pr\u00e9sidence, le G\u00e9n\u00e9ral Amara CAMARA, [&hellip;]<\/p>\n","protected":false},"author":2,"featured_media":31630,"comment_status":"closed","ping_status":"closed","sticky":false,"template":"","format":"standard","meta":{"footnotes":""},"categories":[57],"tags":[],"class_list":{"0":"post-31626","1":"post","2":"type-post","3":"status-publish","4":"format-standard","5":"has-post-thumbnail","7":"category-politique"},"_links":{"self":[{"href":"https:\/\/conakrynews.org\/index.php\/wp-json\/wp\/v2\/posts\/31626","targetHints":{"allow":["GET"]}}],"collection":[{"href":"https:\/\/conakrynews.org\/index.php\/wp-json\/wp\/v2\/posts"}],"about":[{"href":"https:\/\/conakrynews.org\/index.php\/wp-json\/wp\/v2\/types\/post"}],"author":[{"embeddable":true,"href":"https:\/\/conakrynews.org\/index.php\/wp-json\/wp\/v2\/users\/2"}],"replies":[{"embeddable":true,"href":"https:\/\/conakrynews.org\/index.php\/wp-json\/wp\/v2\/comments?post=31626"}],"version-history":[{"count":0,"href":"https:\/\/conakrynews.org\/index.php\/wp-json\/wp\/v2\/posts\/31626\/revisions"}],"wp:featuredmedia":[{"embeddable":true,"href":"https:\/\/conakrynews.org\/index.php\/wp-json\/wp\/v2\/media\/31630"}],"wp:attachment":[{"href":"https:\/\/conakrynews.org\/index.php\/wp-json\/wp\/v2\/media?parent=31626"}],"wp:term":[{"taxonomy":"category","embeddable":true,"href":"https:\/\/conakrynews.org\/index.php\/wp-json\/wp\/v2\/categories?post=31626"},{"taxonomy":"post_tag","embeddable":true,"href":"https:\/\/conakrynews.org\/index.php\/wp-json\/wp\/v2\/tags?post=31626"}],"curies":[{"name":"wp","href":"https:\/\/api.w.org\/{rel}","templated":true}]}}