{"id":31633,"date":"2025-01-27T10:43:50","date_gmt":"2025-01-27T10:43:50","guid":{"rendered":"https:\/\/conakrynews.org\/?p=31633"},"modified":"2025-01-27T10:43:50","modified_gmt":"2025-01-27T10:43:50","slug":"trump-suspend-les-sanctions-douanieres-contre-bogota-apres-un-accord-sur-les-migrants","status":"publish","type":"post","link":"https:\/\/conakrynews.org\/index.php\/trump-suspend-les-sanctions-douanieres-contre-bogota-apres-un-accord-sur-les-migrants\/","title":{"rendered":"Trump suspend les sanctions douani\u00e8res contre Bogota apr\u00e8s un accord sur les migrants"},"content":{"rendered":"\n<p>Le pr\u00e9sident am\u00e9ricain Donald Trump a suspendu dimanche soir sa menace d\u2019imposer une s\u00e9rie de sanctions contre la Colombie, la Maison Blanche assurant que Bogota avait accept\u00e9 ses conditions pour le rapatriement d\u2019immigr\u00e9s colombiens expuls\u00e9s par les Etats-Unis.<\/p>\n<p>\u00ab Le gouvernement colombien a accept\u00e9 toutes les conditions du pr\u00e9sident Trump, y compris l\u2019acceptation sans restriction de tous les \u00e9trangers ill\u00e9gaux de Colombie renvoy\u00e9s des Etats-Unis, y compris \u00e0 bord d\u2019avions militaires am\u00e9ricains, sans limitation ni d\u00e9lai \u00bb, a indiqu\u00e9 la Maison Blanche dans un communiqu\u00e9.<\/p>\n<p>\u00ab Sur la base de cet accord, les tarifs et sanctions enti\u00e8rement r\u00e9dig\u00e9s seront mis en r\u00e9serve et ne seront pas sign\u00e9s, \u00e0 moins que la Colombie n\u2019honore pas cet accord \u00bb, a mis en garde la porte-parole de la Maison Blanche, Karoline Leavitt, dans ce communiqu\u00e9.<\/p>\n<p>Ce revirement intervient apr\u00e8s une escalade spectaculaire entre les deux pays, Washington s\u2019emportant contre la d\u00e9cision de Bogota de refouler des avions militaires transportant des immigr\u00e9s expuls\u00e9s par les Etats-Unis.<br \/>\nLe pr\u00e9sident colombien de gauche Gustavo Petro avait fait savoir sur X qu\u2019 \u00bbun migrant n\u2019est pas un criminel et doit \u00eatre trait\u00e9 avec la dignit\u00e9 qu\u2019un \u00eatre humain m\u00e9rite \u00bb.<br \/>\nDimanche soir, Bogota a aussit\u00f4t affirm\u00e9 que \u00ab l\u2019impasse \u00bb avec les Etats-Unis \u00e9tait \u00ab surmont\u00e9e \u00bb, selon le ministre des Affaires \u00e9trang\u00e8res Luis Gilberto Murillo.<\/p>\n<p>Washington a notamment menac\u00e9 d\u2019imposer des droits de douane de 25% sur tous les biens colombiens entrant aux Etats-Unis, qui devaient \u00eatre port\u00e9s \u00e0 50% dans une semaine, selon le pr\u00e9sident Trump, malgr\u00e9 l\u2019accord de libre-\u00e9change entre les deux pays.<\/p>\n<p>Les sanctions relatives \u00e0 la d\u00e9livrance de visas, \u00e9galement annonc\u00e9es dimanche par le d\u00e9partement d\u2019Etat, sont, en revanche, maintenues \u00ab jusqu\u2019\u00e0 ce que le premier vol d\u2019expuls\u00e9s colombiens soit arriv\u00e9 avec succ\u00e8s \u00bb, a ajout\u00e9 la porte-parole Karoline Leavitt.<\/p>\n<p>\u00ab Les \u00e9v\u00e9nements d\u2019aujourd\u2019hui montrent clairement au monde que l\u2019Am\u00e9rique est \u00e0 nouveau respect\u00e9e \u00bb, a-t-elle fait valoir.<\/p>\n<p>\u2013 R\u00e9ponse de Bogota \u2013<\/p>\n<p>En r\u00e9ponse aux sanctions am\u00e9ricaines, le pr\u00e9sident colombien avait annonc\u00e9 \u00e0 son tour avoir donn\u00e9 ordre \u00e0 son ministre du Commerce ext\u00e9rieur de \u00ab relever \u00e0 25% les droits de douane sur les importations provenant des Etats-Unis \u00bb.<\/p>\n<p>La pr\u00e9sidence colombienne avait \u00e9galement d\u00e9clar\u00e9 plus t\u00f4t qu\u2019elle allait envoyer son avion \u00ab pour faciliter le retour dans la dignit\u00e9 des ressortissants qui devaient arriver dans le pays ce matin, par des vols d\u2019expulsion \u00bb.<\/p>\n<p>Le train de sanctions am\u00e9ricaines comporte \u00e9galement une interdiction d\u2019entr\u00e9e aux Etats-Unis et une r\u00e9vocation des visas pour les responsables du gouvernement colombien, ses alli\u00e9s et ses partisans ainsi que des \u00ab inspections renforc\u00e9es \u00bb \u00e0 l\u2019entr\u00e9e pour tous les ressortissants colombiens et les marchandises en provenance de ce pays, a pr\u00e9cis\u00e9 le d\u00e9partement d\u2019Etat.<\/p>\n<p>Le chef de la diplomatie am\u00e9ricaine Marco Rubio, dont l\u2019\u00e9pouse est d\u2019origine colombienne, a d\u00e9clar\u00e9 dans un communiqu\u00e9 que M. Petro avait commenc\u00e9 par approuver les vols, mais qu\u2019il avait ensuite \u00ab annul\u00e9 son autorisation lorsque les avions \u00e9taient en vol \u00bb.<\/p>\n<p>De son c\u00f4t\u00e9, la pr\u00e9sidente du Honduras Xiomara Castro a appel\u00e9 dimanche \u00e0 une r\u00e9union \u00ab urgente \u00bb des pr\u00e9sidents et chefs d\u2019Etat de la Communaut\u00e9 des Etats d\u2019Am\u00e9rique latine et des Cara\u00efbes (CELAC) le 30 janvier pour discuter de la question migratoire.<\/p>\n<p>\u2013 Menottes \u2013<\/p>\n<p>Donald Trump a promis de lancer \u00ab le plus grand programme d\u2019expulsions de l\u2019histoire am\u00e9ricaine \u00bb, et la Maison Blanche s\u2019est targu\u00e9e cette semaine de l\u2019arrestation de centaines de \u00ab migrants criminels ill\u00e9gaux \u00bb, soulignant qu\u2019ils avaient \u00e9t\u00e9 expuls\u00e9s par avions militaires plut\u00f4t que civils, comme c\u2019\u00e9tait le cas pr\u00e9c\u00e9demment.<\/p>\n<p>Depuis son investiture le 20 janvier, les Etats-Unis n\u2019avaient pas encore effectu\u00e9 d\u2019expulsions vers la Colombie, mais l\u2019ont d\u00e9j\u00e0 fait vers le Guatemala et le Br\u00e9sil.<\/p>\n<p>Le responsable de la politique am\u00e9ricaine d\u2019expulsions massives d\u2019immigr\u00e9s en situation irr\u00e9guli\u00e8re, Tom Homan, a affirm\u00e9 dimanche sur la cha\u00eene ABC que les migrants pourraient \u00eatre expuls\u00e9s vers un pays tiers si leur pays d\u2019origine refusait de les accueillir.<\/p>\n<p>Samedi, c\u2019est le Br\u00e9sil qui avait exig\u00e9 des explications \u00e0 Washington pour le \u00ab traitement d\u00e9gradant \u00bb de migrants ill\u00e9gaux br\u00e9siliens expuls\u00e9s par les Etats-Unis, \u00e0 bord d\u2019un vol arriv\u00e9 la veille \u00e0 Manaus (nord).<br \/>\nSelon Brasilia, 88 Br\u00e9siliens se trouvaient dans l\u2019avion.<br \/>\nA son bord, \u00ab ils ne nous ont pas donn\u00e9 d\u2019eau, nous \u00e9tions pieds et poings li\u00e9s, et ils ne nous laissaient m\u00eame pas aller aux toilettes \u00bb, a d\u00e9clar\u00e9 \u00e0 l\u2019AFP Edgar Da Silva Moura, un informaticien de 31 ans, arriv\u00e9 au Br\u00e9sil par ce vol apr\u00e8s sept mois de d\u00e9tention aux Etats-Unis<br \/>\nAFP<\/p>\n","protected":false},"excerpt":{"rendered":"<p>Le pr\u00e9sident am\u00e9ricain Donald Trump a suspendu dimanche soir sa menace d\u2019imposer une s\u00e9rie de sanctions contre la Colombie, la Maison Blanche assurant que Bogota avait accept\u00e9 ses conditions pour le rapatriement d\u2019immigr\u00e9s colombiens expuls\u00e9s par les Etats-Unis. \u00ab Le gouvernement colombien a accept\u00e9 toutes les conditions du pr\u00e9sident Trump, y compris l\u2019acceptation sans restriction [&hellip;]<\/p>\n","protected":false},"author":2,"featured_media":31636,"comment_status":"closed","ping_status":"closed","sticky":false,"template":"","format":"standard","meta":{"footnotes":""},"categories":[58],"tags":[],"class_list":{"0":"post-31633","1":"post","2":"type-post","3":"status-publish","4":"format-standard","5":"has-post-thumbnail","7":"category-societe"},"_links":{"self":[{"href":"https:\/\/conakrynews.org\/index.php\/wp-json\/wp\/v2\/posts\/31633","targetHints":{"allow":["GET"]}}],"collection":[{"href":"https:\/\/conakrynews.org\/index.php\/wp-json\/wp\/v2\/posts"}],"about":[{"href":"https:\/\/conakrynews.org\/index.php\/wp-json\/wp\/v2\/types\/post"}],"author":[{"embeddable":true,"href":"https:\/\/conakrynews.org\/index.php\/wp-json\/wp\/v2\/users\/2"}],"replies":[{"embeddable":true,"href":"https:\/\/conakrynews.org\/index.php\/wp-json\/wp\/v2\/comments?post=31633"}],"version-history":[{"count":0,"href":"https:\/\/conakrynews.org\/index.php\/wp-json\/wp\/v2\/posts\/31633\/revisions"}],"wp:featuredmedia":[{"embeddable":true,"href":"https:\/\/conakrynews.org\/index.php\/wp-json\/wp\/v2\/media\/31636"}],"wp:attachment":[{"href":"https:\/\/conakrynews.org\/index.php\/wp-json\/wp\/v2\/media?parent=31633"}],"wp:term":[{"taxonomy":"category","embeddable":true,"href":"https:\/\/conakrynews.org\/index.php\/wp-json\/wp\/v2\/categories?post=31633"},{"taxonomy":"post_tag","embeddable":true,"href":"https:\/\/conakrynews.org\/index.php\/wp-json\/wp\/v2\/tags?post=31633"}],"curies":[{"name":"wp","href":"https:\/\/api.w.org\/{rel}","templated":true}]}}