{"id":3169,"date":"2019-05-25T12:19:19","date_gmt":"2019-05-25T10:19:19","guid":{"rendered":"https:\/\/conakrynews.org\/?p=3169"},"modified":"2019-05-25T12:19:19","modified_gmt":"2019-05-25T10:19:19","slug":"sante-animale-ministere-de-lelevage-partenaires-lancent-campagne-nationale-de-lutte-contre-fievre-aphteuse","status":"publish","type":"post","link":"https:\/\/conakrynews.org\/index.php\/sante-animale-ministere-de-lelevage-partenaires-lancent-campagne-nationale-de-lutte-contre-fievre-aphteuse\/","title":{"rendered":"Sant\u00e9 Animale : Le minist\u00e8re de l\u2019\u00e9levage et ses partenaires lancent la Campagne Nationale   de   Lutte Contre la Fi\u00e8vre Aphteuse"},"content":{"rendered":"<p><strong>\u00a0<\/strong><strong>Le Gouvernement Guin\u00e9en en collaboration \u00a0avec \u00a0ses\u00a0 \u00a0partenaires ont\u00a0 lanc\u00e9\u00a0 ce vendredi 24 Mai 2019 \u00e0 Bok\u00e9 (Denken), \u00a0le coup d&rsquo;envoi\u00a0 de\u00a0\u00a0 la\u00a0 campagne nationale \u00a0de vaccination contre la \u00a0Fi\u00e8vre Aphteuse. Sous la pr\u00e9sidence\u00a0\u00a0 du ministre de l\u2019\u00e9levage, plusieurs personnalit\u00e9s\u00a0 ont pris part \u00e0 cette\u00a0 op\u00e9ration \u00a0notamment, des partenaires techniques et financiers \u00a0(la Banque Mondiale, la FAO\u2026) des responsables r\u00e9gionaux\u00a0 du ministre de l\u2019\u00e9levage et des cadres dudit d\u00e9partement etc. &#8230;A pr\u00e9ciser que cette campagne \u00a0s\u2019\u00e9tendra \u00a0sur les 33 pr\u00e9fectures de la guin\u00e9e. <\/strong><\/p>\n<p><strong>\u00a0\u00a0<\/strong><\/p>\n<p><strong>\u00a0<\/strong>Dans son intervention, le ministre de l\u2019\u00e9levage, Patrick Roger Millimono, \u00a0\u00a0\u00e0 tout d&rsquo;abord souhait\u00e9 la bienvenue et remerci\u00e9 au nom du gouvernement, les partenaires techniques et financiers, dudit projet pour le soutien apport\u00e9.<\/p>\n<p>&nbsp;<\/p>\n<p>Avant\u00a0 d\u2019expliquer\u00a0: \u00ab cette maladie qui a \u00e9t\u00e9 constat\u00e9e en mai 2018, s\u2019est propag\u00e9e dans 27 pr\u00e9fectures de la Guin\u00e9e, avec des taux \u00e9lev\u00e9s de morbidit\u00e9 et de mortalit\u00e9 qui ont affect\u00e9 pr\u00e8s de 72 000 animaux expos\u00e9s , 7.467 cas suspects et 871 animaux morts .C&rsquo;est une campagne de vaccination gratuite\u00a0\u00bb, a-t-il expliquer .<\/p>\n<p>&nbsp;<\/p>\n<p>Avant d\u2019exhorter \u00a0\u00a0\u00a0aux \u00e9leveurs et leurs organisations professionnelles de se mobiliser pour conf\u00e9rer un succ\u00e8s \u00e9clatant aux op\u00e9rations de vaccinations contre la fi\u00e8vre aphteuse qui j&rsquo;esp\u00e8re \u00a0sera un lointain souvenir pour la guin\u00e9e.<\/p>\n<p>&nbsp;<\/p>\n<p>&nbsp;<\/p>\n<p>Ibrahim Magazi , repr\u00e9sentant de la banque mondiale,\u00a0 a rappel\u00e9 qu\u2019il \u00a0\u00e9tait tr\u00e8s n\u00e9cessaire pour son institution d&rsquo; apporter \u00a0son aide dans ce combat d&rsquo;\u00e9radication de cette \u00e9pid\u00e9mie . \u00ab Au regard de cette situation sanitaire pr\u00e9occupante, la Banque mondiale, \u00e0 travers ses\u00a0 \u00a0projets actifs, a accept\u00e9 de financer le plan d\u2019urgence pour un montant d\u2019un million soixante-dix-huit mille trois cent soixante-dix-sept dollars, dont 1.028.377$ sur le projet REDISS et 50 000$ sur les PASAG, pour aider le gouvernement dans ses efforts de riposte \u00e0 la maladie\u00a0\u00bb , a soulign\u00e9 le repr\u00e9sentant\u00a0 de la Banque Mondiale .<\/p>\n<p>&nbsp;<\/p>\n<p>&nbsp;<\/p>\n<p>Avant d\u2019inviter\u00a0 les partenaires \u00e9leveurs au respect\u00a0\u00a0 \u00a0des pratiques de bios\u00e9curit\u00e9 pour emp\u00eacher \u00a0\u00a0la propagation du virus dans d&rsquo;autres zones du pays.<\/p>\n<p>&nbsp;<\/p>\n<p>Pour sa part, le maire de la commune rurale de Kolabounyi,Ansoumane Zito \u00a0Coumbassa, a\u00a0 remerci\u00e9 \u00a0\u00a0le gouvernement Guin\u00e9en\u00a0 et ses partenaires pour cette \u00a0belle initiative. Avant de pr\u00e9ciser que la population de Kolabounyi est \u00e0 majorit\u00e9 agropastorale \u00a0et l\u2019\u00e9levage constitue la seconde activit\u00e9 apr\u00e8s l\u2019agriculture.<\/p>\n<p>&nbsp;<\/p>\n<p>Pour mettre un terme \u00e0 ses propos, il a dit\u00a0: \u00abAvec cette campagne de vaccination de lutte contre cette maladie, des milliers de bovins pourront \u00eatre sauv\u00e9s\u00a0\u00bb.<\/p>\n<p>&nbsp;<\/p>\n<p>&nbsp;<\/p>\n<p>Mariam K Camara pour <a href=\"https:\/\/conakrynews.org\">www.conakrynews.org<\/a> \u00a0621242468<\/p>\n<p><a href=\"https:\/\/www.facebook.com\/mariame.camara.355\">\u00a0<\/a><\/p>\n<p><img loading=\"lazy\" decoding=\"async\" class=\"alignright size-medium wp-image-3170\" src=\"https:\/\/conakrynews.org\/wp-content\/uploads\/2019\/05\/phto-\u00e9l\u00e9vage-1-500x375.jpg\" alt=\"\" width=\"500\" height=\"375\" srcset=\"https:\/\/conakrynews.org\/wp-content\/uploads\/2019\/05\/phto-\u00e9l\u00e9vage-1-500x375.jpg 500w, https:\/\/conakrynews.org\/wp-content\/uploads\/2019\/05\/phto-\u00e9l\u00e9vage-1-768x576.jpg 768w, https:\/\/conakrynews.org\/wp-content\/uploads\/2019\/05\/phto-\u00e9l\u00e9vage-1.jpg 1280w\" sizes=\"auto, (max-width: 500px) 100vw, 500px\" \/><img loading=\"lazy\" decoding=\"async\" class=\"alignright size-medium wp-image-3171\" src=\"https:\/\/conakrynews.org\/wp-content\/uploads\/2019\/05\/photo-\u00e9l\u00e9vage-2-500x375.jpg\" alt=\"\" width=\"500\" height=\"375\" srcset=\"https:\/\/conakrynews.org\/wp-content\/uploads\/2019\/05\/photo-\u00e9l\u00e9vage-2-500x375.jpg 500w, https:\/\/conakrynews.org\/wp-content\/uploads\/2019\/05\/photo-\u00e9l\u00e9vage-2-768x576.jpg 768w, https:\/\/conakrynews.org\/wp-content\/uploads\/2019\/05\/photo-\u00e9l\u00e9vage-2.jpg 1280w\" sizes=\"auto, (max-width: 500px) 100vw, 500px\" \/><\/p>\n","protected":false},"excerpt":{"rendered":"<p>\u00a0Le Gouvernement Guin\u00e9en en collaboration \u00a0avec \u00a0ses\u00a0 \u00a0partenaires ont\u00a0 lanc\u00e9\u00a0 ce vendredi 24 Mai 2019 \u00e0 Bok\u00e9 (Denken), \u00a0le coup d&rsquo;envoi\u00a0 de\u00a0\u00a0 la\u00a0 campagne nationale \u00a0de vaccination contre la \u00a0Fi\u00e8vre Aphteuse. Sous la pr\u00e9sidence\u00a0\u00a0 du ministre de l\u2019\u00e9levage, plusieurs personnalit\u00e9s\u00a0 ont pris part \u00e0 cette\u00a0 op\u00e9ration \u00a0notamment, des partenaires techniques et financiers \u00a0(la Banque Mondiale, [&hellip;]<\/p>\n","protected":false},"author":2,"featured_media":3170,"comment_status":"open","ping_status":"open","sticky":false,"template":"","format":"standard","meta":{"footnotes":""},"categories":[1],"tags":[],"class_list":{"0":"post-3169","1":"post","2":"type-post","3":"status-publish","4":"format-standard","5":"has-post-thumbnail","7":"category-non-classe"},"_links":{"self":[{"href":"https:\/\/conakrynews.org\/index.php\/wp-json\/wp\/v2\/posts\/3169","targetHints":{"allow":["GET"]}}],"collection":[{"href":"https:\/\/conakrynews.org\/index.php\/wp-json\/wp\/v2\/posts"}],"about":[{"href":"https:\/\/conakrynews.org\/index.php\/wp-json\/wp\/v2\/types\/post"}],"author":[{"embeddable":true,"href":"https:\/\/conakrynews.org\/index.php\/wp-json\/wp\/v2\/users\/2"}],"replies":[{"embeddable":true,"href":"https:\/\/conakrynews.org\/index.php\/wp-json\/wp\/v2\/comments?post=3169"}],"version-history":[{"count":0,"href":"https:\/\/conakrynews.org\/index.php\/wp-json\/wp\/v2\/posts\/3169\/revisions"}],"wp:featuredmedia":[{"embeddable":true,"href":"https:\/\/conakrynews.org\/index.php\/wp-json\/wp\/v2\/media\/3170"}],"wp:attachment":[{"href":"https:\/\/conakrynews.org\/index.php\/wp-json\/wp\/v2\/media?parent=3169"}],"wp:term":[{"taxonomy":"category","embeddable":true,"href":"https:\/\/conakrynews.org\/index.php\/wp-json\/wp\/v2\/categories?post=3169"},{"taxonomy":"post_tag","embeddable":true,"href":"https:\/\/conakrynews.org\/index.php\/wp-json\/wp\/v2\/tags?post=3169"}],"curies":[{"name":"wp","href":"https:\/\/api.w.org\/{rel}","templated":true}]}}