{"id":31701,"date":"2025-01-30T11:59:07","date_gmt":"2025-01-30T11:59:07","guid":{"rendered":"https:\/\/conakrynews.org\/?p=31701"},"modified":"2025-01-30T11:59:07","modified_gmt":"2025-01-30T11:59:07","slug":"est-de-la-rdc-felix-tshisekedi-appelle-a-la-mobilisation-et-annonce-quune-riposte-est-en-cours","status":"publish","type":"post","link":"https:\/\/conakrynews.org\/index.php\/est-de-la-rdc-felix-tshisekedi-appelle-a-la-mobilisation-et-annonce-quune-riposte-est-en-cours\/","title":{"rendered":"Est de la RDC: F\u00e9lix Tshisekedi appelle \u00e0 la mobilisation et annonce qu\u2019une riposte \u00abest en cours\u00bb"},"content":{"rendered":"<p>Ce mercredi 29 janvier, apr\u00e8s des \u00e9changes de tirs sporadiques ce matin, les armes se sont tues et le M23 et l\u2019arm\u00e9e rwandaise ont pris position dans la plupart des quartiers de Goma. Selon l\u2019ambassadeur itin\u00e9rant du Rwanda pour les Grands lacs, Vincent Karega, le M23 va \u00ab continuer dans le Sud-Kivu \u00bb. Des propos qui \u00ab ne refl\u00e8tent pas la position officielle du gouvernement \u00bb rwandais, a d\u00e9clar\u00e9 \u00e0 RFI le porte-parole adjoint du gouvernement.<\/p>\n<p>Lors d\u2019une adresse \u00e0 la nation tr\u00e8s attendue, le pr\u00e9sident congolais a appel\u00e9 \u00e0 la mobilisation et a assur\u00e9 qu\u2019une riposte est \u00ab en cours \u00bb. Il a aussi d\u00e9nonc\u00e9 \u00ab l\u2019inaction \u00bb de la communaut\u00e9 internationale, estimant que \u00ab la passivit\u00e9 fr\u00f4le la complicit\u00e9 \u00bb. Il a aussi d\u00e9nonc\u00e9 la pr\u00e9sence de milliers de soldats rwandais sur le sol congolais et qualifi\u00e9 le M23 de \u00ab pantin \u00bb. Il a d\u00e9nonc\u00e9 \u00ab une violation flagrante de la charte des Nations unies \u00bb et \u00ab un affront aux valeurs universelles \u00bb.<\/p>\n<p>\u25ba Le groupe arm\u00e9 antigouvernemental du M23, soutenu par quelque 3 000 \u00e0 4 000 soldats rwandais, selon l\u2019ONU, combat l\u2019arm\u00e9e congolaise dans la r\u00e9gion depuis plus de trois ans. Mais les troupes sont entr\u00e9es dans Goma dans la nuit de dimanche 26 \u00e0 lundi 27 janvier. Ce mercredi 29 janvier, apr\u00e8s des \u00e9changes de tirs sporadiques dans la matin\u00e9e, les armes se sont tues et le M23 et l\u2019arm\u00e9e rwandaise ont pris position dans la plupart des quartiers de Goma.<\/p>\n<p>\u25ba Selon le haut diplomate rwandais Vincent Karega, le groupe arm\u00e9 M23 \u00ab va continuer \u00bb d\u2019avancer dans l\u2019est de la RDC, voire au-del\u00e0 de Goma. \u00ab Ils vont continuer dans le Sud-Kivu, parce que Goma ne peut pas \u00eatre une fin en soi, \u00e0 moins qu\u2019entre-temps, ils ne n\u00e9gocient avec le gouvernement de Kinshasa, ce dont je doute \u00bb, a d\u00e9clar\u00e9 Vincent Karega, ambassadeur itin\u00e9rant du Rwanda pour la r\u00e9gion des Grands lacs. Des propos qui \u00ab ne refl\u00e8tent pas la position officielle du gouvernement \u00bb rwandais, a d\u00e9clar\u00e9 \u00e0 RFI le porte-parole adjoint du gouvernement.<\/p>\n<p>\u25ba Au moins 100 personnes ont \u00e9t\u00e9 tu\u00e9es et plus de 1 000 bless\u00e9es, selon les informations fournies par plusieurs h\u00f4pitaux. Les h\u00f4pitaux de Goma \u00ab sont submerg\u00e9s \u00bb de bless\u00e9s et de \u00ab nombreux corps \u00bb jonchent les rues de la ville, a affirm\u00e9 l\u2019ONU lors d\u2019un point presse mardi 28 janvier, citant leurs employ\u00e9s sur place.<\/p>\n<p>\u25ba La situation humanitaire est \u00ab extr\u00eamement inqui\u00e9tante \u00bb, s\u2019alarme l\u2019ONU, annon\u00e7ant que la distribution d\u2019aide alimentaire a d\u00fb \u00eatre suspendue en raison de la situation s\u00e9curitaire. La ville de Goma compte environ un million d\u2019habitants et autant de d\u00e9plac\u00e9s. La r\u00e9gion vit une crise humanitaire chronique depuis de tr\u00e8s nombreuses ann\u00e9es. Les combats ont fait plus de 500 000 d\u00e9plac\u00e9s depuis d\u00e9but janvier.<\/p>\n<p>(Toutes les heures sont en TU, soit Paris -1h et Goma -2h)<\/p>\n<p>22h45 : F\u00e9lix Tshisekedi appelle \u00e0 la r\u00e9sistance et annonce qu\u2019une riposte \u00ab est en cours \u00bb<br \/>\nC\u2019est la premi\u00e8re fois que le pr\u00e9sident congolais s\u2019exprime depuis l\u2019offensive rebelle de ces derniers jours \u00e0 l\u2019est du pays, \u00e0 Goma. Lors d\u2019une audience \u00e0 la nation, le pr\u00e9sident congolais a d\u00e9clar\u00e9 que ces \u00ab attaques sont une offense \u00e0 notre histoire \u00bb et qu\u2019\u00ab une riposte vigoureuse est en cours \u00bb, rapporte notre correspondant \u00e0 Kinshasa, Patient Ligodi. Un discours offensif, prononc\u00e9 sur un ton grave et solennel. F\u00e9lix Tshisekedi est apparu d\u00e9termin\u00e9, dans une posture de chef de guerre.<\/p>\n<p>F\u00e9lix Tshisekedi a aussi insist\u00e9 sur l\u2019option diplomatique : \u00ab Nous avons engag\u00e9 d\u2019importantes d\u00e9marches. Nous privil\u00e9gions la voie du dialogue \u00bb.<\/p>\n<p>Lunettes bien viss\u00e9es, chemise kaki boutonn\u00e9e jusqu\u2019au col, le chef de l\u2019\u00c9tat a appel\u00e9 \u00e0 la mobilisation g\u00e9n\u00e9rale. \u00ab Ce combat est celui de tout un peuple. Dans nos territoires, unissons nos efforts \u00bb, a-t-il dit. Il a \u00e9galement annonc\u00e9 le d\u00e9clenchement d\u2019un plan d\u2019urgence humanitaire et exhort\u00e9 la population \u00e0 r\u00e9sister avec courage et \u00e0 garder son calme.<\/p>\n<p>Sur le plan s\u00e9curitaire, il a assur\u00e9 que des mesures ont \u00e9t\u00e9 prises. \u00ab Nous ne sommes pas rest\u00e9s inactifs \u00bb, s\u2019est-il d\u00e9fendu. Et d\u2019ajouter : \u00ab Le dispositif s\u00e9curitaire a \u00e9t\u00e9 renforc\u00e9 \u00bb.<\/p>\n<p>F\u00e9lix Tshisekedi a aussi rendu un hommage appuy\u00e9 aux militaires et aux combattants morts au front : \u00ab Je salue le courage de nos forces arm\u00e9es, de nos wazalendo, de nos casques bleu et des soldats tomb\u00e9s au champ d\u2019honneur \u00bb.<\/p>\n<p>Le pr\u00e9sident congolais a de nouveau point\u00e9 du doigt le Rwanda, d\u00e9non\u00e7ant la pr\u00e9sence de milliers de soldats rwandais sur le sol congolais et qualifiant le M23 de \u00ab pantin \u00bb. Il a d\u00e9nonc\u00e9 \u00ab une violation flagrante de la charte des Nations unies \u00bb et \u00ab un affront aux valeurs universelles \u00bb. \u00ab La passivit\u00e9 fr\u00f4le la complicit\u00e9, a-t-il lanc\u00e9, nous nous battrons \u00bb.<\/p>\n<p>Il a aussi annonc\u00e9 des mesures \u00e9conomiques, notamment l\u2019instruction donn\u00e9e au gouvernement pour la r\u00e9duction du train de vie des institutions et un appel au secteur priv\u00e9 pour soutenir l\u2019effort de guerre.<\/p>\n<p>Enfin, il a fait appel \u00e0 l\u2019enr\u00f4lement des jeunes dans l\u2019arm\u00e9e et de conclure : \u00ab la RDC ne pliera pas. Je ne vous abandonnerai jamais \u00bb.<\/p>\n<p>22h28 : la Communaut\u00e9 d\u2019Afrique de l\u2019Est exhorte la RDC \u00e0 discuter avec \u00ab tous les acteurs \u00bb<br \/>\nLa Communaut\u00e9 des \u00c9tats d\u2019Afrique de l\u2019Est (EAC), r\u00e9unie en sommet extraordinaire mercredi au sujet de la situation dans l\u2019est de la R\u00e9publique d\u00e9mocratique du Congo (RDC), a \u00ab fermement exhort\u00e9 \u00bb  le gouvernement congolais \u00e0 parler avec \u00ab tous les acteurs \u00bb. Ce sommet s\u2019est tenu en pr\u00e9sence du chef de l\u2019\u00c9tat rwandais, Paul Kagame, mais sans son homologue congolais, F\u00e9lix Tshisekedi.<\/p>\n<p>22h11 : La col\u00e8re des habitants de Kinshasa<br \/>\nLes autorit\u00e9s ont condamn\u00e9 avec v\u00e9h\u00e9mence les manifestations violentes de mardi qui ont pris pour cible plusieurs ambassades et commerces de la capitale Kinshasa. Des violences que condamnent de nombreux Kinois aussi, mais ils d\u00e9noncent le silence de la communaut\u00e9 internationale au micro de notre envoy\u00e9e sp\u00e9ciale \u00e0 Kinshasa, Alexandra Brangeon.<\/p>\n","protected":false},"excerpt":{"rendered":"<p>Ce mercredi 29 janvier, apr\u00e8s des \u00e9changes de tirs sporadiques ce matin, les armes se sont tues et le M23 et l\u2019arm\u00e9e rwandaise ont pris position dans la plupart des quartiers de Goma. Selon l\u2019ambassadeur itin\u00e9rant du Rwanda pour les Grands lacs, Vincent Karega, le M23 va \u00ab continuer dans le Sud-Kivu \u00bb. Des propos [&hellip;]<\/p>\n","protected":false},"author":2,"featured_media":31702,"comment_status":"closed","ping_status":"closed","sticky":false,"template":"","format":"standard","meta":{"footnotes":""},"categories":[57],"tags":[],"class_list":{"0":"post-31701","1":"post","2":"type-post","3":"status-publish","4":"format-standard","5":"has-post-thumbnail","7":"category-politique"},"_links":{"self":[{"href":"https:\/\/conakrynews.org\/index.php\/wp-json\/wp\/v2\/posts\/31701","targetHints":{"allow":["GET"]}}],"collection":[{"href":"https:\/\/conakrynews.org\/index.php\/wp-json\/wp\/v2\/posts"}],"about":[{"href":"https:\/\/conakrynews.org\/index.php\/wp-json\/wp\/v2\/types\/post"}],"author":[{"embeddable":true,"href":"https:\/\/conakrynews.org\/index.php\/wp-json\/wp\/v2\/users\/2"}],"replies":[{"embeddable":true,"href":"https:\/\/conakrynews.org\/index.php\/wp-json\/wp\/v2\/comments?post=31701"}],"version-history":[{"count":0,"href":"https:\/\/conakrynews.org\/index.php\/wp-json\/wp\/v2\/posts\/31701\/revisions"}],"wp:featuredmedia":[{"embeddable":true,"href":"https:\/\/conakrynews.org\/index.php\/wp-json\/wp\/v2\/media\/31702"}],"wp:attachment":[{"href":"https:\/\/conakrynews.org\/index.php\/wp-json\/wp\/v2\/media?parent=31701"}],"wp:term":[{"taxonomy":"category","embeddable":true,"href":"https:\/\/conakrynews.org\/index.php\/wp-json\/wp\/v2\/categories?post=31701"},{"taxonomy":"post_tag","embeddable":true,"href":"https:\/\/conakrynews.org\/index.php\/wp-json\/wp\/v2\/tags?post=31701"}],"curies":[{"name":"wp","href":"https:\/\/api.w.org\/{rel}","templated":true}]}}