{"id":3174,"date":"2019-05-25T12:53:16","date_gmt":"2019-05-25T10:53:16","guid":{"rendered":"https:\/\/conakrynews.org\/?p=3174"},"modified":"2019-05-25T12:53:16","modified_gmt":"2019-05-25T10:53:16","slug":"conakry-president-abdel-fata-al-sissi-beneficie-prix-de-leader-2019","status":"publish","type":"post","link":"https:\/\/conakrynews.org\/index.php\/conakry-president-abdel-fata-al-sissi-beneficie-prix-de-leader-2019\/","title":{"rendered":"Conakry : Le pr\u00e9sident Abdel Fata Al Sissi b\u00e9n\u00e9ficie le prix de leader 2019"},"content":{"rendered":"<p><strong>Les responsables de la structure\u00a0 COPE-Guin\u00e9e ont \u00a0proc\u00e9d\u00e9 ce vendredi \u00e0 la remise du prix de leader 2019 au Pr\u00e9sident Abdel Fata Al Sissi, Pr\u00e9sident en exercice de l\u2019Union Africaine (UA). Sous le haut parrainage de \u00a0M. \u00a0Diaty Cond\u00e9, Directeur G\u00e9n\u00e9ral DDI\/DDE, repr\u00e9sent\u00e9 par son adjoint, M.Bngaly Camara. Cette \u00a0c\u00e9r\u00e9monie s\u2019est d\u00e9roul\u00e9e en pr\u00e9sence des ambassadeurs du S\u00e9n\u00e9gal, d\u2019Egypte, du Nigeria, du Niger de l\u2019Afrique du Sud ainsi que \u00a0 la repr\u00e9sentant \u00a0\u00a0de la ministre de la Coop\u00e9ration Internationale.<\/strong><\/p>\n<p>Les \u00a0objectifs\u00a0 de la tenue de cet \u00e9v\u00e9nement, il s\u2019agit de \u00a0la \u00a0reconnaissance \u00a0des efforts du Pr\u00e9sident de la R\u00e9publique Egyptien, Abdel Fata Al Sissi, Pr\u00e9sident en exercice de l\u2019Union Africaine, pour le d\u00e9veloppement de l\u2019Afrique, dans la lutte contre le terrorisme, pour la promotion de la coop\u00e9ration entre les Etats africains etc&#8230;.<\/p>\n<p>Dans son discours de circonstance, le Directeur G\u00e9n\u00e9ral de COPE-Guin\u00e9e, M.Paul Kamano a\u00a0 d\u00e9clar\u00e9\u00a0:\u00a0\u00ab\u00a0Ce n\u2019est l\u2019Occident qui viendra pour d\u00e9velopper l\u2019Afrique \u00e0 la place des africains. Donc, on ne doit pas voir seulement le c\u00f4t\u00e9 n\u00e9gatif des jeunes africains. \u00a0Voil\u00e0 pourquoi, notre structure \u00a0a d\u00e9cid\u00e9 d\u2019offrir \u00a0ce Prix de Leader 2019 au Pr\u00e9sident Egyptien, Mar\u00e9chal Abdel Fata Al Sissi, Pr\u00e9sident en exercice de l\u2019Union Africaine (UA)\u00a0\u00bb, a-t-il d\u00e9clar\u00e9.<\/p>\n<p>&nbsp;<\/p>\n<p>&nbsp;<\/p>\n<p>Poursuivant son intervention, le Directeur de COPE-Guin\u00e9e, a fait savoir que \u00a0le mar\u00e9chal Fata Al Sissi est en train de contribuer pour le d\u00e9veloppement de l\u2019Egypte et pour le continent africain. C\u2019est\u00a0 dans le cadre de la reconnaissance de tous ses efforts \u00a0\u00a0pour le bien \u00eatre de l\u2019Afrique que\u00a0\u00a0 COPE-Guin\u00e9e l\u2019offre ce satisfecit.<\/p>\n<p>Rench\u00e9rissant, M.Paul Kamano a affirm\u00e9\u00a0\u00a0: \u00ab\u00a0<em>Abdel Fata Al Sissi est venu \u00e0 un moment o\u00f9 il fallait. Il est en train de poser des actes pour l\u2019Egypte et pour le continent africain. Donc, le COPE-Guin\u00e9e a d\u00e9cid\u00e9 \u00a0de remettre un prix de leader 2019 au Pr\u00e9sident Abdel Fata Al Sissi, qui n\u2019est pas l\u00e0 mais, ce prix sera remis au charg\u00e9 d\u2019affaires \u00e0 l\u2019Ambassade de l\u2019Egypte en Guin\u00e9e, El Said Nabil\u00a0<\/em>\u00bb, a-t-il affirm\u00e9.<\/p>\n<p>Prenant la parle devant l\u2019assistance, le charg\u00e9 des affaires \u00e0 l\u2019ambassade de l\u2019Egypte en Guin\u00e9e, a d\u2019abord remerci\u00e9 Mr Paul Kamano, organisateur de cet \u00e9v\u00e8nement avant de rassurer que\u00a0\u00a0 son pays \u00a0\u00e0 travers son Pr\u00e9sident Abdel Fata Al Sissi contribue pour le d\u00e9veloppement de l\u2019Afrique, dans la lutte contre le terrorisme etc\u2026\u00a0 Avant de pr\u00e9ciser que ce prix sera \u00e0 qui de droit.<\/p>\n<p>Bangaly\u00a0 Camara, l\u2019adjoint de Mr Diaty Cond\u00e9, Directeur G\u00e9n\u00e9ral de DDI\/DDE, \u00a0\u00a0\u00a0 a remerci\u00e9 le COPE-Guin\u00e9e pour la qualit\u00e9 de cet \u00e9v\u00e8nement.<\/p>\n<p>Sylla Ibrahima Kalil pour <a href=\"https:\/\/conakrynews.org\">www.conakrynews.org<\/a> 625444534<img loading=\"lazy\" decoding=\"async\" class=\"alignright size-full wp-image-3175\" src=\"https:\/\/conakrynews.org\/wp-content\/uploads\/2019\/05\/sissi.jpg\" alt=\"\" width=\"300\" height=\"168\" \/><\/p>\n","protected":false},"excerpt":{"rendered":"<p>Les responsables de la structure\u00a0 COPE-Guin\u00e9e ont \u00a0proc\u00e9d\u00e9 ce vendredi \u00e0 la remise du prix de leader 2019 au Pr\u00e9sident Abdel Fata Al Sissi, Pr\u00e9sident en exercice de l\u2019Union Africaine (UA). Sous le haut parrainage de \u00a0M. \u00a0Diaty Cond\u00e9, Directeur G\u00e9n\u00e9ral DDI\/DDE, repr\u00e9sent\u00e9 par son adjoint, M.Bngaly Camara. Cette \u00a0c\u00e9r\u00e9monie s\u2019est d\u00e9roul\u00e9e en pr\u00e9sence des [&hellip;]<\/p>\n","protected":false},"author":2,"featured_media":3175,"comment_status":"open","ping_status":"open","sticky":false,"template":"","format":"standard","meta":{"footnotes":""},"categories":[1],"tags":[],"class_list":{"0":"post-3174","1":"post","2":"type-post","3":"status-publish","4":"format-standard","5":"has-post-thumbnail","7":"category-non-classe"},"_links":{"self":[{"href":"https:\/\/conakrynews.org\/index.php\/wp-json\/wp\/v2\/posts\/3174","targetHints":{"allow":["GET"]}}],"collection":[{"href":"https:\/\/conakrynews.org\/index.php\/wp-json\/wp\/v2\/posts"}],"about":[{"href":"https:\/\/conakrynews.org\/index.php\/wp-json\/wp\/v2\/types\/post"}],"author":[{"embeddable":true,"href":"https:\/\/conakrynews.org\/index.php\/wp-json\/wp\/v2\/users\/2"}],"replies":[{"embeddable":true,"href":"https:\/\/conakrynews.org\/index.php\/wp-json\/wp\/v2\/comments?post=3174"}],"version-history":[{"count":0,"href":"https:\/\/conakrynews.org\/index.php\/wp-json\/wp\/v2\/posts\/3174\/revisions"}],"wp:featuredmedia":[{"embeddable":true,"href":"https:\/\/conakrynews.org\/index.php\/wp-json\/wp\/v2\/media\/3175"}],"wp:attachment":[{"href":"https:\/\/conakrynews.org\/index.php\/wp-json\/wp\/v2\/media?parent=3174"}],"wp:term":[{"taxonomy":"category","embeddable":true,"href":"https:\/\/conakrynews.org\/index.php\/wp-json\/wp\/v2\/categories?post=3174"},{"taxonomy":"post_tag","embeddable":true,"href":"https:\/\/conakrynews.org\/index.php\/wp-json\/wp\/v2\/tags?post=3174"}],"curies":[{"name":"wp","href":"https:\/\/api.w.org\/{rel}","templated":true}]}}