{"id":3192,"date":"2019-05-31T18:09:47","date_gmt":"2019-05-31T16:09:47","guid":{"rendered":"https:\/\/conakrynews.org\/?p=3192"},"modified":"2019-05-31T18:09:47","modified_gmt":"2019-05-31T16:09:47","slug":"guinee-barrage-de-kaleta-menace-deforestation","status":"publish","type":"post","link":"https:\/\/conakrynews.org\/index.php\/guinee-barrage-de-kaleta-menace-deforestation\/","title":{"rendered":"Guin\u00e9e : Le Barrage de Kal\u00e9ta menac\u00e9 par la d\u00e9forestation"},"content":{"rendered":"<p><strong>Le 28 Mai de chaque ann\u00e9e, date \u00a0anniversaire du lancement du barrage hydro\u00e9lectrique de \u00a0kal\u00e9ta. A cette occasion, le minist\u00e8re de l&rsquo;\u00e9nergie\u00a0 a \u00a0organis\u00e9 ce jeudi 30 mai 2019, une journ\u00e9e porte ouverte sur le barrage hydro\u00e9lectrique de kal\u00e9ta et celui de souapiti en phase de construction. Sur les lieux, force est de constater \u00a0que le bassin du konkour\u00e9 en g\u00e9n\u00e9ral et le barrage de kal\u00e9ta en particulier sont menac\u00e9s par la d\u00e9forestation abusive.<\/strong><\/p>\n<p><strong>\u00a0<\/strong><\/p>\n<p><img loading=\"lazy\" decoding=\"async\" class=\"alignright size-medium wp-image-3193\" src=\"https:\/\/conakrynews.org\/wp-content\/uploads\/2019\/05\/kal\u00e9ta-2-500x375.jpg\" alt=\"\" width=\"500\" height=\"375\" srcset=\"https:\/\/conakrynews.org\/wp-content\/uploads\/2019\/05\/kal\u00e9ta-2-500x375.jpg 500w, https:\/\/conakrynews.org\/wp-content\/uploads\/2019\/05\/kal\u00e9ta-2-768x576.jpg 768w, https:\/\/conakrynews.org\/wp-content\/uploads\/2019\/05\/kal\u00e9ta-2.jpg 1032w\" sizes=\"auto, (max-width: 500px) 100vw, 500px\" \/><img loading=\"lazy\" decoding=\"async\" class=\"alignright size-medium wp-image-3194\" src=\"https:\/\/conakrynews.org\/wp-content\/uploads\/2019\/05\/kal\u00e9ta-3-500x375.jpg\" alt=\"\" width=\"500\" height=\"375\" srcset=\"https:\/\/conakrynews.org\/wp-content\/uploads\/2019\/05\/kal\u00e9ta-3-500x375.jpg 500w, https:\/\/conakrynews.org\/wp-content\/uploads\/2019\/05\/kal\u00e9ta-3-768x576.jpg 768w, https:\/\/conakrynews.org\/wp-content\/uploads\/2019\/05\/kal\u00e9ta-3.jpg 1032w\" sizes=\"auto, (max-width: 500px) 100vw, 500px\" \/>M\u00e9content de cette situation de d\u00e9forestation abusive de la zone du barrage\u00a0 de Kal\u00e9ta,le ministre de l\u2019\u00e9nergie ,Cheick Taliby Sylla, \u00a0a d\u00e9clar\u00e9 \u00a0\u00e0 la presse :\u00a0\u00ab\u00a0Dans le cadre du projet Kal\u00e9ta, nous avons rebois\u00e9 les t\u00eates de sources ici. Je sais quelles sont les difficult\u00e9s aux auxquelles on a \u00e9t\u00e9 confront\u00e9. Des 280 ha rebois\u00e9s, il n\u2019y a plus rien. Les feux de brousse ont d\u00e9truit compl\u00e8tement. Le bassin du Konkour\u00e9 doit \u00eatre class\u00e9 bassin \u00e0 pr\u00e9server, o\u00f9 on doit tout faire pour \u00e9quilibrer l\u2019\u00e9cosyst\u00e8me, afin de sauver le Konkour\u00e9. C\u2019est grave ce qui se passe\u00a0\u00bb, a-t-il d\u00e9clar\u00e9.<\/p>\n<p>&nbsp;<\/p>\n<p>Avant d\u2019ajouter\u00a0: \u00ab\u00a0Il faut tr\u00e8s rapidement stopper cette d\u00e9forestation massive dans le bassin, et restaurer le couvert v\u00e9g\u00e9tal. Ces flancs de collines, s\u2019il n\u2019y a pas de couverts v\u00e9g\u00e9tal, c\u2019est le drainage du sable et graviers, qui va cr\u00e9er l\u2019embrasement de la retenue que vous voyez\u00a0\u00bb, a-t-il ajout\u00e9.<\/p>\n<p>&nbsp;<\/p>\n<p>Avant d\u2019inviter \u00a0les hommes\u00a0 de m\u00e9dias \u00a0a plus de d\u00e9nonciation de cette triste \u00a0r\u00e9alit\u00e9 au niveau de la zone de Kal\u00e9ta.\u00a0\u00ab\u00a0Je demande encore aux journalistes, au lieu de se focaliser sur Taliby Sylla, il faut se focaliser sur les effets nocifs que nous connaissons aujourd\u2019hui pour sauver notre environnement\u00a0\u00bb, a lanc\u00e9 aux journalistes<\/p>\n<p>&nbsp;<\/p>\n<p>&nbsp;<\/p>\n<p>Prenant la \u00a0parole, Dr Ibrahima kourouma repr\u00e9sentant du premier ministre Kassory Fofana a cette rencontre, a dit\u00a0:\u00a0\u00ab\u00a0Je suis tr\u00e8s\u00a0 \u00e9merveill\u00e9\u00a0\u00a0 de voir ce\u00a0\u00a0 \u00a0gigantesque barrage en construction qui est d&rsquo;une capacit\u00e9 pr\u00e9visionnelle \u00a0\u00a0de 450 Mw\u00a0\u00bb.<\/p>\n<p>&nbsp;<\/p>\n<p>Avant de\u00a0\u00a0 \u00a0remercier\u00a0\u00a0 \u00a0le pr\u00e9sident de la R\u00e9publique, le prof \u00a0Alpha Cond\u00e9 et son ministre de l&rsquo;\u00e9nergie pour cet exploit.\u00a0\u00ab\u00a0 La Guin\u00e9e dans les ann\u00e9es 2007 et de nos jours, il y a une tr\u00e8s grande diff\u00e9rence. Les guin\u00e9ens ont bien fait de choisir le pr\u00e9sident Alpha Cond\u00e9 qui va sortir ce pays de l&rsquo;obscurit\u00e9\u00a0\u00bb, a conclu le repr\u00e9sentant de Kassory Fofana \u00e0 Kal\u00e9ta .<\/p>\n<p>&nbsp;<\/p>\n<p><strong>Mariam K Camara pour wwww.conakrynews.org 621242468 \u00a0<\/strong><\/p>\n<p><strong>\u00a0<\/strong><\/p>\n","protected":false},"excerpt":{"rendered":"<p>Le 28 Mai de chaque ann\u00e9e, date \u00a0anniversaire du lancement du barrage hydro\u00e9lectrique de \u00a0kal\u00e9ta. A cette occasion, le minist\u00e8re de l&rsquo;\u00e9nergie\u00a0 a \u00a0organis\u00e9 ce jeudi 30 mai 2019, une journ\u00e9e porte ouverte sur le barrage hydro\u00e9lectrique de kal\u00e9ta et celui de souapiti en phase de construction. Sur les lieux, force est de constater \u00a0que [&hellip;]<\/p>\n","protected":false},"author":2,"featured_media":3193,"comment_status":"open","ping_status":"open","sticky":false,"template":"","format":"standard","meta":{"footnotes":""},"categories":[1],"tags":[],"class_list":{"0":"post-3192","1":"post","2":"type-post","3":"status-publish","4":"format-standard","5":"has-post-thumbnail","7":"category-non-classe"},"_links":{"self":[{"href":"https:\/\/conakrynews.org\/index.php\/wp-json\/wp\/v2\/posts\/3192","targetHints":{"allow":["GET"]}}],"collection":[{"href":"https:\/\/conakrynews.org\/index.php\/wp-json\/wp\/v2\/posts"}],"about":[{"href":"https:\/\/conakrynews.org\/index.php\/wp-json\/wp\/v2\/types\/post"}],"author":[{"embeddable":true,"href":"https:\/\/conakrynews.org\/index.php\/wp-json\/wp\/v2\/users\/2"}],"replies":[{"embeddable":true,"href":"https:\/\/conakrynews.org\/index.php\/wp-json\/wp\/v2\/comments?post=3192"}],"version-history":[{"count":0,"href":"https:\/\/conakrynews.org\/index.php\/wp-json\/wp\/v2\/posts\/3192\/revisions"}],"wp:featuredmedia":[{"embeddable":true,"href":"https:\/\/conakrynews.org\/index.php\/wp-json\/wp\/v2\/media\/3193"}],"wp:attachment":[{"href":"https:\/\/conakrynews.org\/index.php\/wp-json\/wp\/v2\/media?parent=3192"}],"wp:term":[{"taxonomy":"category","embeddable":true,"href":"https:\/\/conakrynews.org\/index.php\/wp-json\/wp\/v2\/categories?post=3192"},{"taxonomy":"post_tag","embeddable":true,"href":"https:\/\/conakrynews.org\/index.php\/wp-json\/wp\/v2\/tags?post=3192"}],"curies":[{"name":"wp","href":"https:\/\/api.w.org\/{rel}","templated":true}]}}