{"id":3199,"date":"2019-06-03T18:55:17","date_gmt":"2019-06-03T16:55:17","guid":{"rendered":"https:\/\/conakrynews.org\/?p=3199"},"modified":"2019-06-03T18:55:17","modified_gmt":"2019-06-03T16:55:17","slug":"guinee-loim-soutient-projets-rescapes-de-migration","status":"publish","type":"post","link":"https:\/\/conakrynews.org\/index.php\/guinee-loim-soutient-projets-rescapes-de-migration\/","title":{"rendered":"Guin\u00e9e : l&rsquo;OIM  soutient  les projets des rescap\u00e9s de la migration"},"content":{"rendered":"<p>Ces derni\u00e8res ann\u00e9es en Afrique particuli\u00e8rement en Guin\u00e9e, l\u2019immigration clandestine ou irr\u00e9guli\u00e8re a suscit\u00e9 beaucoup d\u2019engouement chez les jeunes gens dont l\u2019\u00e2ge varie de 15 \u00e0 35 ans voir m\u00eame plus. Ces jeunes quittent leurs pays pour aller \u00e0 la recherche du bien-\u00eatre pouvant leur permettre de s\u2019auto-prendre en charge mais \u00e9galement leurs familles respectives. Ce ph\u00e9nom\u00e8ne devenu de nos jours une triste r\u00e9alit\u00e9, engendre parfois des cons\u00e9quences f\u00e2cheuses et inqui\u00e9tantes. Ce lundi, 03 juin 2019, dans une usine textile sise \u00e0 Sanoyah dans la pr\u00e9fecture de Coyah, \u00a0la r\u00e9daction de Conakrynews.org est all\u00e9e \u00e0 la\u00a0 rencontre d\u2019un jeune immigrant qui, apr\u00e8s avoir subi toutes les souffrances dans sa m\u00e9saventure, a fini par choisir le retour volontaire au bercail avec l\u2019aide de l\u2019Organisation Internationale de la Migration (OIM).<\/p>\n<p><strong>Ibrahima Kalil Camara,\u00a0 un jeune immigrant fraichement rentr\u00e9 au pays, nous raconte sa m\u00e9saventure<\/strong><\/p>\n<p>&nbsp;<\/p>\n<p><strong>\u00ab\u00a0<\/strong>J\u2019\u00e9tais en Guin\u00e9e, mais vue la chert\u00e9 de la vie et aucun signe d\u2019espoir en l\u2019avenir, j\u2019ai eu l\u2019id\u00e9e comme la plupart des jeunes compatriotes, \u00a0de me lancer en aventure avec le peu de moyens que j\u2019avais. Ayant une petite id\u00e9e du chemin \u00e0 parcourir, j\u2019ai pris la route de la r\u00e9publique du Mali en passant par le d\u00e9sert empest\u00e9 de reptiles venimeux \u00a0jusqu\u2019\u00e0 atteindre l\u2019Alg\u00e9rie. En v\u00e9rit\u00e9, cette exp\u00e9rience a \u00e9t\u00e9 un v\u00e9ritable calvaire pour notre groupe. Une fois en Alg\u00e9rie, j\u2019ai commenc\u00e9 \u00e0 me d\u00e9brouiller tout seul. C\u2019est alors qu\u2019un jour, un groupe de migrants sub-sahariens sont venus nous dire qu\u2019ils se dirigeaient vers la Lybie\u00a0 pour tenter leur chance. Mais malheureusement, si certains ont r\u00e9ussi \u00e0 traverser la mer m\u00e9diterran\u00e9enne pour atteindre l\u2019Italie, d\u2019autres se sont noy\u00e9s en mer. Malgr\u00e9 ce drame qui trottait dans ma t\u00eate, j\u2019ai par prendre une d\u00e9cision\u00a0: Aller aussi en Lybie pour affronter la mer, pour ne pas dire la mort. C\u2019est au cours de la pr\u00e9paration de notre assaut qu\u2019on\u00a0 a finalement \u00e9t\u00e9 interpel\u00e9s par la police libyenne. Suivra ensuite une dure r\u00e9alit\u00e9 de la prison \u00e9maill\u00e9e\u00a0 de toutes sortes d\u2019atrocit\u00e9 durant des mois.<\/p>\n<p><strong>La rencontre avec l\u2019OIM<\/strong><\/p>\n<p>\u00ab\u00a0vivant dans des conditions inhumaines, notre salut viendra de l\u2019OIM qui, au cours d\u2019une de ses visites dans les lieux de d\u00e9tention de jeunes migrants tous sexes confondus \u00e0 d\u00e9couvert les conditions inhumaines dans lesquelles nous vivons.<\/p>\n<p>&nbsp;<\/p>\n<p>C\u2019est donc \u00e0 la suite de cette d\u00e9couverte que l\u2019OIM nous a propos\u00e9 un retour volontaire dans\u00a0 le pays d\u2019origine avec l\u2019apport de l\u2019ambassade de la Guin\u00e9e en Lybie, ce que nous acceptons avec volontiers.\u00a0 \u00a0Arriv\u00e9 en Guin\u00e9e, nous avons \u00e9t\u00e9 accueillis \u00e0 l\u2019a\u00e9roport de Conakry Gb\u00eassia qui ont \u00e0 chacun une somme de 500 cent mille francs guin\u00e9ens plus un t\u00e9l\u00e9phone. Ensuite, L\u2019OIM Guin\u00e9e nous a \u00e9galement accord\u00e9 une formation en montage de projet. Dans le souci de nous accompagner, l\u2019OIM nous a dit\u00a0aussi de nous constituer en groupe pour ficeler un projet fiable. C\u2019est ainsi que mon projet de saponification a \u00e9t\u00e9 financ\u00e9 par l\u2019OIM.<\/p>\n<p><strong>Projet de saponification<\/strong><\/p>\n<p>&nbsp;<\/p>\n<p>Le projet \u00e9tant financ\u00e9, les membres de mon groupe et moi avons trouv\u00e9s un endroit \u00e0 Sanoyah usine textile nord tout pr\u00e8s de la mosqu\u00e9e pour exercer nos activit\u00e9s. Actuellement, nous avons commenc\u00e9 \u00e0 produire du savon et sa qualit\u00e9 est tr\u00e8s appr\u00e9ci\u00e9e par les utilisateurs du dit quartier. L\u2019OIM avec sa politique de gestion du fonds octroy\u00e9 aux migrants est minime dans un premier temps. Histoire d\u2019\u00e9viter aux migrants b\u00e9n\u00e9ficiaires de ne pas tenter une deuxi\u00e8me exp\u00e9rience.<\/p>\n<p>C\u2019est le lieu et le moment de remercier l\u2019OIM pour sa pr\u00e9cieuse aide qui a permis \u00a0notre insertion sociale.<\/p>\n<p><strong><img loading=\"lazy\" decoding=\"async\" class=\"alignright size-medium wp-image-3201\" src=\"https:\/\/conakrynews.org\/wp-content\/uploads\/2019\/06\/photo-OIM2-515x343.jpg\" alt=\"\" width=\"515\" height=\"343\" srcset=\"https:\/\/conakrynews.org\/wp-content\/uploads\/2019\/06\/photo-OIM2-515x343.jpg 515w, https:\/\/conakrynews.org\/wp-content\/uploads\/2019\/06\/photo-OIM2-768x512.jpg 768w\" sizes=\"auto, (max-width: 515px) 100vw, 515px\" \/><img loading=\"lazy\" decoding=\"async\" class=\"alignright size-medium wp-image-3202\" src=\"https:\/\/conakrynews.org\/wp-content\/uploads\/2019\/06\/PHOTO-OIM3-515x343.jpg\" alt=\"\" width=\"515\" height=\"343\" srcset=\"https:\/\/conakrynews.org\/wp-content\/uploads\/2019\/06\/PHOTO-OIM3-515x343.jpg 515w, https:\/\/conakrynews.org\/wp-content\/uploads\/2019\/06\/PHOTO-OIM3-768x512.jpg 768w\" sizes=\"auto, (max-width: 515px) 100vw, 515px\" \/>Conseil d\u2019un migrant\u00a0 <\/strong><\/p>\n<p>\u2018\u2019Je dirai \u00e0 tous mes fr\u00e8res de ne pas entreprendre un quelconque projet de voyage en optant pour\u00a0 la clandestinit\u00e9\u2019\u2019.<\/p>\n<p><strong>\u00a0R\u00e9alis\u00e9\u00a0 par Ibrahima Kalil Sylla pour <a href=\"https:\/\/conakrynews.org\/\">conakrynews.org<\/a><\/strong><\/p>\n<p><img loading=\"lazy\" decoding=\"async\" class=\"alignright size-medium wp-image-3200\" src=\"https:\/\/conakrynews.org\/wp-content\/uploads\/2019\/06\/photo-OIM-1-515x343.jpg\" alt=\"\" width=\"515\" height=\"343\" srcset=\"https:\/\/conakrynews.org\/wp-content\/uploads\/2019\/06\/photo-OIM-1-515x343.jpg 515w, https:\/\/conakrynews.org\/wp-content\/uploads\/2019\/06\/photo-OIM-1-768x512.jpg 768w, https:\/\/conakrynews.org\/wp-content\/uploads\/2019\/06\/photo-OIM-1.jpg 1080w\" sizes=\"auto, (max-width: 515px) 100vw, 515px\" \/><\/p>\n","protected":false},"excerpt":{"rendered":"<p>Ces derni\u00e8res ann\u00e9es en Afrique particuli\u00e8rement en Guin\u00e9e, l\u2019immigration clandestine ou irr\u00e9guli\u00e8re a suscit\u00e9 beaucoup d\u2019engouement chez les jeunes gens dont l\u2019\u00e2ge varie de 15 \u00e0 35 ans voir m\u00eame plus. Ces jeunes quittent leurs pays pour aller \u00e0 la recherche du bien-\u00eatre pouvant leur permettre de s\u2019auto-prendre en charge mais \u00e9galement leurs familles respectives. [&hellip;]<\/p>\n","protected":false},"author":2,"featured_media":3200,"comment_status":"open","ping_status":"open","sticky":false,"template":"","format":"standard","meta":{"footnotes":""},"categories":[1],"tags":[],"class_list":{"0":"post-3199","1":"post","2":"type-post","3":"status-publish","4":"format-standard","5":"has-post-thumbnail","7":"category-non-classe"},"_links":{"self":[{"href":"https:\/\/conakrynews.org\/index.php\/wp-json\/wp\/v2\/posts\/3199","targetHints":{"allow":["GET"]}}],"collection":[{"href":"https:\/\/conakrynews.org\/index.php\/wp-json\/wp\/v2\/posts"}],"about":[{"href":"https:\/\/conakrynews.org\/index.php\/wp-json\/wp\/v2\/types\/post"}],"author":[{"embeddable":true,"href":"https:\/\/conakrynews.org\/index.php\/wp-json\/wp\/v2\/users\/2"}],"replies":[{"embeddable":true,"href":"https:\/\/conakrynews.org\/index.php\/wp-json\/wp\/v2\/comments?post=3199"}],"version-history":[{"count":0,"href":"https:\/\/conakrynews.org\/index.php\/wp-json\/wp\/v2\/posts\/3199\/revisions"}],"wp:featuredmedia":[{"embeddable":true,"href":"https:\/\/conakrynews.org\/index.php\/wp-json\/wp\/v2\/media\/3200"}],"wp:attachment":[{"href":"https:\/\/conakrynews.org\/index.php\/wp-json\/wp\/v2\/media?parent=3199"}],"wp:term":[{"taxonomy":"category","embeddable":true,"href":"https:\/\/conakrynews.org\/index.php\/wp-json\/wp\/v2\/categories?post=3199"},{"taxonomy":"post_tag","embeddable":true,"href":"https:\/\/conakrynews.org\/index.php\/wp-json\/wp\/v2\/tags?post=3199"}],"curies":[{"name":"wp","href":"https:\/\/api.w.org\/{rel}","templated":true}]}}