{"id":3204,"date":"2019-06-05T14:11:35","date_gmt":"2019-06-05T12:11:35","guid":{"rendered":"https:\/\/conakrynews.org\/?p=3204"},"modified":"2019-06-05T14:18:54","modified_gmt":"2019-06-05T12:18:54","slug":"grande-fete-de-laid-el-fitr-propos-grand-imam-de-conakry","status":"publish","type":"post","link":"https:\/\/conakrynews.org\/index.php\/grande-fete-de-laid-el-fitr-propos-grand-imam-de-conakry\/","title":{"rendered":"Grande F\u00eate de l\u2019A\u00efd El fitr : Les propos du grand Imam de Conakry"},"content":{"rendered":"<p><strong>Ce \u00a0Mardi ,04 juin 2019, les\u00a0 fid\u00e8les musulmans ont c\u00e9l\u00e9br\u00e9 la\u00a0 \u00a0f\u00eat\u00e9 A\u00efd El fitr,\u00a0 une journ\u00e9e\u00a0 \u00a0qui se mat\u00e9rialise \u00a0par \u00a0la fin du mois saint de ramadan.<\/strong><\/p>\n<p>&nbsp;<\/p>\n<p>&nbsp;<\/p>\n<p>El hadj Mamadou Saliou Camara, le grand imam de la mosqu\u00e9e Fay\u00e7al de Conakry, \u00a0a \u00a0appel\u00e9 les guin\u00e9ens\u00a0\u00a0 \u00e0 \u00a0la paix et\u00a0 le \u00a0pardon entre \u00a0\u00a0tous les \u00a0fils \u00a0du pays.<\/p>\n<p>\u00ab\u00a0J\u2019appelle tous\u00a0 les \u00a0Guin\u00e9ens et Guin\u00e9ennes \u00e0 l\u2019amour \u00a0et le pardon entre nous. Quand on s\u2019aime entre nous \u00a0, tu m\u2019aimes, je t\u2019aime, cela\u00a0 nous donnera\u00a0\u00a0 la force \u00e0\u00a0 \u00a0\u00a0contribuer au d\u00e9velopper rapide\u00a0 de notre nation\u00a0\u00bb\u00a0,\u00a0 a fait savoir aux\u00a0 Guin\u00e9ens\u00a0 le premier \u00a0imam de la grande mosqu\u00e9e de Conakry .<\/p>\n<p>&nbsp;<\/p>\n<p>Avant d\u2019interpeler les guin\u00e9ens \u00a0au respect des valeurs d\u00e9mocratiques.\u00a0\u00ab\u00a0J\u2019appelle tous les Guin\u00e9ens \u00e0 l\u2019entente\u00a0 \u00a0et respecter d\u00e9mocratiquement leurs processus. Il faut qu\u2019ils respectent ce qui est recommand\u00e9 pour que la Guin\u00e9e vive dans la paix\u00a0; pour que le reste soit d\u00e9velopp\u00e9 rapidement. On peut d\u00e9velopper ici rapidement, car, \u00a0ce ne sont pas les s\u00e9n\u00e9galais \u00a0qui pourront d\u00e9velopper notre pays ni Maliens mais \u00a0c\u2019est \u00e0 nous les \u00a0Guin\u00e9ens de d\u00e9velopper notre nation\u00a0\u00bb,a \u00a0conclu El Hadj \u00a0Mamadou Saliou Camara.<\/p>\n<p><strong>Sylla Ibrahima Kalil\u00a0\u00a0 \u00a0pour <a href=\"https:\/\/conakrynews.org\">www.conakrynews.org<\/a> 625444534<\/strong><\/p>\n<p>&nbsp;<\/p>\n<figure id=\"attachment_3205\" aria-describedby=\"caption-attachment-3205\" style=\"width: 448px\" class=\"wp-caption alignright\"><img loading=\"lazy\" decoding=\"async\" class=\"size-full wp-image-3205\" src=\"https:\/\/conakrynews.org\/wp-content\/uploads\/2019\/06\/imam.jpg\" alt=\"\" width=\"448\" height=\"336\" \/><figcaption id=\"caption-attachment-3205\" class=\"wp-caption-text\">PENTAX DIGITAL CAMERA<\/figcaption><\/figure>\n","protected":false},"excerpt":{"rendered":"<p>Ce \u00a0Mardi ,04 juin 2019, les\u00a0 fid\u00e8les musulmans ont c\u00e9l\u00e9br\u00e9 la\u00a0 \u00a0f\u00eat\u00e9 A\u00efd El fitr,\u00a0 une journ\u00e9e\u00a0 \u00a0qui se mat\u00e9rialise \u00a0par \u00a0la fin du mois saint de ramadan. &nbsp; &nbsp; El hadj Mamadou Saliou Camara, le grand imam de la mosqu\u00e9e Fay\u00e7al de Conakry, \u00a0a \u00a0appel\u00e9 les guin\u00e9ens\u00a0\u00a0 \u00e0 \u00a0la paix et\u00a0 le \u00a0pardon entre [&hellip;]<\/p>\n","protected":false},"author":2,"featured_media":3205,"comment_status":"open","ping_status":"open","sticky":false,"template":"","format":"standard","meta":{"footnotes":""},"categories":[1],"tags":[],"class_list":{"0":"post-3204","1":"post","2":"type-post","3":"status-publish","4":"format-standard","5":"has-post-thumbnail","7":"category-non-classe"},"_links":{"self":[{"href":"https:\/\/conakrynews.org\/index.php\/wp-json\/wp\/v2\/posts\/3204","targetHints":{"allow":["GET"]}}],"collection":[{"href":"https:\/\/conakrynews.org\/index.php\/wp-json\/wp\/v2\/posts"}],"about":[{"href":"https:\/\/conakrynews.org\/index.php\/wp-json\/wp\/v2\/types\/post"}],"author":[{"embeddable":true,"href":"https:\/\/conakrynews.org\/index.php\/wp-json\/wp\/v2\/users\/2"}],"replies":[{"embeddable":true,"href":"https:\/\/conakrynews.org\/index.php\/wp-json\/wp\/v2\/comments?post=3204"}],"version-history":[{"count":0,"href":"https:\/\/conakrynews.org\/index.php\/wp-json\/wp\/v2\/posts\/3204\/revisions"}],"wp:featuredmedia":[{"embeddable":true,"href":"https:\/\/conakrynews.org\/index.php\/wp-json\/wp\/v2\/media\/3205"}],"wp:attachment":[{"href":"https:\/\/conakrynews.org\/index.php\/wp-json\/wp\/v2\/media?parent=3204"}],"wp:term":[{"taxonomy":"category","embeddable":true,"href":"https:\/\/conakrynews.org\/index.php\/wp-json\/wp\/v2\/categories?post=3204"},{"taxonomy":"post_tag","embeddable":true,"href":"https:\/\/conakrynews.org\/index.php\/wp-json\/wp\/v2\/tags?post=3204"}],"curies":[{"name":"wp","href":"https:\/\/api.w.org\/{rel}","templated":true}]}}