{"id":3279,"date":"2019-08-27T13:56:18","date_gmt":"2019-08-27T11:56:18","guid":{"rendered":"https:\/\/conakrynews.org\/?p=3279"},"modified":"2019-08-27T19:23:11","modified_gmt":"2019-08-27T17:23:11","slug":"conakry-lancement-de-campagne-de-vaccination-basee-risque-contre-rage","status":"publish","type":"post","link":"https:\/\/conakrynews.org\/index.php\/conakry-lancement-de-campagne-de-vaccination-basee-risque-contre-rage\/","title":{"rendered":"Conakry : Lancement de la Campagne  de vaccination bas\u00e9e sur le risque contre la rage"},"content":{"rendered":"<p class=\"yiv1743542339ydp7167782fMsoNormal\"><b>Ce Lundi 26 Ao\u00fbt 2019 \u00e0 Conakry, les locaux de la commune de Matoto ont abrit\u00e9 au lancement de la campagne nationale\u00a0de vaccination bas\u00e9e sur\u00a0\u00a0le risque contre la rage en R\u00e9publique de Gun\u00e9e. Pr\u00e9sid\u00e9e par le ministre de l\u2019\u00e9levage, Patrick Milimono,\u00a0cette importante c\u00e9r\u00e9monie \u00a0s\u2019est d\u00e9roul\u00e9e en pr\u00e9sence de plusieurs personnalit\u00e9s \u00a0notamment, le maire de la commune de Matoto, les \u00e9lus locaux \u00a0de la commune, le directeur g\u00e9n\u00e9ral de l\u2019Agence Nationale de S\u00e9curit\u00e9 Sanitaire, le repr\u00e9sentant de la FAO,le repr\u00e9sentant de l\u2019Institut pasteur de Guin\u00e9e, le repr\u00e9sentant de l\u2019OMS ,les directeurs nationaux des services d\u00e9concentr\u00e9s etc.\u2026 \u00a0\u00a0\u00a0\u00a0\u00a0\u00a0<\/b><b><\/b><\/p>\n<p class=\"yiv1743542339ydp7167782fMsoNormal\"><b>\u00a0<\/b><b><\/b><\/p>\n<p class=\"yiv1743542339ydp7167782fMsoNormal\">Prenant la parole, le maire de la Commune de Matoto,Mamadouba Tos\u00a0\u00a0Camara, a d\u2019abord fait savoir que sa commune est parmi les zones les\u00a0\u00a0plus affect\u00e9es par la rage avant\u00a0\u00a0de\u00a0\u00a0d\u00e9clarer\u00a0: \u00ab\u00a0Le choix de notre commune Matoto, la plus grande collectivit\u00e9 guin\u00e9enne, traduit \u00e0 suffisance l\u2019attention que le gouvernement guin\u00e9en\u00a0accorde \u00e0 la pr\u00e9servation de la sant\u00e9 des laborieuses populations\u00a0de Matoto. On ne peut pas entretenir cette sant\u00e9 si nos animaux\u00a0domestiques ne sont pas d\u00e9barrass\u00e9s de certaines maladies \u00e0 haut\u00a0risque et transmissibles \u00e0 l\u2019homme. C\u2019est donc pour moi l\u2019occasion solennelle d\u2019inviter les populations\u00a0\u00a0de la\u00a0\u00a0commune \u00e0 se mettre \u00e0 la disposition des agents vaccinateurs pour faciliter\u00a0cette op\u00e9ration de sant\u00e9 publique\u00a0\u00bb, a-t-il d\u00e9clar\u00e9.<\/p>\n<p class=\"yiv1743542339ydp7167782fMsoNormal\"><b>\u00a0<\/b><\/p>\n<p class=\"yiv1743542339ydp7167782fMsoNormal\"><b>\u00a0<\/b><b>Avant d\u2019affirmer que les dispositions seront prises dans les\u00a0\u00a0services d\u00e9concentr\u00e9s afin de sensibiliser la population par rapport \u00a0\u00e0 la gestion de ces animaux domestiques qui parfois si ils ne sont pas\u00a0\u00a0bien entretenus deviennent une menace pour la sant\u00e9 des populations. \u00a0<\/b><\/p>\n<p class=\"yiv1743542339ydp7167782fMsoNormal\"><b>\u00a0<\/b><\/p>\n<p class=\"yiv1743542339ydp7167782fMsoNormal\"><img loading=\"lazy\" decoding=\"async\" class=\"alignright size-medium wp-image-3280\" src=\"https:\/\/conakrynews.org\/wp-content\/uploads\/2019\/08\/elevage-1-1-375x375.jpg\" alt=\"\" width=\"375\" height=\"375\" srcset=\"https:\/\/conakrynews.org\/wp-content\/uploads\/2019\/08\/elevage-1-1-375x375.jpg 375w, https:\/\/conakrynews.org\/wp-content\/uploads\/2019\/08\/elevage-1-1-70x70.jpg 70w, https:\/\/conakrynews.org\/wp-content\/uploads\/2019\/08\/elevage-1-1-768x768.jpg 768w, https:\/\/conakrynews.org\/wp-content\/uploads\/2019\/08\/elevage-1-1.jpg 960w\" sizes=\"auto, (max-width: 375px) 100vw, 375px\" \/><img loading=\"lazy\" decoding=\"async\" class=\"alignright size-medium wp-image-3281\" src=\"https:\/\/conakrynews.org\/wp-content\/uploads\/2019\/08\/elevage-2-375x375.jpg\" alt=\"\" width=\"375\" height=\"375\" srcset=\"https:\/\/conakrynews.org\/wp-content\/uploads\/2019\/08\/elevage-2-375x375.jpg 375w, https:\/\/conakrynews.org\/wp-content\/uploads\/2019\/08\/elevage-2-70x70.jpg 70w, https:\/\/conakrynews.org\/wp-content\/uploads\/2019\/08\/elevage-2-768x768.jpg 768w, https:\/\/conakrynews.org\/wp-content\/uploads\/2019\/08\/elevage-2.jpg 960w\" sizes=\"auto, (max-width: 375px) 100vw, 375px\" \/><img loading=\"lazy\" decoding=\"async\" class=\"alignright size-medium wp-image-3282\" src=\"https:\/\/conakrynews.org\/wp-content\/uploads\/2019\/08\/elevage-3-375x375.jpg\" alt=\"\" width=\"375\" height=\"375\" srcset=\"https:\/\/conakrynews.org\/wp-content\/uploads\/2019\/08\/elevage-3-375x375.jpg 375w, https:\/\/conakrynews.org\/wp-content\/uploads\/2019\/08\/elevage-3-70x70.jpg 70w, https:\/\/conakrynews.org\/wp-content\/uploads\/2019\/08\/elevage-3-768x768.jpg 768w, https:\/\/conakrynews.org\/wp-content\/uploads\/2019\/08\/elevage-3.jpg 960w\" sizes=\"auto, (max-width: 375px) 100vw, 375px\" \/>Roger \u00a0Patrick Milimono,ministre de l\u2019\u00e9l\u00e9vage , a\u00a0\u00a0pr\u00e9cis\u00e9 que\u00a0cette campagne va concerner quatre localit\u00e9s dont\u00a0la commune de Matoto\u00a0,les\u00a0\u00a0pr\u00e9fectures de Faranah ,N\u2019Zer\u00e9kor\u00e9\u00a0\u00a0\u00a0et Bok\u00e9.<\/p>\n<p class=\"yiv1743542339ydp7167782fMsoNormal\">\u00a0\u00ab\u00a0Pourquoi ces quatre (4)\u00a0\u00a0localit\u00e9 de la guin\u00e9e\u00a0? Parce que ce sont des localit\u00e9s qui sont les\u00a0plus infest\u00e9es. Des cas de morsures avec un taux positif de 16 cas sur 22 transmis au laboratoire. Ces chiens \u00e9taient affect\u00e9s\u00a0de rage et donc, les personnes qui \u00e9taient mordues, \u00e9taient automatiquement\u00a0affect\u00e9es de rage\u00a0\u00bb, a affirm\u00e9 le ministre de l\u2019\u00e9levage.<\/p>\n<p class=\"yiv1743542339ydp7167782fMsoNormal\">Avant d\u2019ajouter qu\u2019il fallait prendre les pr\u00e9cautions\u00a0en leur donnant des soins appropri\u00e9s.<\/p>\n<p class=\"yiv1743542339ydp7167782fMsoNormal\">\u00a0\u00ab\u00a0Il faudrait que je vous\u00a0dise qu\u2019il y aura une autre campagne de vaccination dans deux mois. Cela va couvrir plus de localit\u00e9s que ce que nous lan\u00e7ons aujourd\u2019hui. Cette campagne de\u00a0\u00a0vaccination est essentiellement sur le\u00a0budget national\u00a0et elle est gratuite\u00a0\u00bb, a fait savoir Patrick Milimono.<\/p>\n<p class=\"yiv1743542339ydp7167782fMsoNormal\">\u00a0Avant d\u2019inviter\u00a0\u00a0\u00a0les \u00e9leveurs des animaux domestiques\u00a0\u00a0\u00a0de prendre soin de leurs animaux de compagnie.<\/p>\n<p class=\"yiv1743542339ydp7167782fMsoNormal\">\u00a0\u00a0Poursuivant, le ministre\u00a0\u00a0\u00a0a\u00a0\u00a0dit\u00a0:\u00a0\u00ab\u00a0Pourquoi\u00a0\u00a0on ne fait pas l\u2019abattage \u00a0massif des chiens errants\u00a0? D\u2019abord au niveau international. , il y a des textes auxquels nous avons souscrit et\u00a0\u00a0qui interdisent l\u2019abattage\u00a0 massif des chiens sauf en cas d\u2019\u00e9pid\u00e9mie\u00a0 grave au sein du pays. On ne peut pas aujourd\u2019hui abattre les chiens comme \u00e7a. C\u2019est \u00a0vrai, il y a la rage, mais ce n\u2019est pas tous les chiens qui ont la rage. Et, les chiens errants, leurs \u00a0\u00e9l\u00e9ments \u00a0proviennent de la population m\u00eame. Parce que, ce sont les populations\u00a0 qui \u00e9l\u00e8vent ces chiens\u00a0 et les abandonnent\u00a0\u00a0\u00a0dans les rues\u00a0\u00bb.<\/p>\n<p class=\"yiv1743542339ydp7167782fMsoNormal\">\u00ab\u00a0Il faut que s\u2019informe les populations qu\u2019il y a des textes qui interdisent l\u2019\u00e9levage des animaux quand vous \u00eates d\u00e9pourvu de moyens pour les entretenir. Il faut pouvoir le nourrir chez vous, parce que quand le chien sort pour aller se nourrir, il est expos\u00e9 lui d\u2019abord \u00a0\u00a0\u00e0 des maladies comme la rage par exemple. Lorsqu\u2019il mord quelqu\u2019un c\u2019est le propri\u00e9taire du chien qui est le seul responsable de\u00a0 \u00e7a et normalement \u00a0il doit \u00eatre traduit devant les tribunaux comp\u00e9tents pour\u00a0\u00a0r\u00e9pondre devant la loi\u00a0\u00bb, a rappel\u00e9 le ministre\u00a0\u00a0dans son discours.<\/p>\n<p class=\"yiv1743542339ydp7167782fMsoNormal\">Le repr\u00e9sentant de l\u2019OMS,\u00a0\u00a0a\u00a0\u00a0d\u2019abord remerci\u00e9 les partenaires techniques et financiers avant d\u2019adresser ses\u00a0\u00a0sinc\u00e8res\u00a0\u00a0remerciements\u00a0\u00a0au gouvernement de la Guin\u00e9e\u00a0\u00a0en particulier le ministre de l\u2019\u00e9levage pour avoir permis\u00a0\u00a0de soutenir\u00a0\u00a0l\u2019organisation\u00a0\u00a0de c\u00e9r\u00e9monie officielle de lancement de la campagne de vaccination bas\u00e9e sur le risque\u00a0\u00a0contre \u00a0la Rage en Guin\u00e9e. \u00ab\u00a0Comme vous le savez, la rage est une maladie infectueuse d\u2019origine virale qui est presque toujours mortelle une fois que les sympt\u00f4mes sont apparus. Dans une proportion allant jusqu\u2019\u00e0 99% des cas chez l\u2019homme. Cette maladie est transmise lors de la morsure des animaux infect\u00e9s. La rage est pr\u00e9sente sur tous les continents. Mais plus des 95\u00a0% des cas humains et mortels\u00a0\u00a0\u00a0viennent en Asie et en Afrique. La rage fait partie des maladies tropicales n\u00e9glig\u00e9es\u00a0\u00a0puissante surtout sur des populations les plus vuln\u00e9rables vivant en milieux ruraux isol\u00e9s. Malgr\u00e9 que les produit et vaccins sont disponibles mais ces produits\u00a0\u00a0ne sont pas\u00a0\u00a0disponibles pour ceux qui en ont besoin\u00a0\u00bb, a pr\u00e9cis\u00e9 le repr\u00e9sentant de l\u2019OMS.<\/p>\n<div class=\"yiv1743542339ydp7167782fMsoNormal\"><b>Avant de\u00a0\u00a0r\u00e9it\u00e9rer\u00a0\u00a0l\u2019engagement de l\u2019OMS \u00e0 soutenir la\u00a0\u00a0guin\u00e9e \u00e0 travers son\u00a0\u00a0\u00a0\u00a0minist\u00e8re de l\u2019\u00e9levage\u00a0\u00a0pour\u00a0\u00a0combattre\u00a0\u00a0efficacement\u00a0\u00a0la maladie de la\u00a0\u00a0rage.<\/b><\/div>\n<div class=\"yiv1743542339ydp7167782fMsoNormal\"><b>\u00a0<\/b><\/div>\n<div class=\"yiv1743542339ydp7167782fMsoNormal\" dir=\"ltr\"><b>Sylla Ibrahima Kalil pour www.conakrynews.org 625444534<br \/>\n<\/b><\/div>\n","protected":false},"excerpt":{"rendered":"<p>Ce Lundi 26 Ao\u00fbt 2019 \u00e0 Conakry, les locaux de la commune de Matoto ont abrit\u00e9 au lancement de la campagne nationale\u00a0de vaccination bas\u00e9e sur\u00a0\u00a0le risque contre la rage en R\u00e9publique de Gun\u00e9e. Pr\u00e9sid\u00e9e par le ministre de l\u2019\u00e9levage, Patrick Milimono,\u00a0cette importante c\u00e9r\u00e9monie \u00a0s\u2019est d\u00e9roul\u00e9e en pr\u00e9sence de plusieurs personnalit\u00e9s \u00a0notamment, le maire de la [&hellip;]<\/p>\n","protected":false},"author":2,"featured_media":3280,"comment_status":"open","ping_status":"open","sticky":false,"template":"","format":"standard","meta":{"footnotes":""},"categories":[1],"tags":[],"class_list":{"0":"post-3279","1":"post","2":"type-post","3":"status-publish","4":"format-standard","5":"has-post-thumbnail","7":"category-non-classe"},"_links":{"self":[{"href":"https:\/\/conakrynews.org\/index.php\/wp-json\/wp\/v2\/posts\/3279","targetHints":{"allow":["GET"]}}],"collection":[{"href":"https:\/\/conakrynews.org\/index.php\/wp-json\/wp\/v2\/posts"}],"about":[{"href":"https:\/\/conakrynews.org\/index.php\/wp-json\/wp\/v2\/types\/post"}],"author":[{"embeddable":true,"href":"https:\/\/conakrynews.org\/index.php\/wp-json\/wp\/v2\/users\/2"}],"replies":[{"embeddable":true,"href":"https:\/\/conakrynews.org\/index.php\/wp-json\/wp\/v2\/comments?post=3279"}],"version-history":[{"count":0,"href":"https:\/\/conakrynews.org\/index.php\/wp-json\/wp\/v2\/posts\/3279\/revisions"}],"wp:featuredmedia":[{"embeddable":true,"href":"https:\/\/conakrynews.org\/index.php\/wp-json\/wp\/v2\/media\/3280"}],"wp:attachment":[{"href":"https:\/\/conakrynews.org\/index.php\/wp-json\/wp\/v2\/media?parent=3279"}],"wp:term":[{"taxonomy":"category","embeddable":true,"href":"https:\/\/conakrynews.org\/index.php\/wp-json\/wp\/v2\/categories?post=3279"},{"taxonomy":"post_tag","embeddable":true,"href":"https:\/\/conakrynews.org\/index.php\/wp-json\/wp\/v2\/tags?post=3279"}],"curies":[{"name":"wp","href":"https:\/\/api.w.org\/{rel}","templated":true}]}}