{"id":3290,"date":"2019-08-30T17:27:46","date_gmt":"2019-08-30T15:27:46","guid":{"rendered":"https:\/\/conakrynews.org\/?p=3290"},"modified":"2019-08-30T17:38:17","modified_gmt":"2019-08-30T15:38:17","slug":"kolabouiboke-signature-dun-protocole-daccord-enterrer-hache-de-guerre","status":"publish","type":"post","link":"https:\/\/conakrynews.org\/index.php\/kolabouiboke-signature-dun-protocole-daccord-enterrer-hache-de-guerre\/","title":{"rendered":"Kolaboui\/Bok\u00e9 : Signature d\u2019un protocole d\u2019accord pour enterrer la Hache de guerre"},"content":{"rendered":"<p><strong>Suite aux diff\u00e9rentes manifestations r\u00e9currentes dcontre le d\u00e9lestage dans la commune\u00a0\u00a0Bok\u00e9, l\u2019obscurit\u00e9 \u00e0 Kolaboui, l\u2019ANAIM s\u2019est librement engag\u00e9e \u00e0 trouver de groupes de 600KVA chacun pour Kllaboui et deux groupes de 1,4 M\u00e9ga chacun pour la ville de Kamsar. En plus, elle s\u2019est engag\u00e9e a prendre en charge l\u2019op\u00e9ration (carburant, lubrifiant et entretien) pour la centrale de Kolaboui \u00e0 travers un op\u00e9rateur priv\u00e9 local (Marinex group) avec lequel, l\u2019ANAIM a sign\u00e9 un contrat.\u00a0\u00a0\u00a0Un protocole d\u2019accord a \u00e9t\u00e9 donc sign\u00e9 entre les diff\u00e9rentes parties pour ent\u00e9riner l\u2019attente devant ramener la paix et qui\u00e9tude sociale dans cette sous-pr\u00e9fecture.<\/strong><\/p>\n<p>&nbsp;<\/p>\n<p>Une forte d\u00e9l\u00e9gation de l\u2019ANAIM s\u2019est rendue \u00e0 Bok\u00e9 en d\u00e9but de cette semaine pour essayer de mettre ensemble les repr\u00e9sentants de Marinex Groupe, la Soci\u00e9t\u00e9 GEK et la commune rurale de Kolaboui sous l\u2019\u0153il vigilant du sous-pr\u00e9fet de Kolaboui.<\/p>\n<p>&nbsp;<\/p>\n<p>Au cours des \u00e9changes, le Directeur g\u00e9n\u00e9ral adjoint et chef de la d\u00e9l\u00e9gation de l\u2019ANAIM a fait cas d\u2019un courrier invitant sa direction pour une rencontre urgente afin de r\u00e9gler les diff\u00e9rends entre Marinex Group et GEK pour la fourniture d\u2019\u00e9lectricit\u00e9 \u00e0 Kolaboui.<\/p>\n<p>&nbsp;<\/p>\n<p>Le directeur g\u00e9n\u00e9ral adjoint de l\u2019ANAIM a fait savoir que tout ce que la Direction G\u00e9n\u00e9rale fait c\u2019est pour le prix de la paix dans la pr\u00e9fecture de Bok\u00e9. \u00ab\u00a0<em>Il n\u2019y a pas de contrat entre GEK et ANAIM. Nous avons librement pris l\u2019engagement \u00e0 fournir des groupes et le carburant suite \u00e0 une r\u00e9union qu\u2019on a eu avec le minist\u00e8re de l\u2019\u00e9conomie et des finances en compagnie du minist\u00e8re de tutelle<\/em>\u00bb, a indiqu\u00e9 le DGA, Elhadj Moussa Camara DGA.<\/p>\n<p>&nbsp;<\/p>\n<p>En ce qui concerne les salaires des employ\u00e9s des centrales thermiques install\u00e9es pour \u00e9lectrifier cette localit\u00e9 et l\u2019achat de 4 transformateurs, il a soulign\u00e9 qu\u2019ils vont demander \u00e0 l\u2019op\u00e9rateur Marinex de le faire.<\/p>\n<p>Hafia Balde, conseiller \u00e0 la mairie de Kolaboui a dit qu\u2019il souhaiterait qu\u2019il y ait un contrat entre Marinex Group et GEK pour la fourniture d\u2019\u00e9lectricit\u00e9 dans notre localit\u00e9.\u00a0\u00a0\u00ab\u00a0<em>Je souhaite qu\u2019il y ait un contrat entre Marinex et GEK\u2026 Pour un contr\u00f4le local. D\u00e9fendre le salaire des employ\u00e9s\u2026. Le r\u00e9seau soit au compte de la commune\u00a0<\/em>\u00bb, a souhait\u00e9 M. Bald\u00e9.<\/p>\n<p>Ousmane Sampil, Directeur g\u00e9n\u00e9ral de Marinex Group a promis de racheter les r\u00e9seaux existants de GEK. Par la m\u00eame occasion, il a dit qu\u2019il n\u2019existait aucun contrat entre son groupe et GEK. Tout de m\u00eame, au cours de cette rencontre M. Sampil s\u2019est engag\u00e9 \u00e0 signer un contrat avec la soci\u00e9t\u00e9 GEK pour satisfaire les besoins de la communaut\u00e9.\u00a0\u00a0Il a pr\u00e9cis\u00e9 que sur le r\u00e9seau il y a des gros consommateurs qui sont branch\u00e9s (soudure, menuiserie, \u2026), c\u2019est ce qui est \u00e0 l\u2019origine en garde partie des soucis relatifs \u00e0 la fourniture de l\u2019\u00e9lectricit\u00e9. Il a r\u00e9it\u00e9r\u00e9 son engagement \u00e0 fournir le courant de 19h \u00e0 06h et le payement des salaires des employ\u00e9s. Auparavant l\u2019ANAIM a achet\u00e9 deux centrales thermiques pour la commune urbaine de Bok\u00e9, deux centrales pour Kamsar village. L\u2019agence est actuellement sur le point d\u2019achever la construction d\u2019un h\u00f4pital communautaire \u00e0 Kamsar.<\/p>\n<p>&nbsp;<\/p>\n<p>A la fin de la r\u00e9union, le sous-pr\u00e9fet, a remerci\u00e9 ANAIM pour les efforts consentis en acceptant de fournir de l\u2019\u00e9lectricit\u00e9 \u00e0 Kolaboui et ses environnants. A cette occasion, la c\u00e9r\u00e9monie a pris fin par la signature d\u2019un protocole d\u2019accord.<\/p>\n<p><strong>Le Nal\u00f4m\u00e2m\u00e2di<\/strong><img loading=\"lazy\" decoding=\"async\" class=\"alignright size-medium wp-image-3291\" src=\"https:\/\/conakrynews.org\/wp-content\/uploads\/2019\/08\/boke-kalil-515x245.jpg\" alt=\"\" width=\"515\" height=\"245\" srcset=\"https:\/\/conakrynews.org\/wp-content\/uploads\/2019\/08\/boke-kalil-515x245.jpg 515w, https:\/\/conakrynews.org\/wp-content\/uploads\/2019\/08\/boke-kalil.jpg 630w\" sizes=\"auto, (max-width: 515px) 100vw, 515px\" \/><img loading=\"lazy\" decoding=\"async\" class=\"alignright size-full wp-image-3292\" src=\"https:\/\/conakrynews.org\/wp-content\/uploads\/2019\/08\/boke2.jpg\" alt=\"\" width=\"300\" height=\"225\" \/><img loading=\"lazy\" decoding=\"async\" class=\"alignright size-full wp-image-3293\" src=\"https:\/\/conakrynews.org\/wp-content\/uploads\/2019\/08\/boke-3.jpg\" alt=\"\" width=\"300\" height=\"225\" \/><\/p>\n<p>&nbsp;<\/p>\n","protected":false},"excerpt":{"rendered":"<p>Suite aux diff\u00e9rentes manifestations r\u00e9currentes dcontre le d\u00e9lestage dans la commune\u00a0\u00a0Bok\u00e9, l\u2019obscurit\u00e9 \u00e0 Kolaboui, l\u2019ANAIM s\u2019est librement engag\u00e9e \u00e0 trouver de groupes de 600KVA chacun pour Kllaboui et deux groupes de 1,4 M\u00e9ga chacun pour la ville de Kamsar. En plus, elle s\u2019est engag\u00e9e a prendre en charge l\u2019op\u00e9ration (carburant, lubrifiant et entretien) pour la [&hellip;]<\/p>\n","protected":false},"author":2,"featured_media":3291,"comment_status":"open","ping_status":"open","sticky":false,"template":"","format":"standard","meta":{"footnotes":""},"categories":[1],"tags":[],"class_list":{"0":"post-3290","1":"post","2":"type-post","3":"status-publish","4":"format-standard","5":"has-post-thumbnail","7":"category-non-classe"},"_links":{"self":[{"href":"https:\/\/conakrynews.org\/index.php\/wp-json\/wp\/v2\/posts\/3290","targetHints":{"allow":["GET"]}}],"collection":[{"href":"https:\/\/conakrynews.org\/index.php\/wp-json\/wp\/v2\/posts"}],"about":[{"href":"https:\/\/conakrynews.org\/index.php\/wp-json\/wp\/v2\/types\/post"}],"author":[{"embeddable":true,"href":"https:\/\/conakrynews.org\/index.php\/wp-json\/wp\/v2\/users\/2"}],"replies":[{"embeddable":true,"href":"https:\/\/conakrynews.org\/index.php\/wp-json\/wp\/v2\/comments?post=3290"}],"version-history":[{"count":0,"href":"https:\/\/conakrynews.org\/index.php\/wp-json\/wp\/v2\/posts\/3290\/revisions"}],"wp:featuredmedia":[{"embeddable":true,"href":"https:\/\/conakrynews.org\/index.php\/wp-json\/wp\/v2\/media\/3291"}],"wp:attachment":[{"href":"https:\/\/conakrynews.org\/index.php\/wp-json\/wp\/v2\/media?parent=3290"}],"wp:term":[{"taxonomy":"category","embeddable":true,"href":"https:\/\/conakrynews.org\/index.php\/wp-json\/wp\/v2\/categories?post=3290"},{"taxonomy":"post_tag","embeddable":true,"href":"https:\/\/conakrynews.org\/index.php\/wp-json\/wp\/v2\/tags?post=3290"}],"curies":[{"name":"wp","href":"https:\/\/api.w.org\/{rel}","templated":true}]}}