{"id":3296,"date":"2019-09-01T12:47:09","date_gmt":"2019-09-01T10:47:09","guid":{"rendered":"https:\/\/conakrynews.org\/?p=3296"},"modified":"2019-09-01T13:13:09","modified_gmt":"2019-09-01T11:13:09","slug":"conakry-lafcad-offre-dons-aux-femmes-de-kaloum","status":"publish","type":"post","link":"https:\/\/conakrynews.org\/index.php\/conakry-lafcad-offre-dons-aux-femmes-de-kaloum\/","title":{"rendered":"Conakry : L\u2019AFCAD  Offre  des dons aux Femmes de Kaloum"},"content":{"rendered":"<p><strong>Conakry le 30 Ao\u00fbt 2019 \u00e0 Conakry, la pr\u00e9sidente de l\u2019Association des femmes capables d\u2019Afrique et d\u2019ailleurs en abr\u00e9g\u00e9e (AFCAD), a organis\u00e9 \u00a0\u00a0une grande \u00a0c\u00e9r\u00e9monie de remise de dons aux femmes de Kaloum dans la salle de r\u00e9union du Mus\u00e9e National de Sandervalia. L\u2019AFCAD\u00a0,c\u2019est une Association qui est bas\u00e9e en France et qui regroupe des femmes d\u2019Afrique et le reste du monde. \u00a0<\/strong><\/p>\n<p>&nbsp;<\/p>\n<p><img loading=\"lazy\" decoding=\"async\" class=\"alignright size-medium wp-image-3297\" src=\"https:\/\/conakrynews.org\/wp-content\/uploads\/2019\/09\/wax-1-375x375.jpg\" alt=\"\" width=\"375\" height=\"375\" srcset=\"https:\/\/conakrynews.org\/wp-content\/uploads\/2019\/09\/wax-1-375x375.jpg 375w, https:\/\/conakrynews.org\/wp-content\/uploads\/2019\/09\/wax-1-70x70.jpg 70w, https:\/\/conakrynews.org\/wp-content\/uploads\/2019\/09\/wax-1-768x768.jpg 768w, https:\/\/conakrynews.org\/wp-content\/uploads\/2019\/09\/wax-1.jpg 960w\" sizes=\"auto, (max-width: 375px) 100vw, 375px\" \/><img loading=\"lazy\" decoding=\"async\" class=\"alignright size-medium wp-image-3298\" src=\"https:\/\/conakrynews.org\/wp-content\/uploads\/2019\/09\/wax-2-375x375.jpg\" alt=\"\" width=\"375\" height=\"375\" srcset=\"https:\/\/conakrynews.org\/wp-content\/uploads\/2019\/09\/wax-2-375x375.jpg 375w, https:\/\/conakrynews.org\/wp-content\/uploads\/2019\/09\/wax-2-70x70.jpg 70w, https:\/\/conakrynews.org\/wp-content\/uploads\/2019\/09\/wax-2-768x768.jpg 768w, https:\/\/conakrynews.org\/wp-content\/uploads\/2019\/09\/wax-2.jpg 960w\" sizes=\"auto, (max-width: 375px) 100vw, 375px\" \/><img loading=\"lazy\" decoding=\"async\" class=\"alignright size-medium wp-image-3299\" src=\"https:\/\/conakrynews.org\/wp-content\/uploads\/2019\/09\/wax-3-375x375.jpg\" alt=\"\" width=\"375\" height=\"375\" srcset=\"https:\/\/conakrynews.org\/wp-content\/uploads\/2019\/09\/wax-3-375x375.jpg 375w, https:\/\/conakrynews.org\/wp-content\/uploads\/2019\/09\/wax-3-70x70.jpg 70w, https:\/\/conakrynews.org\/wp-content\/uploads\/2019\/09\/wax-3-768x768.jpg 768w, https:\/\/conakrynews.org\/wp-content\/uploads\/2019\/09\/wax-3.jpg 960w\" sizes=\"auto, (max-width: 375px) 100vw, 375px\" \/>Dans\u00a0 son intervention, la pr\u00e9sidente de l\u2019AFCAD (Association des Femmes Capables d\u2019Afrique et\u00a0 d\u2019Ailleurs) , Mariame Traor\u00e9, a\u00a0 d\u00e9clar\u00e9\u00a0 que \u00a0la c\u00e9r\u00e9monie de remise de dons aux femmes de kaloum qui nous r\u00e9unit ici cet apr\u00e8s-midi, s\u2019inscrit en droite ligne de l\u2019un des objectifs de leur \u00a0Association\u00a0; celui d\u2019assister la couche f\u00e9minine de notre pays.\u00a0\u00ab\u00a0 Une couche, qui pour le moment, reste encore sous la coupe des hommes malgr\u00e9 la parit\u00e9 des sexes qui reste encore en de\u00e7\u00e0 de nos esp\u00e9rances dans notre pays la Guin\u00e9e. L\u2019AFCAD\u00a0 est une association qui regroupe les femmes d\u2019Afrique et le reste du monde qui a \u00e9t\u00e9 cr\u00e9\u00e9e en France o\u00f9 se trouve le si\u00e8ge principal de ladite association\u00a0\u00bb<em>, <\/em>\u00a0a fait savoir la pr\u00e9sidente \u00a0de l\u2019AFCAD.<\/p>\n<p>&nbsp;<\/p>\n<p>Avant d\u2019affirmer que l\u2019objectif de ce don, est\u00a0 de valoriser la culture Guin\u00e9enne\u00a0 surtout la textile guin\u00e9enne. \u00ab\u00a0En tant \u00a0que femme guin\u00e9enne,\u00a0 ont doit porter ces tissus. Moi par exemple, je l\u2019a porte en boucle d\u2019oreille, en robe, en Saussure \u2026. Donc, c\u2019est \u00a0pour plut\u00f4t \u00a0valoriser\u00a0 cette tenue et mettre \u00a0ces \u00a0\u00a0femmes en valeur. Leur satisfaire en les\u00a0 donnant \u00a0de gros sourires\u00a0\u00bb, pr\u00e9cise telle.<\/p>\n<p>Avant de\u00a0 rappeler \u00a0que\u00a0 si on parle des foyers, c\u2019est la femme qui est vis\u00e9e d\u2019abord au premier plan parce que sans la femme, l\u2019homme n\u2019est rien. .<\/p>\n<p>\u00ab\u00a0Le but \u00a0de notre Association, c\u2019est pour s\u2019entraider, appuyer les femmes dans leurs d\u00e9marches administratives. Leur donner confiance, en gros, c\u2019est pour aider les femmes\u00a0\u00bb, ajoute \u00a0telle.<\/p>\n<p>Rench\u00e9rissant, elle a dit : \u00ab\u00a0Le don \u00e9tait pr\u00e9vu pour \u00a0quatre vingt (80) ou \u00a0cent (100) \u00a0\u00a0\u00a0personnes, mais du co\u00fbt on s\u2019est retrouv\u00e9 avec plus\u00a0 de 300 femmes. Prochainement \u00a0on en fera\u00a0 beaucoup pour couvrir \u00a0un nombre important\u00bb.<\/p>\n<p>Hadja Fatoumata \u00a0Camara, b\u00e9n\u00e9ficiaire de ce don, s\u2019est r\u00e9jouie du geste de la pr\u00e9sidente\u00a0 Mariam Traor\u00e9\u00a0: \u00ab\u00a0je suis tr\u00e8s contente d\u2019avoir b\u00e9n\u00e9fici\u00e9 ce don\u00a0; surtout que c\u2019est sous l\u2019initiative des femmes de la Guin\u00e9e r\u00e9sidentes en France. Je profite l\u2019occasion de dire \u00e0 ses initiatrices de nous venir en aide en soutenant nos projets qui pourraient nous permettre de mener une activit\u00e9 qui sera source de revenus\u00a0\u00bb, a telle soulign\u00e9.<\/p>\n<p>Pour finir, elle\u00a0 a dit\u00a0: \u00ab\u00a0Nous sommes vraiment \u00a0fier de cette action humanitaire de Dame Mariam Traor\u00e9. Parce que nous savons qu\u2019il y a d\u2019autres femmes guin\u00e9ennes en France \u00a0qui ne pensent m\u00eame pas \u00e0 \u00a0r\u00e9aliser ce genre d\u2019initiative afin de contribuer \u00a0\u00e0 leur fa\u00e7on au d\u00e9veloppement de leur pays. Ce n\u2019est pas le pagne que nous regardons, mais la volont\u00e9 qui a anim\u00e9 la pr\u00e9sidente de cette Association pour venir en aide aux femmes. Ce qui est mieux important pour nous aujourd\u2019hui. Nous remercions \u00a0donc les membres de cette Association \u00e0 travers leur pr\u00e9sidente, Madame \u00a0Mariam Traor\u00e9\u00a0\u00bb.<\/p>\n<p><strong>Sylla Ibrahima Kalil pour <a href=\"https:\/\/conakrynews.org\">www.conakrynews.org<\/a> 625444534<\/strong><\/p>\n<p>&nbsp;<\/p>\n<p>&nbsp;<\/p>\n","protected":false},"excerpt":{"rendered":"<p>Conakry le 30 Ao\u00fbt 2019 \u00e0 Conakry, la pr\u00e9sidente de l\u2019Association des femmes capables d\u2019Afrique et d\u2019ailleurs en abr\u00e9g\u00e9e (AFCAD), a organis\u00e9 \u00a0\u00a0une grande \u00a0c\u00e9r\u00e9monie de remise de dons aux femmes de Kaloum dans la salle de r\u00e9union du Mus\u00e9e National de Sandervalia. L\u2019AFCAD\u00a0,c\u2019est une Association qui est bas\u00e9e en France et qui regroupe des [&hellip;]<\/p>\n","protected":false},"author":2,"featured_media":3297,"comment_status":"open","ping_status":"open","sticky":false,"template":"","format":"standard","meta":{"footnotes":""},"categories":[1],"tags":[],"class_list":{"0":"post-3296","1":"post","2":"type-post","3":"status-publish","4":"format-standard","5":"has-post-thumbnail","7":"category-non-classe"},"_links":{"self":[{"href":"https:\/\/conakrynews.org\/index.php\/wp-json\/wp\/v2\/posts\/3296","targetHints":{"allow":["GET"]}}],"collection":[{"href":"https:\/\/conakrynews.org\/index.php\/wp-json\/wp\/v2\/posts"}],"about":[{"href":"https:\/\/conakrynews.org\/index.php\/wp-json\/wp\/v2\/types\/post"}],"author":[{"embeddable":true,"href":"https:\/\/conakrynews.org\/index.php\/wp-json\/wp\/v2\/users\/2"}],"replies":[{"embeddable":true,"href":"https:\/\/conakrynews.org\/index.php\/wp-json\/wp\/v2\/comments?post=3296"}],"version-history":[{"count":0,"href":"https:\/\/conakrynews.org\/index.php\/wp-json\/wp\/v2\/posts\/3296\/revisions"}],"wp:featuredmedia":[{"embeddable":true,"href":"https:\/\/conakrynews.org\/index.php\/wp-json\/wp\/v2\/media\/3297"}],"wp:attachment":[{"href":"https:\/\/conakrynews.org\/index.php\/wp-json\/wp\/v2\/media?parent=3296"}],"wp:term":[{"taxonomy":"category","embeddable":true,"href":"https:\/\/conakrynews.org\/index.php\/wp-json\/wp\/v2\/categories?post=3296"},{"taxonomy":"post_tag","embeddable":true,"href":"https:\/\/conakrynews.org\/index.php\/wp-json\/wp\/v2\/tags?post=3296"}],"curies":[{"name":"wp","href":"https:\/\/api.w.org\/{rel}","templated":true}]}}