{"id":33135,"date":"2025-04-11T15:11:03","date_gmt":"2025-04-11T15:11:03","guid":{"rendered":"https:\/\/conakrynews.org\/?p=33135"},"modified":"2025-04-11T16:58:28","modified_gmt":"2025-04-11T16:58:28","slug":"expo-2025-osaka-au-japon-dre-diaka-sidibe-sur-la-participation-de-la-guinee","status":"publish","type":"post","link":"https:\/\/conakrynews.org\/index.php\/expo-2025-osaka-au-japon-dre-diaka-sidibe-sur-la-participation-de-la-guinee\/","title":{"rendered":"Expo-2025 OSAKA au Japon: Dre Diaka Sidib\u00e9 sur la participation de la Guin\u00e9e"},"content":{"rendered":"<p>La ministre du Commerce ,d&rsquo;industries et des PME a anim\u00e9 une conf\u00e9rence de presse ce vendredi 11 Avril 2025,\u00e0 la plage camayenne,pour annoncer la participation de la Guin\u00e9e \u00e0 l&rsquo;Exposition Universelle 2025 -Osaka,qui se tiendra au Japon du 13 Avril au 13 Octobre 2025,sous le th\u00e8me mondial:\u00a0\u00bbConcevoir le futur ,imaginer notre vie de demain\u00a0\u00bb.<\/p>\n<p>\u00c0 l&rsquo;entame de son expos\u00e9,Mme la ministre du Commerce,d&rsquo;industries et des PME, Dre Diaka Sidib\u00e9, a  expliqu\u00e9 les avantages  de l&rsquo;\u00e9v\u00e9nement mondial pour des participants  de l&rsquo;Exposition d&rsquo;Osaka.\u00a0\u00bb C&rsquo;est une rencontre qui facilitera des entreprenariats commerciaux;l&rsquo;acquisition de nouveaux investisseurs \u00e9trangers;la mise en reseau de nos entrepreneurs nationaux avec le march\u00e9 ext\u00e9rieur.Mais aussi des retomb\u00e9es culturelles que nous attendons.Une meilleure visibilit\u00e9 pour nos artistes qui seront au rendez-vous.Des \u00e9changes enrichissants avec d&rsquo;autres nations.Une vitrine exceptionnelle pour notre patrimoine la Guin\u00e9e.C&rsquo;est un pavillon,des expositions des spectales et des affaires\u00a0\u00bb, a-t-elle  expliqu\u00e9 .<\/p>\n<p>Avant de  rappeler la participation de la Guin\u00e9e \u00e0 cet \u00e9v\u00e9nement mondial:\u00a0\u00bb  Ce qu&rsquo;il faut retenir,notre pr\u00e9sence comprendra un pavillon th\u00e9matique  pour raconter notre  histoire et pr\u00e9senter nos acquis.Un espace commercial pour exposer et vendre nos produits.Des conferences anim\u00e9es par des exports guin\u00e9ens,des specacles vivants mettant en valeur notre patrimoine culturel.Des rencontres d&rsquo;affaires entre les entreprises guin\u00e9ennes et des partenaires \u00e9trangers\u00a0\u00bb, a  fait savoir la ministre du Commerce,d&rsquo;industries et des PME.<\/p>\n<p>De m\u00eame,la ministre a sollicit\u00e9  la  mobilisation massive des guin\u00e9ens  pour r\u00e9ussir ce rendez majeur.\u00a0\u00bbL&rsquo;expo  d&rsquo;Osaka n&rsquo;est pas seulement une vitrine,c&rsquo;est un tremplin pour notre dipl\u00f4matie \u00e9conomique, culturelle et commerciale\u00a0\u00bb, dit-elle.<\/p>\n<p>Pour finir, la patronne du d\u00e9partement du  Commerce , a soulign\u00e9  la tenue de la journ\u00e9e nationale de la Guin\u00e9e, pr\u00e9vue le 10 juin 2025.\u00a0\u00bb Ce sera un moment fort pour notre  participation sur le plan culturel,diplomatique \u00e9conomique ,avec des performances ,des expositions et des rencontres officielles.J&rsquo;invite donc les m\u00e8dias \u00e0 accompagner cette dynamique et \u00e0 porter  haut  l&rsquo;image d&rsquo;une guin\u00e9e ambitieuse et cr\u00e9ative pour y  tourner vers l&rsquo;avenir\u00a0\u00bb.<\/p>\n<p>Sylla Ibrahima Kalil,pour www.conakrynews.org 625444534<\/p>\n","protected":false},"excerpt":{"rendered":"<p>La ministre du Commerce ,d&rsquo;industries et des PME a anim\u00e9 une conf\u00e9rence de presse ce vendredi 11 Avril 2025,\u00e0 la plage camayenne,pour annoncer la participation de la Guin\u00e9e \u00e0 l&rsquo;Exposition Universelle 2025 -Osaka,qui se tiendra au Japon du 13 Avril au 13 Octobre 2025,sous le th\u00e8me mondial:\u00a0\u00bbConcevoir le futur ,imaginer notre vie de demain\u00a0\u00bb. \u00c0 [&hellip;]<\/p>\n","protected":false},"author":2,"featured_media":33138,"comment_status":"closed","ping_status":"closed","sticky":false,"template":"","format":"standard","meta":{"footnotes":""},"categories":[58],"tags":[],"class_list":{"0":"post-33135","1":"post","2":"type-post","3":"status-publish","4":"format-standard","5":"has-post-thumbnail","7":"category-societe"},"_links":{"self":[{"href":"https:\/\/conakrynews.org\/index.php\/wp-json\/wp\/v2\/posts\/33135","targetHints":{"allow":["GET"]}}],"collection":[{"href":"https:\/\/conakrynews.org\/index.php\/wp-json\/wp\/v2\/posts"}],"about":[{"href":"https:\/\/conakrynews.org\/index.php\/wp-json\/wp\/v2\/types\/post"}],"author":[{"embeddable":true,"href":"https:\/\/conakrynews.org\/index.php\/wp-json\/wp\/v2\/users\/2"}],"replies":[{"embeddable":true,"href":"https:\/\/conakrynews.org\/index.php\/wp-json\/wp\/v2\/comments?post=33135"}],"version-history":[{"count":0,"href":"https:\/\/conakrynews.org\/index.php\/wp-json\/wp\/v2\/posts\/33135\/revisions"}],"wp:featuredmedia":[{"embeddable":true,"href":"https:\/\/conakrynews.org\/index.php\/wp-json\/wp\/v2\/media\/33138"}],"wp:attachment":[{"href":"https:\/\/conakrynews.org\/index.php\/wp-json\/wp\/v2\/media?parent=33135"}],"wp:term":[{"taxonomy":"category","embeddable":true,"href":"https:\/\/conakrynews.org\/index.php\/wp-json\/wp\/v2\/categories?post=33135"},{"taxonomy":"post_tag","embeddable":true,"href":"https:\/\/conakrynews.org\/index.php\/wp-json\/wp\/v2\/tags?post=33135"}],"curies":[{"name":"wp","href":"https:\/\/api.w.org\/{rel}","templated":true}]}}