{"id":33169,"date":"2025-04-12T12:35:15","date_gmt":"2025-04-12T12:35:15","guid":{"rendered":"https:\/\/conakrynews.org\/?p=33169"},"modified":"2025-04-12T14:05:14","modified_gmt":"2025-04-12T14:05:14","slug":"conakryvers-la-celebration-de-lan-64-du-journal-horoya","status":"publish","type":"post","link":"https:\/\/conakrynews.org\/index.php\/conakryvers-la-celebration-de-lan-64-du-journal-horoya\/","title":{"rendered":"Conakry:Vers la c\u00e9l\u00e9bration de l&rsquo;an 64 du Journal Horoya"},"content":{"rendered":"<p>La Direction G\u00e9n\u00e9rale du  quotidien national Horoya  organise la c\u00e9l\u00e9bration du  64\u00e8me anniversaire du journal le vendredi 18 Avril 2025, au si\u00e8ge dudit journal \u00e0 Boulbinet.Cet \u00e9v\u00e9nement majeur est plac\u00e9 Sous le haut patronage du Pr\u00e9sident de la R\u00e9publique, le G\u00e9n\u00e9ral de corps d\u2019Arm\u00e9e, Mamadi Doumbouya, du premier ministre, chef du gouvernement, Amadou Oury Bah, du ministre de l\u2019Information et de la Communication, Fana Soumah, ainsi que tous les membres du gouvernement.<\/p>\n<p>\u00c0 l&rsquo;occasion de cette c\u00e9l\u00e9bration,une lecture du Saint-Coran se fera \u00e0 partir de 9 heures  30 minutes, suivi de la visite d\u2019une exposition d\u2019archives, une remise de satisfecits aux anciens travailleurs et une collation.<\/p>\n<div style=\"width: 696px;\" class=\"wp-video\"><video class=\"wp-video-shortcode\" id=\"video-33169-1\" width=\"696\" height=\"392\" preload=\"metadata\" controls=\"controls\"><source type=\"video\/mp4\" src=\"https:\/\/conakrynews.org\/wp-content\/uploads\/2025\/04\/VID-20250411-WA0029.mp4?_=1\" \/><a href=\"https:\/\/conakrynews.org\/wp-content\/uploads\/2025\/04\/VID-20250411-WA0029.mp4\">https:\/\/conakrynews.org\/wp-content\/uploads\/2025\/04\/VID-20250411-WA0029.mp4<\/a><\/video><\/div>\n<p>La r\u00e9daction<\/p>\n","protected":false},"excerpt":{"rendered":"<p>La Direction G\u00e9n\u00e9rale du quotidien national Horoya organise la c\u00e9l\u00e9bration du 64\u00e8me anniversaire du journal le vendredi 18 Avril 2025, au si\u00e8ge dudit journal \u00e0 Boulbinet.Cet \u00e9v\u00e9nement majeur est plac\u00e9 Sous le haut patronage du Pr\u00e9sident de la R\u00e9publique, le G\u00e9n\u00e9ral de corps d\u2019Arm\u00e9e, Mamadi Doumbouya, du premier ministre, chef du gouvernement, Amadou Oury Bah, [&hellip;]<\/p>\n","protected":false},"author":2,"featured_media":33174,"comment_status":"closed","ping_status":"closed","sticky":false,"template":"","format":"standard","meta":{"footnotes":""},"categories":[58],"tags":[],"class_list":{"0":"post-33169","1":"post","2":"type-post","3":"status-publish","4":"format-standard","5":"has-post-thumbnail","7":"category-societe"},"_links":{"self":[{"href":"https:\/\/conakrynews.org\/index.php\/wp-json\/wp\/v2\/posts\/33169","targetHints":{"allow":["GET"]}}],"collection":[{"href":"https:\/\/conakrynews.org\/index.php\/wp-json\/wp\/v2\/posts"}],"about":[{"href":"https:\/\/conakrynews.org\/index.php\/wp-json\/wp\/v2\/types\/post"}],"author":[{"embeddable":true,"href":"https:\/\/conakrynews.org\/index.php\/wp-json\/wp\/v2\/users\/2"}],"replies":[{"embeddable":true,"href":"https:\/\/conakrynews.org\/index.php\/wp-json\/wp\/v2\/comments?post=33169"}],"version-history":[{"count":0,"href":"https:\/\/conakrynews.org\/index.php\/wp-json\/wp\/v2\/posts\/33169\/revisions"}],"wp:featuredmedia":[{"embeddable":true,"href":"https:\/\/conakrynews.org\/index.php\/wp-json\/wp\/v2\/media\/33174"}],"wp:attachment":[{"href":"https:\/\/conakrynews.org\/index.php\/wp-json\/wp\/v2\/media?parent=33169"}],"wp:term":[{"taxonomy":"category","embeddable":true,"href":"https:\/\/conakrynews.org\/index.php\/wp-json\/wp\/v2\/categories?post=33169"},{"taxonomy":"post_tag","embeddable":true,"href":"https:\/\/conakrynews.org\/index.php\/wp-json\/wp\/v2\/tags?post=33169"}],"curies":[{"name":"wp","href":"https:\/\/api.w.org\/{rel}","templated":true}]}}