{"id":33204,"date":"2025-04-14T12:07:40","date_gmt":"2025-04-14T12:07:40","guid":{"rendered":"https:\/\/conakrynews.org\/?p=33204"},"modified":"2025-04-14T12:15:31","modified_gmt":"2025-04-14T12:15:31","slug":"suspension-des-activites-d-agb2a-gic-une-decision-judiciaire-motivee-par-les-derives-de-lex-ministre-des-mines-ahmed-kante-au-prejudice-de-claude-lorcy","status":"publish","type":"post","link":"https:\/\/conakrynews.org\/index.php\/suspension-des-activites-d-agb2a-gic-une-decision-judiciaire-motivee-par-les-derives-de-lex-ministre-des-mines-ahmed-kante-au-prejudice-de-claude-lorcy\/","title":{"rendered":"Suspension des Activit\u00e9s d\u2019 AGB2A- GIC : Une D\u00e9cision Judiciaire Motiv\u00e9e par les D\u00e9rives de l\u2019ex-Ministre des mines Ahmed KANT\u00c9 au Pr\u00e9judice de Claude LORCY  \u00a0"},"content":{"rendered":"<p class=\"p1\"><span class=\"s1\"><span lang=\"FR\" style=\"font-size: 12.0pt\">Conakry, Avril 2025<\/span><\/span><span class=\"s2\"><span lang=\"FR\" style=\"font-size: 12.0pt\"> \u2013 La Chambre de l\u2019instruction de la Cour de R\u00e9pression des Infractions \u00c9conomiques et Financi\u00e8res (CRIEF) a ordonn\u00e9, le 1er avril 2025, <\/span><\/span><span class=\"s1\"><span lang=\"FR\" style=\"font-size: 12.0pt\">l\u2019arr\u00eat imm\u00e9diat des travaux de la soci\u00e9t\u00e9 AGB2A-GIC ainsi que de ses sous-traitants, notamment les entreprises chinoises Synohidro et Topmining <\/span><\/span><span class=\"s2\"><span lang=\"FR\" style=\"font-size: 12.0pt\">. Cette d\u00e9cision fait suite \u00e0 une plainte d\u00e9pos\u00e9e par <\/span><\/span><span class=\"s1\"><span lang=\"FR\" style=\"font-size: 12.0pt\">Madame Fatoumata Lorcy<\/span><\/span><span class=\"s2\"><span lang=\"FR\" style=\"font-size: 12.0pt\">, \u00e9pouse de feu <\/span><\/span><span class=\"s1\"><span lang=\"FR\" style=\"font-size: 12.0pt\">Claude LORCY<\/span><\/span><span class=\"s2\"><span lang=\"FR\" style=\"font-size: 12.0pt\">, cofondateur et ex-administrateur du projet.<\/span><\/span><\/p>\n<p class=\"p2\"><span lang=\"FR\" style=\"font-size: 12.0pt\">\u00a0<\/span><\/p>\n<p class=\"p1\"><span class=\"s2\"><span lang=\"FR\" style=\"font-size: 12.0pt\">Selon l\u2019ordonnance judiciaire sign\u00e9e par le juge <\/span><\/span><span class=\"s1\"><span lang=\"FR\" style=\"font-size: 12.0pt\">Robert OUENDENO<\/span><\/span><span class=\"s2\"><span lang=\"FR\" style=\"font-size: 12.0pt\">, cette mesure intervient dans le cadre de <\/span><\/span><span class=\"s1\"><span lang=\"FR\" style=\"font-size: 12.0pt\">poursuites pour faux, usage de faux et abus de confiance \u00e0 hauteur de 75 millions de dollars am\u00e9ricains<\/span><\/span><span class=\"s2\"><span lang=\"FR\" style=\"font-size: 12.0pt\">, dirig\u00e9es contre <\/span><\/span><span class=\"s1\"><span lang=\"FR\" style=\"font-size: 12.0pt\">Monsieur Ahmed KANT\u00c9<\/span><\/span><span class=\"s2\"><span lang=\"FR\" style=\"font-size: 12.0pt\">. Ce dernier est accus\u00e9 d\u2019avoir <\/span><\/span><span class=\"s1\"><span lang=\"FR\" style=\"font-size: 12.0pt\">exclu frauduleusement Claude Lorcy<\/span><\/span><span class=\"s2\"><span lang=\"FR\" style=\"font-size: 12.0pt\"> de la soci\u00e9t\u00e9 GIC \u2013 entit\u00e9 fondatrice de AGB2A \u2013 en manipulant les structures juridiques et l\u2019actionnariat \u00e0 son profit exclusif.<\/span><\/span><\/p>\n<p class=\"p2\"><span lang=\"FR\" style=\"font-size: 12.0pt\">\u00a0<\/span><\/p>\n<p class=\"p1\"><span class=\"s2\"><span lang=\"FR\" style=\"font-size: 12.0pt\">Les documents pr\u00e9sent\u00e9s \u00e0 la CRIEF r\u00e9v\u00e8lent que Claude Lorcy est <\/span><\/span><span class=\"s1\"><span lang=\"FR\" style=\"font-size: 12.0pt\">l\u2019initiateur du projet<\/span><\/span><span class=\"s2\"><span lang=\"FR\" style=\"font-size: 12.0pt\"> de mutualisation des permis miniers GBT, AXIS et EURASIAN. <\/span><\/span><span class=\"s1\"><span lang=\"FR\" style=\"font-size: 12.0pt\">Ahmed KANT\u00c9, ancien ministre des mines et ancien directeur de la SOGUIPAMI, n\u2019aurait eu qu\u2019un r\u00f4le de facilitateur administratif<\/span><\/span><span class=\"s2\"><span lang=\"FR\" style=\"font-size: 12.0pt\">, mais aurait, par des man\u0153uvres d\u00e9loyales, d\u00e9tourn\u00e9 la totalit\u00e9 des parts sociales de la soci\u00e9t\u00e9 m\u00e8re, au d\u00e9triment de Lorcy.<\/span><\/span><\/p>\n<p class=\"p1\"><span class=\"s2\"><span lang=\"FR\" style=\"font-size: 12.0pt\">Dans sa plainte r\u00e9dig\u00e9e en avril 2023, Claude Lorcy d\u00e9non\u00e7ait d\u00e9j\u00e0 <\/span><\/span><span class=\"s1\"><span lang=\"FR\" style=\"font-size: 12.0pt\">une appropriation ill\u00e9gale de son patrimoine<\/span><\/span><span class=\"s2\"><span lang=\"FR\" style=\"font-size: 12.0pt\">, bas\u00e9e sur l\u2019utilisation de pr\u00eate-noms et de faux documents.<\/span><\/span><span class=\"apple-converted-space\"><span lang=\"FR\" style=\"font-size: 12.0pt;font-family: 'UICTFontTextStyleBody',serif\">\u00a0<\/span><\/span><\/p>\n<p class=\"p2\"><span lang=\"FR\" style=\"font-size: 12.0pt\">\u00a0<\/span><\/p>\n<p class=\"p1\"><span class=\"s2\"><span lang=\"FR\" style=\"font-size: 12.0pt\">Mais au-del\u00e0 du scandale \u00e9conomique, c\u2019est <\/span><\/span><span class=\"s1\"><span lang=\"FR\" style=\"font-size: 12.0pt\">une trag\u00e9die humaine<\/span><\/span><span class=\"s2\"><span lang=\"FR\" style=\"font-size: 12.0pt\"> qui se joue derri\u00e8re cette affaire.<\/span><\/span><span class=\"apple-converted-space\"><span lang=\"FR\" style=\"font-size: 12.0pt;font-family: 'UICTFontTextStyleBody',serif\">\u00a0<\/span><\/span><\/p>\n<p class=\"p2\"><span lang=\"FR\" style=\"font-size: 12.0pt\">\u00a0<\/span><\/p>\n<p class=\"p1\"><span class=\"s2\"><span lang=\"FR\" style=\"font-size: 12.0pt\">Pendant pr\u00e8s de deux ans, depuis qu\u2019il a \u00e9t\u00e9 flou\u00e9 par Ahmed Kant\u00e9 en d\u00e9cembre 2021, Claude Lorcy a <\/span><\/span><span class=\"s1\"><span lang=\"FR\" style=\"font-size: 12.0pt\">bataill\u00e9 sans rel\u00e2che<\/span><\/span><span class=\"s2\"><span lang=\"FR\" style=\"font-size: 12.0pt\">, multipliant les d\u00e9marches juridiques, les appels aux autorit\u00e9s et les recours l\u00e9gaux, pour faire reconna\u00eetre ses droits et ceux des partenaires historiques du projet.<\/p>\n<p><img loading=\"lazy\" decoding=\"async\" src=\"https:\/\/conakrynews.org\/wp-content\/uploads\/2025\/04\/IMG-20250414-WA0023-500x375.jpg\" alt=\"\" width=\"500\" height=\"375\" class=\"alignnone size-medium wp-image-33221\" srcset=\"https:\/\/conakrynews.org\/wp-content\/uploads\/2025\/04\/IMG-20250414-WA0023-500x375.jpg 500w, https:\/\/conakrynews.org\/wp-content\/uploads\/2025\/04\/IMG-20250414-WA0023-768x576.jpg 768w, https:\/\/conakrynews.org\/wp-content\/uploads\/2025\/04\/IMG-20250414-WA0023-560x420.jpg 560w, https:\/\/conakrynews.org\/wp-content\/uploads\/2025\/04\/IMG-20250414-WA0023-80x60.jpg 80w, https:\/\/conakrynews.org\/wp-content\/uploads\/2025\/04\/IMG-20250414-WA0023-150x113.jpg 150w, https:\/\/conakrynews.org\/wp-content\/uploads\/2025\/04\/IMG-20250414-WA0023-300x225.jpg 300w, https:\/\/conakrynews.org\/wp-content\/uploads\/2025\/04\/IMG-20250414-WA0023-696x522.jpg 696w, https:\/\/conakrynews.org\/wp-content\/uploads\/2025\/04\/IMG-20250414-WA0023-265x198.jpg 265w, https:\/\/conakrynews.org\/wp-content\/uploads\/2025\/04\/IMG-20250414-WA0023.jpg 1024w\" sizes=\"auto, (max-width: 500px) 100vw, 500px\" \/><\/p>\n<p><\/span><\/span><\/p>\n<p class=\"p1\"><span class=\"s2\"><span lang=\"FR\" style=\"font-size: 12.0pt\">Ce combat acharn\u00e9 a <\/span><\/span><span class=\"s1\"><span lang=\"FR\" style=\"font-size: 12.0pt\">\u00e9puis\u00e9 Claude Lorcy tout aussi bien physiquement que moralement<\/span><\/span><span class=\"s2\"><span lang=\"FR\" style=\"font-size: 12.0pt\">, jusqu\u2019\u00e0 ce qu\u2019il succombe brutalement en octobre 2023.<\/span><\/span><\/p>\n<p class=\"p2\"><span lang=\"FR\" style=\"font-size: 12.0pt\">\u00a0<\/span><\/p>\n<p class=\"p1\"><span class=\"s2\"><span lang=\"FR\" style=\"font-size: 12.0pt\">Aujourd\u2019hui, la justice guin\u00e9enne semble enfin reconna\u00eetre la gravit\u00e9 des faits. L\u2019arr\u00eat des travaux vise \u00e0 <\/span><\/span><span class=\"s1\"><span lang=\"FR\" style=\"font-size: 12.0pt\">prot\u00e9ger les int\u00e9r\u00eats des ayants droit de Claude Lorcy<\/span><\/span><span class=\"s2\"><span lang=\"FR\" style=\"font-size: 12.0pt\">, \u00e0 stopper les man\u0153uvres opaques d\u2019appropriation et \u00e0 <\/span><\/span><span class=\"s1\"><span lang=\"FR\" style=\"font-size: 12.0pt\">pr\u00e9server les fondations d\u2019un projet n\u00e9 de la coop\u00e9ration, de l\u2019innovation et de l\u2019effort collectif<\/span><\/span><span class=\"s2\"><span lang=\"FR\" style=\"font-size: 12.0pt\">.<\/span><\/span><\/p>\n<p class=\"p1\"><span class=\"s2\"><span lang=\"FR\" style=\"font-size: 12.0pt\">Ce dossier, embl\u00e9matique des enjeux de gouvernance dans le secteur minier guin\u00e9en, <\/span><\/span><span class=\"s1\"><span lang=\"FR\" style=\"font-size: 12.0pt\">met en lumi\u00e8re la n\u00e9cessit\u00e9 d\u2019une plus grande transparence<\/span><\/span><span class=\"s2\"><span lang=\"FR\" style=\"font-size: 12.0pt\"> dans les montages d\u2019investissement et les relations entre anciens cadres publics et projets priv\u00e9s. Il appelle \u00e0 une r\u00e9flexion nationale sur la protection des investisseurs honn\u00eates et le respect des engagements contractuels.<\/span><\/span><\/p>\n<p><img loading=\"lazy\" decoding=\"async\" class=\"alignnone size-full wp-image-33206\" src=\"https:\/\/conakrynews.org\/wp-content\/uploads\/2025\/04\/WhatsApp-Image-2025-04-14-at-12.00.02-1.jpeg\" alt=\"\" width=\"1024\" height=\"768\" srcset=\"https:\/\/conakrynews.org\/wp-content\/uploads\/2025\/04\/WhatsApp-Image-2025-04-14-at-12.00.02-1.jpeg 1024w, https:\/\/conakrynews.org\/wp-content\/uploads\/2025\/04\/WhatsApp-Image-2025-04-14-at-12.00.02-1-500x375.jpeg 500w, https:\/\/conakrynews.org\/wp-content\/uploads\/2025\/04\/WhatsApp-Image-2025-04-14-at-12.00.02-1-768x576.jpeg 768w, https:\/\/conakrynews.org\/wp-content\/uploads\/2025\/04\/WhatsApp-Image-2025-04-14-at-12.00.02-1-560x420.jpeg 560w, https:\/\/conakrynews.org\/wp-content\/uploads\/2025\/04\/WhatsApp-Image-2025-04-14-at-12.00.02-1-80x60.jpeg 80w, https:\/\/conakrynews.org\/wp-content\/uploads\/2025\/04\/WhatsApp-Image-2025-04-14-at-12.00.02-1-150x113.jpeg 150w, https:\/\/conakrynews.org\/wp-content\/uploads\/2025\/04\/WhatsApp-Image-2025-04-14-at-12.00.02-1-300x225.jpeg 300w, https:\/\/conakrynews.org\/wp-content\/uploads\/2025\/04\/WhatsApp-Image-2025-04-14-at-12.00.02-1-696x522.jpeg 696w, https:\/\/conakrynews.org\/wp-content\/uploads\/2025\/04\/WhatsApp-Image-2025-04-14-at-12.00.02-1-265x198.jpeg 265w\" sizes=\"auto, (max-width: 1024px) 100vw, 1024px\" \/><img loading=\"lazy\" decoding=\"async\" class=\"alignnone size-full wp-image-33207\" src=\"https:\/\/conakrynews.org\/wp-content\/uploads\/2025\/04\/WhatsApp-Image-2025-04-14-at-12.00.02.jpeg\" alt=\"\" width=\"1024\" height=\"768\" srcset=\"https:\/\/conakrynews.org\/wp-content\/uploads\/2025\/04\/WhatsApp-Image-2025-04-14-at-12.00.02.jpeg 1024w, https:\/\/conakrynews.org\/wp-content\/uploads\/2025\/04\/WhatsApp-Image-2025-04-14-at-12.00.02-500x375.jpeg 500w, https:\/\/conakrynews.org\/wp-content\/uploads\/2025\/04\/WhatsApp-Image-2025-04-14-at-12.00.02-768x576.jpeg 768w, https:\/\/conakrynews.org\/wp-content\/uploads\/2025\/04\/WhatsApp-Image-2025-04-14-at-12.00.02-560x420.jpeg 560w, https:\/\/conakrynews.org\/wp-content\/uploads\/2025\/04\/WhatsApp-Image-2025-04-14-at-12.00.02-80x60.jpeg 80w, https:\/\/conakrynews.org\/wp-content\/uploads\/2025\/04\/WhatsApp-Image-2025-04-14-at-12.00.02-150x113.jpeg 150w, https:\/\/conakrynews.org\/wp-content\/uploads\/2025\/04\/WhatsApp-Image-2025-04-14-at-12.00.02-300x225.jpeg 300w, https:\/\/conakrynews.org\/wp-content\/uploads\/2025\/04\/WhatsApp-Image-2025-04-14-at-12.00.02-696x522.jpeg 696w, https:\/\/conakrynews.org\/wp-content\/uploads\/2025\/04\/WhatsApp-Image-2025-04-14-at-12.00.02-265x198.jpeg 265w\" sizes=\"auto, (max-width: 1024px) 100vw, 1024px\" \/><\/p>\n","protected":false},"excerpt":{"rendered":"<p>Conakry, Avril 2025 \u2013 La Chambre de l\u2019instruction de la Cour de R\u00e9pression des Infractions \u00c9conomiques et Financi\u00e8res (CRIEF) a ordonn\u00e9, le 1er avril 2025, l\u2019arr\u00eat imm\u00e9diat des travaux de la soci\u00e9t\u00e9 AGB2A-GIC ainsi que de ses sous-traitants, notamment les entreprises chinoises Synohidro et Topmining . Cette d\u00e9cision fait suite \u00e0 une plainte d\u00e9pos\u00e9e par [&hellip;]<\/p>\n","protected":false},"author":2,"featured_media":33216,"comment_status":"closed","ping_status":"closed","sticky":false,"template":"","format":"standard","meta":{"footnotes":""},"categories":[66,60,68,58],"tags":[],"class_list":{"0":"post-33204","1":"post","2":"type-post","3":"status-publish","4":"format-standard","5":"has-post-thumbnail","7":"category-economie","8":"category-environnement","9":"category-featured","10":"category-societe"},"_links":{"self":[{"href":"https:\/\/conakrynews.org\/index.php\/wp-json\/wp\/v2\/posts\/33204","targetHints":{"allow":["GET"]}}],"collection":[{"href":"https:\/\/conakrynews.org\/index.php\/wp-json\/wp\/v2\/posts"}],"about":[{"href":"https:\/\/conakrynews.org\/index.php\/wp-json\/wp\/v2\/types\/post"}],"author":[{"embeddable":true,"href":"https:\/\/conakrynews.org\/index.php\/wp-json\/wp\/v2\/users\/2"}],"replies":[{"embeddable":true,"href":"https:\/\/conakrynews.org\/index.php\/wp-json\/wp\/v2\/comments?post=33204"}],"version-history":[{"count":0,"href":"https:\/\/conakrynews.org\/index.php\/wp-json\/wp\/v2\/posts\/33204\/revisions"}],"wp:featuredmedia":[{"embeddable":true,"href":"https:\/\/conakrynews.org\/index.php\/wp-json\/wp\/v2\/media\/33216"}],"wp:attachment":[{"href":"https:\/\/conakrynews.org\/index.php\/wp-json\/wp\/v2\/media?parent=33204"}],"wp:term":[{"taxonomy":"category","embeddable":true,"href":"https:\/\/conakrynews.org\/index.php\/wp-json\/wp\/v2\/categories?post=33204"},{"taxonomy":"post_tag","embeddable":true,"href":"https:\/\/conakrynews.org\/index.php\/wp-json\/wp\/v2\/tags?post=33204"}],"curies":[{"name":"wp","href":"https:\/\/api.w.org\/{rel}","templated":true}]}}