{"id":33231,"date":"2025-04-15T12:40:50","date_gmt":"2025-04-15T12:40:50","guid":{"rendered":"https:\/\/conakrynews.org\/?p=33231"},"modified":"2025-04-15T12:40:50","modified_gmt":"2025-04-15T12:40:50","slug":"france-plusieurs-prisons-visees-par-des-incendies-de-vehicules-et-des-tirs-darmes-automatiques","status":"publish","type":"post","link":"https:\/\/conakrynews.org\/index.php\/france-plusieurs-prisons-visees-par-des-incendies-de-vehicules-et-des-tirs-darmes-automatiques\/","title":{"rendered":"France: plusieurs prisons vis\u00e9es par des incendies de v\u00e9hicules et des tirs d\u2019armes automatiques"},"content":{"rendered":"<p>En France, plusieurs \u00e9tablissements p\u00e9nitentiaires ont fait l\u2019objet d\u2019incendies de v\u00e9hicules et celui de Toulon, dans le sud-est du pays, a \u00e9t\u00e9 vis\u00e9 par des tirs \u00e0 l\u2019arme automatique, dans la nuit du lundi 14 au mardi 15 avril. Des actions qui seraient coordonn\u00e9es et en lien avec la strat\u00e9gie du gouvernement contre le narcobanditisme. Le ministre fran\u00e7ais de la Justice, G\u00e9rald Darmanin, est attendu sur place.<\/p>\n<p>Lundi 14 avril, trois v\u00e9hicules \u2013 dont deux appartenant \u00e0 des agents p\u00e9nitentiaires \u2013 ont \u00e9t\u00e9 incendi\u00e9s sur le parking de la maison d\u2019arr\u00eat de Villepinte en Seine-Saint-Denis. Un bidon de cinq litres d\u2019hydrocarbure a \u00e9t\u00e9 retrouv\u00e9 sur place. Les cam\u00e9ras de surveillance ont r\u00e9v\u00e9l\u00e9 que deux individus ont p\u00e9n\u00e9tr\u00e9 dans l\u2019enceinte en passant par une butte de terre, chacun mettant le feu \u00e0 un v\u00e9hicule. D\u2019autres \u00e9tablissements en France ont \u00e9galement \u00e9t\u00e9 vis\u00e9s, comme la prison de Nanterre dans les Hauts-de-Seine, Aix-Luynes dans les Bouches-du-Rh\u00f4ne, et Valence dans la Dr\u00f4me, o\u00f9 certains v\u00e9hicules avaient \u00e9t\u00e9 pr\u00e9alablement tagu\u00e9s.<\/p>\n<p>\u00c0 Toulon-La Farl\u00e8de dans le sud de la France, 15 impacts de balles ont \u00e9t\u00e9 relev\u00e9s sur la porte d\u2019entr\u00e9e de la prison apr\u00e8s une attaque \u00e0 l\u2019arme lourde de type kalachnikov, selon le syndicat FO Justice sur X.<\/p>\n<p>Une dizaine de douilles ont \u00e9t\u00e9 retrouv\u00e9es devant le centre p\u00e9nitentiaire de Toulon-La Farl\u00e8de et une enqu\u00eate pour \u00ab tentative d\u2019homicide sur personne d\u00e9positaire de l\u2019autorit\u00e9 publique \u00bb a \u00e9t\u00e9 confi\u00e9e \u00e0 la gendarmerie, selon le procureur de Toulon, Samuel Finielz. En outre, \u00ab 10 v\u00e9hicules p\u00e9nitentiaires ont \u00e9t\u00e9 tagu\u00e9s de l\u2019inscription +DDPF+ (Droits Des Prisonniers Fran\u00e7ais) \u00bb, a affirm\u00e9 sur X la pr\u00e9sidente du d\u00e9partement des Bouches-du-Rh\u00f4ne, Martine Vassal.<\/p>\n<p>\u00c0 Aix-Luynes, deux v\u00e9hicules et le portail de l\u2019Eris (\u00c9quipe r\u00e9gionale d\u2019intervention et de s\u00e9curit\u00e9) ont \u00e9t\u00e9 incendi\u00e9s. Dans la nuit de dimanche \u00e0 lundi, des incendies ont aussi touch\u00e9 le parking de l\u2019\u00c9cole nationale de l\u2019administration p\u00e9nitentiaire (Enap) \u00e0 Agen et un suspect de 43 ans a \u00e9t\u00e9 interpell\u00e9, selon une source polici\u00e8re. Sept v\u00e9hicules ont \u00e9t\u00e9 \u00ab d\u00e9truits ou d\u00e9grad\u00e9s en raison d\u2019un incendie \u00bb sur le parking de l\u2019Enap, selon le parquet local. Le procureur de la R\u00e9publique, Olivier Naboulet, a jug\u00e9 qu\u2019il \u00e9tait \u00ab trop t\u00f4t pour d\u00e9gager des pistes pr\u00e9cises, y compris sur la motivation du ou des auteurs de faits \u00bb. Le centre p\u00e9nitentiaire de R\u00e9au en Seine-et-Marne a \u00e9galement \u00e9t\u00e9 vis\u00e9.<\/p>\n<p>Le parquet national antiterroriste a annonc\u00e9 se saisir de l\u2019enqu\u00eate.<\/p>\n<p>Des attaques li\u00e9es \u00e0 la lutte contre le narcobanditisme ?<br \/>\nLe syndicat FO Justice a d\u00e9nonc\u00e9 dans un communiqu\u00e9 des actes d\u2019une grande violence : des v\u00e9hicules br\u00fbl\u00e9s, des entr\u00e9es incendi\u00e9es, et m\u00eame prises pour cibles par des armes lourdes. Il les a qualifi\u00e9s d\u2019\u00ab attaque frontale contre notre institution, contre la R\u00e9publique et contre les agents qui la servent chaque jour \u00bb, et a r\u00e9clam\u00e9 une r\u00e9ponse \u00ab forte, imm\u00e9diate et sans ambigu\u00eft\u00e9 \u00bb de l\u2019\u00c9tat. De son c\u00f4t\u00e9, Wilfried Fonck, secr\u00e9taire national de l\u2019Ufap-Unsa Justice, a appel\u00e9 \u00e0 une action concert\u00e9e des ministres de la Justice et de l\u2019Int\u00e9rieur, soulignant que l\u2019administration p\u00e9nitentiaire ne dispose pas des moyens humains pour s\u00e9curiser en permanence les abords des \u00e9tablissements.<\/p>\n<p>Selon une source interrog\u00e9e par l\u2019AFP, les attaques seraient li\u00e9es \u00e0 la lutte engag\u00e9e par le ministre de la Justice contre le narcobanditisme. Des slogans anarchistes ont par ailleurs \u00e9t\u00e9 retrouv\u00e9s sur certains sites. G\u00e9rald Darmanin, doit se rendre ce 15 avril au centre p\u00e9nitentiaire de Toulon pour apporter son soutien aux agents sur place. Depuis sa nomination, le garde des Sceaux affiche sa volont\u00e9 de mettre \u00e0 l\u2019isolement les 100 plus gros narcotrafiquants dans une prison de haute s\u00e9curit\u00e9. L\u2019Assembl\u00e9e nationale est en outre en cours d\u2019examen d\u2019une loi pour \u00ab sortir la France du pi\u00e8ge du narcotrafic \u00bb qui pr\u00e9voit notamment la cr\u00e9ation d\u2019un Parquet national anticriminalit\u00e9 organis\u00e9e (Pnaco).<\/p>\n<p>Le ministre de l\u2019Int\u00e9rieur, Bruno Retailleau a demand\u00e9 aux pr\u00e9fets de \u00ab renforcer sans d\u00e9lai la protection des agents et des \u00e9tablissements \u00bb. \u00ab La r\u00e9ponse de l\u2019\u00c9tat devra \u00eatre implacable. Ceux qui s\u2019en prennent aux prisons et aux agents ont vocation \u00e0 \u00eatre enferm\u00e9s dans ces prisons et surveill\u00e9s par ces agents \u00bb, a poursuivi sur X le ministre de l\u2019Int\u00e9rieur, condamnant \u00ab des attaques inacceptables \u00bb.<\/p>\n<p>Avec RFI<\/p>\n","protected":false},"excerpt":{"rendered":"<p>En France, plusieurs \u00e9tablissements p\u00e9nitentiaires ont fait l\u2019objet d\u2019incendies de v\u00e9hicules et celui de Toulon, dans le sud-est du pays, a \u00e9t\u00e9 vis\u00e9 par des tirs \u00e0 l\u2019arme automatique, dans la nuit du lundi 14 au mardi 15 avril. Des actions qui seraient coordonn\u00e9es et en lien avec la strat\u00e9gie du gouvernement contre le narcobanditisme. [&hellip;]<\/p>\n","protected":false},"author":2,"featured_media":33232,"comment_status":"closed","ping_status":"closed","sticky":false,"template":"","format":"standard","meta":{"footnotes":""},"categories":[58],"tags":[],"class_list":{"0":"post-33231","1":"post","2":"type-post","3":"status-publish","4":"format-standard","5":"has-post-thumbnail","7":"category-societe"},"_links":{"self":[{"href":"https:\/\/conakrynews.org\/index.php\/wp-json\/wp\/v2\/posts\/33231","targetHints":{"allow":["GET"]}}],"collection":[{"href":"https:\/\/conakrynews.org\/index.php\/wp-json\/wp\/v2\/posts"}],"about":[{"href":"https:\/\/conakrynews.org\/index.php\/wp-json\/wp\/v2\/types\/post"}],"author":[{"embeddable":true,"href":"https:\/\/conakrynews.org\/index.php\/wp-json\/wp\/v2\/users\/2"}],"replies":[{"embeddable":true,"href":"https:\/\/conakrynews.org\/index.php\/wp-json\/wp\/v2\/comments?post=33231"}],"version-history":[{"count":0,"href":"https:\/\/conakrynews.org\/index.php\/wp-json\/wp\/v2\/posts\/33231\/revisions"}],"wp:featuredmedia":[{"embeddable":true,"href":"https:\/\/conakrynews.org\/index.php\/wp-json\/wp\/v2\/media\/33232"}],"wp:attachment":[{"href":"https:\/\/conakrynews.org\/index.php\/wp-json\/wp\/v2\/media?parent=33231"}],"wp:term":[{"taxonomy":"category","embeddable":true,"href":"https:\/\/conakrynews.org\/index.php\/wp-json\/wp\/v2\/categories?post=33231"},{"taxonomy":"post_tag","embeddable":true,"href":"https:\/\/conakrynews.org\/index.php\/wp-json\/wp\/v2\/tags?post=33231"}],"curies":[{"name":"wp","href":"https:\/\/api.w.org\/{rel}","templated":true}]}}