{"id":3327,"date":"2019-10-03T11:23:31","date_gmt":"2019-10-03T09:23:31","guid":{"rendered":"https:\/\/conakrynews.org\/?p=3327"},"modified":"2019-10-09T18:22:28","modified_gmt":"2019-10-09T16:22:28","slug":"conakry-tenue-de-deuxieme-editions-de-nuit-wax","status":"publish","type":"post","link":"https:\/\/conakrynews.org\/index.php\/conakry-tenue-de-deuxieme-editions-de-nuit-wax\/","title":{"rendered":"Conakry : Tenue de la Deuxi\u00e8me  Editions  de la \u2018\u2019Nuit du Wax \u2018\u2019"},"content":{"rendered":"<p><strong>\u00a0Sous\u00a0 le leadership \u00a0de sa pr\u00e9sidente \u00a0Madame Traor\u00e9 Mariama, l\u2019Association des Femmes \u00a0Capables d\u2019Afrique et d\u2019Ailleurs(AFCAD) \u00a0a organis\u00e9 \u00a0le\u00a0 Samedi \u00a017 Ao\u00fbt 2019 \u00e0 Conakry, la deuxi\u00e8me \u00e9ditions \u00a0de la \u00a0\u00a0\u2018\u2019Nuit\u00a0 du Wax\u2019\u2019, dans la Salle des Banquets \u00a0du Palais. Cette importante\u00a0 f\u00eate des femmes a connu la pr\u00e9sence de nombreuses\u00a0\u00a0 femmes \u00a0\u00a0venant des diff\u00e9rents quartiers de Conakry. \u2018\u2019La Nuit du WaX\u2019\u2019, c\u2019est une f\u00eate r\u00e9cr\u00e9ative\u00a0 \u00e0 l\u2019occasion \u00a0de laquelle on proc\u00e8dera \u00a0\u00e0 la pr\u00e9sentation des tissus africains (Mode et cr\u00e9ations). L\u2019objectif recherch\u00e9 \u00a0par rapport \u00e0 l\u2019organisation de cet \u00e9v\u00e9nement populaire et \u00a0culturel, est\u00a0 la valorisation\u00a0 des tissus africains \u00a0au mode. <\/strong><\/p>\n<p>&nbsp;<\/p>\n<p>&nbsp;<\/p>\n<p>Apr\u00e8s la \u00a0f\u00eate, la pr\u00e9sidente de l\u2019Association des Femmes Capables d\u2019Afrique et d\u2019Ailleurs (AFCAD), Madame Traor\u00e9 Mariama\u00a0 a d\u00e9clar\u00e9\u00a0: \u00ab Je suis tr\u00e8s contente de retrouver ces nombreuses femmes ici aujourd\u2019hui \u00e0 l\u2019occasion de la c\u00e9l\u00e9bration de la deuxi\u00e8me \u00e9ditions \u00a0de la \u00a0\u00a0\u2018\u2019Nuit du Wax\u2019\u2019 \u00e0 Conakry. Nous organisons cette f\u00eate, c\u2019est \u00a0\u00a0 pour \u00a0valoriser la culture Guin\u00e9enne \u00a0en particulier et \u00a0 africaine en g\u00e9n\u00e9ral .Surtout le \u00a0textile guin\u00e9en. En r\u00e9sum\u00e9, c\u2019est de mettre ces femmes en valeur \u00a0\u00e0 travers leurs modes vestimentaires\u00a0\u00bb, a d\u00e9clar\u00e9 \u00a0la pr\u00e9sidente \u00a0de l\u2019Association AFCAD.<\/p>\n<p>\u00ab\u00a0L\u2019un des objectifs \u00a0de notre Association, c\u2019est\u00a0 \u00a0d\u2019assister la couche f\u00e9minine de notre pays.\u00a0\u00a0 Une couche, qui pour le moment, reste encore sous la coupe des hommes malgr\u00e9 la parit\u00e9 des sexes qui reste encore en de\u00e7\u00e0 de nos esp\u00e9rances dans notre pays la Guin\u00e9e\u00a0\u00bb,\u00a0\u00a0\u00a0 a fait savoir Madame Traor\u00e9 Mariama.<\/p>\n<p>Avant d\u2019ajouter\u00a0: \u00ab\u00a0En tant \u00a0que femme guin\u00e9enne,\u00a0 on doit porter ces tissus. Moi par exemple, je l\u2019a porte en boucle d\u2019oreille, en robe, en chaussure \u2026. Donc, c\u2019est \u00a0pour plut\u00f4t \u00a0valoriser\u00a0 cette tenue et\u00a0 \u00a0satisfaire ces femmes\u00a0 en leur \u00a0 donnant \u00a0de gros sourires\u00a0\u00bb, ajoute telle.<\/p>\n<p>Avant de rappeler que \u00a0\u00a0le but \u00a0de leur Association, c\u2019est pour s\u2019entraider, appuyer les femmes dans leurs d\u00e9marches administratives. Leur donner confiance, en gros, c\u2019est pour aider les femmes.<\/p>\n<p>&nbsp;<\/p>\n<p>Fanta K\u00e9b\u00e9 , la mannequine de la soir\u00e9e, \u00a0a t\u00e9moign\u00e9 \u00a0\u00e0 cette occasion.\u00a0\u00ab\u00a0 Nous remercions Madame \u00a0Traor\u00e9 Mariam, d\u2019avoir bien voulu organiser \u00e0 Conakry \u00a0une soir\u00e9e r\u00e9cr\u00e9ative des femmes appel\u00e9e \u2018\u2019 Nuit du Wax\u2019\u2019. Car, la soir\u00e9e fut belle et nous \u00a0comptons beaucoup sur elle pour les prochaines \u00e9ditions\u00a0\u00bb, t\u00e9moigne telle.<\/p>\n<p>Avant d\u2019encourager l\u2019organisatrice de la soir\u00e9e \u00a0de\u00a0 continuer \u00e0 \u0153uvrer pour la valorisation de la Culture Africaine.<\/p>\n<p>&nbsp;<\/p>\n<p>Fanta Keira, informaticienne de profession et pr\u00e9sente \u00e0 cette \u00a0grande f\u00eate\u00a0 de la \u2018\u2019Nuit du Wax\u2019\u2019, a d\u00e9clar\u00e9\u00a0 que cette belle initiative de la pr\u00e9sidente de l\u2019AFCAD, est la bienvenue pour la simple raison que c\u2019est une initiative qui vise \u00e0 faire la \u00a0promotion de la femme \u00e0 travers la culture.<\/p>\n<p>&nbsp;<\/p>\n<p>&nbsp;<\/p>\n<p>Le pr\u00e9sident Fondateur du Mouvement des sapeurs Guin\u00e9ens, Kaba Dollar , \u00a0\u00a0\u00a0a souhait\u00e9 que l\u2019organisation de cette\u00a0 soir\u00e9e soit p\u00e9rennis\u00e9e pour le bien \u00eatre de la culture Guin\u00e9enne et Africaine \u00a0.\u00a0\u00ab\u00a0C\u2019est une f\u00eate qui donnera\u00a0 \u00e9galement \u00a0l\u2019occasion aux femmes de se retrouver pour\u00a0 se faire distraire \u00a0et \u00e9changer sur des questions d\u2019int\u00e9r\u00eat commun\u00a0\u00bb, a\u00a0 conclu M.Kaba.<\/p>\n<p><strong>\u00a0<\/strong><\/p>\n<p><strong>A \u00a0noter que la pr\u00e9sidente Mariama Traor\u00e9 \u00e0 d\u00e9j\u00e0 organis\u00e9 \u00a0\u00a0des \u00a0\u00e9ditons \u00a0pr\u00e9c\u00e9dentes en France \u00a0de l\u2019\u00e9v\u00e9nement appel\u00e9 \u00a0 \u00a0 \u2018\u2019 Nuit du wax\u2019\u2019 \u00a0et deux \u00e9ditions en Guin\u00e9e. <\/strong><\/p>\n<p><strong>Sylla Ibrahima Kalil pour <a href=\"https:\/\/conakrynews.org\">www.conakrynews.org<\/a> 625444534<\/strong><\/p>\n<p><img loading=\"lazy\" decoding=\"async\" class=\"alignright size-medium wp-image-3328\" src=\"https:\/\/conakrynews.org\/wp-content\/uploads\/2019\/10\/photo-6-article-nuit-du-wax1-281x375.jpg\" alt=\"\" width=\"281\" height=\"375\" srcset=\"https:\/\/conakrynews.org\/wp-content\/uploads\/2019\/10\/photo-6-article-nuit-du-wax1-281x375.jpg 281w, https:\/\/conakrynews.org\/wp-content\/uploads\/2019\/10\/photo-6-article-nuit-du-wax1.jpg 575w\" sizes=\"auto, (max-width: 281px) 100vw, 281px\" \/><img loading=\"lazy\" decoding=\"async\" class=\"alignright size-medium wp-image-3329\" src=\"https:\/\/conakrynews.org\/wp-content\/uploads\/2019\/10\/photo-5-article-nuit-du-wax-281x375.jpg\" alt=\"\" width=\"281\" height=\"375\" srcset=\"https:\/\/conakrynews.org\/wp-content\/uploads\/2019\/10\/photo-5-article-nuit-du-wax-281x375.jpg 281w, https:\/\/conakrynews.org\/wp-content\/uploads\/2019\/10\/photo-5-article-nuit-du-wax.jpg 575w\" sizes=\"auto, (max-width: 281px) 100vw, 281px\" \/><img loading=\"lazy\" decoding=\"async\" class=\"alignright size-medium wp-image-3330\" src=\"https:\/\/conakrynews.org\/wp-content\/uploads\/2019\/10\/photo-7-article-nuit-du-wax-515x375.jpg\" alt=\"\" width=\"515\" height=\"375\" srcset=\"https:\/\/conakrynews.org\/wp-content\/uploads\/2019\/10\/photo-7-article-nuit-du-wax-515x375.jpg 515w, https:\/\/conakrynews.org\/wp-content\/uploads\/2019\/10\/photo-7-article-nuit-du-wax-768x560.jpg 768w, https:\/\/conakrynews.org\/wp-content\/uploads\/2019\/10\/photo-7-article-nuit-du-wax.jpg 960w, https:\/\/conakrynews.org\/wp-content\/uploads\/2019\/10\/photo-7-article-nuit-du-wax-550x400.jpg 550w, https:\/\/conakrynews.org\/wp-content\/uploads\/2019\/10\/photo-7-article-nuit-du-wax-275x200.jpg 275w\" sizes=\"auto, (max-width: 515px) 100vw, 515px\" \/><\/p>\n","protected":false},"excerpt":{"rendered":"<p>\u00a0Sous\u00a0 le leadership \u00a0de sa pr\u00e9sidente \u00a0Madame Traor\u00e9 Mariama, l\u2019Association des Femmes \u00a0Capables d\u2019Afrique et d\u2019Ailleurs(AFCAD) \u00a0a organis\u00e9 \u00a0le\u00a0 Samedi \u00a017 Ao\u00fbt 2019 \u00e0 Conakry, la deuxi\u00e8me \u00e9ditions \u00a0de la \u00a0\u00a0\u2018\u2019Nuit\u00a0 du Wax\u2019\u2019, dans la Salle des Banquets \u00a0du Palais. Cette importante\u00a0 f\u00eate des femmes a connu la pr\u00e9sence de nombreuses\u00a0\u00a0 femmes \u00a0\u00a0venant des diff\u00e9rents [&hellip;]<\/p>\n","protected":false},"author":2,"featured_media":3329,"comment_status":"open","ping_status":"open","sticky":false,"template":"","format":"standard","meta":{"footnotes":""},"categories":[1],"tags":[],"class_list":{"0":"post-3327","1":"post","2":"type-post","3":"status-publish","4":"format-standard","5":"has-post-thumbnail","7":"category-non-classe"},"_links":{"self":[{"href":"https:\/\/conakrynews.org\/index.php\/wp-json\/wp\/v2\/posts\/3327","targetHints":{"allow":["GET"]}}],"collection":[{"href":"https:\/\/conakrynews.org\/index.php\/wp-json\/wp\/v2\/posts"}],"about":[{"href":"https:\/\/conakrynews.org\/index.php\/wp-json\/wp\/v2\/types\/post"}],"author":[{"embeddable":true,"href":"https:\/\/conakrynews.org\/index.php\/wp-json\/wp\/v2\/users\/2"}],"replies":[{"embeddable":true,"href":"https:\/\/conakrynews.org\/index.php\/wp-json\/wp\/v2\/comments?post=3327"}],"version-history":[{"count":0,"href":"https:\/\/conakrynews.org\/index.php\/wp-json\/wp\/v2\/posts\/3327\/revisions"}],"wp:featuredmedia":[{"embeddable":true,"href":"https:\/\/conakrynews.org\/index.php\/wp-json\/wp\/v2\/media\/3329"}],"wp:attachment":[{"href":"https:\/\/conakrynews.org\/index.php\/wp-json\/wp\/v2\/media?parent=3327"}],"wp:term":[{"taxonomy":"category","embeddable":true,"href":"https:\/\/conakrynews.org\/index.php\/wp-json\/wp\/v2\/categories?post=3327"},{"taxonomy":"post_tag","embeddable":true,"href":"https:\/\/conakrynews.org\/index.php\/wp-json\/wp\/v2\/tags?post=3327"}],"curies":[{"name":"wp","href":"https:\/\/api.w.org\/{rel}","templated":true}]}}