{"id":33989,"date":"2025-06-01T22:33:08","date_gmt":"2025-06-01T22:33:08","guid":{"rendered":"https:\/\/conakrynews.org\/?p=33989"},"modified":"2025-06-01T22:36:30","modified_gmt":"2025-06-01T22:36:30","slug":"le-premier-ministre-de-la-republique-du-senegal-ousmane-sonko-est-arrive-a-conakry-ce-dimanche-01juin","status":"publish","type":"post","link":"https:\/\/conakrynews.org\/index.php\/le-premier-ministre-de-la-republique-du-senegal-ousmane-sonko-est-arrive-a-conakry-ce-dimanche-01juin\/","title":{"rendered":"Le premier ministre de la R\u00e9publique du S\u00e9n\u00e9gal, Ousmane Sonko est arriv\u00e9 \u00e0 Conakry ce dimanche 01juin"},"content":{"rendered":"<p>Cette visite s\u2019inscrit dans le cadre du renforcement des liens historiques de coop\u00e9ration entre le S\u00e9n\u00e9gal et la Guin\u00e9e dans plusieurs domaines strat\u00e9giques.<\/p>\n<p>\u00c0 son arriv\u00e9e \u00e0 l\u2019a\u00e9roport international Ahmed S\u00e9kou Tour\u00e9 de Conakry, le Premier ministre Ousmane SONKO a \u00e9t\u00e9 accueilli par son homologue guin\u00e9en, Monsieur Amadou Oury BAH, en pr\u00e9sence de plusieurs membres du gouvernement guin\u00e9en ainsi que de hautes autorit\u00e9s nationales.<\/p>\n<p>Une c\u00e9r\u00e9monie d\u2019accueil officielle et solennelle a marqu\u00e9 le d\u00e9but de cette visite, qui s\u2019annonce porteuse d\u2019\u00e9changes fructueux et de partenariats renforc\u00e9s.<\/p>\n<p><strong>Avec CCG<\/strong><\/p>\n<p>&nbsp;<\/p>\n","protected":false},"excerpt":{"rendered":"<p>Cette visite s\u2019inscrit dans le cadre du renforcement des liens historiques de coop\u00e9ration entre le S\u00e9n\u00e9gal et la Guin\u00e9e dans plusieurs domaines strat\u00e9giques. \u00c0 son arriv\u00e9e \u00e0 l\u2019a\u00e9roport international Ahmed S\u00e9kou Tour\u00e9 de Conakry, le Premier ministre Ousmane SONKO a \u00e9t\u00e9 accueilli par son homologue guin\u00e9en, Monsieur Amadou Oury BAH, en pr\u00e9sence de plusieurs membres [&hellip;]<\/p>\n","protected":false},"author":2,"featured_media":33990,"comment_status":"closed","ping_status":"closed","sticky":false,"template":"","format":"standard","meta":{"footnotes":""},"categories":[57],"tags":[],"class_list":{"0":"post-33989","1":"post","2":"type-post","3":"status-publish","4":"format-standard","5":"has-post-thumbnail","7":"category-politique"},"_links":{"self":[{"href":"https:\/\/conakrynews.org\/index.php\/wp-json\/wp\/v2\/posts\/33989","targetHints":{"allow":["GET"]}}],"collection":[{"href":"https:\/\/conakrynews.org\/index.php\/wp-json\/wp\/v2\/posts"}],"about":[{"href":"https:\/\/conakrynews.org\/index.php\/wp-json\/wp\/v2\/types\/post"}],"author":[{"embeddable":true,"href":"https:\/\/conakrynews.org\/index.php\/wp-json\/wp\/v2\/users\/2"}],"replies":[{"embeddable":true,"href":"https:\/\/conakrynews.org\/index.php\/wp-json\/wp\/v2\/comments?post=33989"}],"version-history":[{"count":0,"href":"https:\/\/conakrynews.org\/index.php\/wp-json\/wp\/v2\/posts\/33989\/revisions"}],"wp:featuredmedia":[{"embeddable":true,"href":"https:\/\/conakrynews.org\/index.php\/wp-json\/wp\/v2\/media\/33990"}],"wp:attachment":[{"href":"https:\/\/conakrynews.org\/index.php\/wp-json\/wp\/v2\/media?parent=33989"}],"wp:term":[{"taxonomy":"category","embeddable":true,"href":"https:\/\/conakrynews.org\/index.php\/wp-json\/wp\/v2\/categories?post=33989"},{"taxonomy":"post_tag","embeddable":true,"href":"https:\/\/conakrynews.org\/index.php\/wp-json\/wp\/v2\/tags?post=33989"}],"curies":[{"name":"wp","href":"https:\/\/api.w.org\/{rel}","templated":true}]}}