{"id":34019,"date":"2025-06-04T09:48:42","date_gmt":"2025-06-04T09:48:42","guid":{"rendered":"https:\/\/conakrynews.org\/?p=34019"},"modified":"2025-06-04T09:48:42","modified_gmt":"2025-06-04T09:48:42","slug":"coree-du-sud-le-democrate-lee-jae-myung-donne-large-vainqueur-de-la-presidentielle","status":"publish","type":"post","link":"https:\/\/conakrynews.org\/index.php\/coree-du-sud-le-democrate-lee-jae-myung-donne-large-vainqueur-de-la-presidentielle\/","title":{"rendered":"Cor\u00e9e du Sud : le d\u00e9mocrate Lee Jae-myung donn\u00e9 large vainqueur de la pr\u00e9sidentielle"},"content":{"rendered":"<h1 class=\"name post-title entry-title\"><\/h1>\n<p class=\"post-meta\">\n<div class=\"clear\"><\/div>\n<div class=\"entry\">\n<p>Grand favori de la pr\u00e9sidentielle sud-cor\u00e9enne \u00e0 un tour, Lee Jae-myung, le candidat du Parti d\u00e9mocrate (centre gauche), est donn\u00e9 tr\u00e8s largement vainqueur de l\u2019\u00e9lection pr\u00e9sidentielle mardi, selon un sondage de sortie des urnes r\u00e9alis\u00e9 par les trois principales cha\u00eenes du pays \u00e0 la cl\u00f4ture du scrutin.<\/p>\n<p>Le candidat de centre gauche\u00a0<a class=\"gtm-add-suggested-tag\" href=\"https:\/\/www.france24.com\/fr\/tag\/lee-jae-myung\/\" target=\"_self\" rel=\"noopener noreferrer\">Lee Jae-myung<\/a>\u00a0arrive tr\u00e8s largement en t\u00eate de\u00a0<a href=\"https:\/\/www.france24.com\/fr\/asie-pacifique\/20250603-coree-du-sud-election-presidentielle-tourner-la-page-loi-martiale\" target=\"_self\" rel=\"noopener noreferrer\">l\u2019\u00e9lection pr\u00e9sidentielle en Cor\u00e9e du Sud<\/a>, selon un sondage de sortie des urnes diffus\u00e9 par les cha\u00eenes de t\u00e9l\u00e9vision mardi 3 juin \u00e0 la cl\u00f4ture du scrutin.<\/p>\n<p>R\u00e9alis\u00e9 conjointement par les trois principales cha\u00eenes sud-cor\u00e9ennes (KBS, MBC et SBS), le sondage place\u00a0Lee Jae-myung vainqueur avec 51,7\u00a0% des voix, contre 39,3\u00a0% pour son rival conservateur Kim Moon-soo.<\/p>\n<p>Les \u00e9lecteurs de\u00a0<a class=\"gtm-add-suggested-tag\" href=\"https:\/\/www.france24.com\/fr\/tag\/cor%C3%A9e-du-sud\/\" target=\"_self\" rel=\"noopener noreferrer\">Cor\u00e9e du Sud<\/a>\u00a0se sont massivement rendus dans les bureaux de vote pour d\u00e9signer leur nouveau chef de l\u2019\u00c9tat et mettre fin \u00e0 six mois de chaos politique\u00a0<a href=\"https:\/\/www.france24.com\/fr\/asie-pacifique\/20241203-cor%C3%A9e-du-sud-pr%C3%A9sident-yoon-d%C3%A9cr%C3%A8te-loi-martiale-cor%C3%A9e-nord\" target=\"_self\" rel=\"noopener noreferrer\">caus\u00e9 par la tentative rat\u00e9e de l\u2019ex-pr\u00e9sident Yoon Suk-yeol<\/a>, d\u2019imposer la loi martiale. Le taux de participation s\u2019\u00e9tablissait \u00e0 77,8\u00a0% une heure environ avant la fin du vote.<\/p>\n<p>S\u2019agissant d\u2019un vote anticip\u00e9 destin\u00e9 \u00e0 combler le vide \u00e0 la t\u00eate de l\u2019\u00c9tat, le vainqueur sera investi d\u00e8s que la Commission \u00e9lectorale nationale aura certifi\u00e9 les r\u00e9sultats, probablement t\u00f4t mercredi matin. Une sobre c\u00e9r\u00e9monie de prise de fonctions aura lieu en milieu de journ\u00e9e au Parlement.<\/p>\n<h2>Une \u00e9lection \u00ab\u00a0per\u00e7ue comme un r\u00e9f\u00e9rendum sur l\u2019administration pr\u00e9c\u00e9dente\u00a0\u00bb<\/h2>\n<p>Les Sud-Cor\u00e9ens esp\u00e8rent que ce scrutin leur permettra de tourner la page apr\u00e8s six mois de chaos politique marqu\u00e9 par des manifestations massives, des rebondissements judiciaires et une succession in\u00e9dite de pr\u00e9sidents int\u00e9rimaires.<\/p>\n<p>Les milieux d\u2019affaires, pour leur part, attendent avec impatience l\u2019arriv\u00e9e d\u2019un pr\u00e9sident stable pour piloter la quatri\u00e8me \u00e9conomie d\u2019Asie, tr\u00e8s d\u00e9pendante de ses exportations, dans un environnement troubl\u00e9 par les guerres commerciales du pr\u00e9sident am\u00e9ricain Donald Trump.<\/p>\n<p>L\u2019\u00e9pisode de la loi martiale, qui a effar\u00e9 les \u00e9lecteurs mod\u00e9r\u00e9s et fractur\u00e9 la droite, a fortement pes\u00e9 sur le scrutin.<\/p>\n<p>Pour Kang Joo-hyun, professeure de sciences politiques \u00e0 l\u2019universit\u00e9 f\u00e9minine Sookmyung, cette \u00e9lection est \u00ab\u00a0largement per\u00e7ue comme un r\u00e9f\u00e9rendum sur l\u2019administration pr\u00e9c\u00e9dente, avec Lee Jae-myung b\u00e9n\u00e9ficiant du soutien le plus fort parmi les \u00e9lecteurs centristes\u00a0\u00bb.<\/p>\n<p>\u00ab\u00a0Ce qui est particuli\u00e8rement frappant, c\u2019est que la crise li\u00e9e \u00e0 la loi martiale et \u00e0 la destitution a non seulement influenc\u00e9 les mod\u00e9r\u00e9s, mais a aussi fractur\u00e9 la base conservatrice\u00a0\u00bb, dit-elle \u00e0 l\u2019AFP.<\/p>\n<h2>Un ancien ouvrier oppos\u00e9 au coup de force de Yoon Suk-yeol<\/h2>\n<p>Lee Jae-myung, un ancien ouvrier de 60 ans, s\u2019\u00e9tait distingu\u00e9 le soir de la loi martiale en diffusant en direct sa course effr\u00e9n\u00e9e vers le Parlement cern\u00e9 par l\u2019arm\u00e9e, o\u00f9 il avait r\u00e9ussi \u00e0 se faufiler avec pr\u00e8s de 200 autres d\u00e9put\u00e9s pour voter une motion mettant en \u00e9chec le coup de force de Yoon Suk-yeol.<\/p>\n<p>Apr\u00e8s avoir fr\u00f4l\u00e9 la mort l\u2019an dernier lors d\u2019une tentative d\u2019assassinat, il a fait campagne en gilet pare-balles et prononc\u00e9 ses discours derri\u00e8re des vitres blind\u00e9es.<\/p>\n<p>Son adversaire Kim Moon-soo, un ex-dirigeant syndical de 73 ans ayant chang\u00e9 de camp, a au contraire refus\u00e9 de s\u2019excuser pour son parti au lendemain de la d\u00e9b\u00e2cle.<\/p>\n<p>Le futur pr\u00e9sident du pays de 52 millions d\u2019habitants devra faire face \u00e0 une crise \u00e9conomique qui s\u2019aggrave, l\u2019un des taux de natalit\u00e9 parmi les plus bas au monde et \u00e0 la hausse du co\u00fbt de la vie.<\/p>\n<p>Il devra \u00e9galement r\u00e9pondre \u00e0 la menace de son impr\u00e9visible voisin nord-cor\u00e9en, et se positionner dans l\u2019affrontement entre les \u00c9tats-Unis, garant traditionnel de la s\u00e9curit\u00e9 du pays, et la Chine, son principal partenaire commercial.<\/p>\n<p>&nbsp;<\/p>\n<p><strong><em>Avec AFP<\/em><\/strong><\/p>\n<\/div>\n","protected":false},"excerpt":{"rendered":"<p>Grand favori de la pr\u00e9sidentielle sud-cor\u00e9enne \u00e0 un tour, Lee Jae-myung, le candidat du Parti d\u00e9mocrate (centre gauche), est donn\u00e9 tr\u00e8s largement vainqueur de l\u2019\u00e9lection pr\u00e9sidentielle mardi, selon un sondage de sortie des urnes r\u00e9alis\u00e9 par les trois principales cha\u00eenes du pays \u00e0 la cl\u00f4ture du scrutin. Le candidat de centre gauche\u00a0Lee Jae-myung\u00a0arrive tr\u00e8s largement [&hellip;]<\/p>\n","protected":false},"author":2,"featured_media":34020,"comment_status":"closed","ping_status":"closed","sticky":false,"template":"","format":"standard","meta":{"footnotes":""},"categories":[57],"tags":[],"class_list":{"0":"post-34019","1":"post","2":"type-post","3":"status-publish","4":"format-standard","5":"has-post-thumbnail","7":"category-politique"},"_links":{"self":[{"href":"https:\/\/conakrynews.org\/index.php\/wp-json\/wp\/v2\/posts\/34019","targetHints":{"allow":["GET"]}}],"collection":[{"href":"https:\/\/conakrynews.org\/index.php\/wp-json\/wp\/v2\/posts"}],"about":[{"href":"https:\/\/conakrynews.org\/index.php\/wp-json\/wp\/v2\/types\/post"}],"author":[{"embeddable":true,"href":"https:\/\/conakrynews.org\/index.php\/wp-json\/wp\/v2\/users\/2"}],"replies":[{"embeddable":true,"href":"https:\/\/conakrynews.org\/index.php\/wp-json\/wp\/v2\/comments?post=34019"}],"version-history":[{"count":0,"href":"https:\/\/conakrynews.org\/index.php\/wp-json\/wp\/v2\/posts\/34019\/revisions"}],"wp:featuredmedia":[{"embeddable":true,"href":"https:\/\/conakrynews.org\/index.php\/wp-json\/wp\/v2\/media\/34020"}],"wp:attachment":[{"href":"https:\/\/conakrynews.org\/index.php\/wp-json\/wp\/v2\/media?parent=34019"}],"wp:term":[{"taxonomy":"category","embeddable":true,"href":"https:\/\/conakrynews.org\/index.php\/wp-json\/wp\/v2\/categories?post=34019"},{"taxonomy":"post_tag","embeddable":true,"href":"https:\/\/conakrynews.org\/index.php\/wp-json\/wp\/v2\/tags?post=34019"}],"curies":[{"name":"wp","href":"https:\/\/api.w.org\/{rel}","templated":true}]}}