{"id":34040,"date":"2025-06-05T14:09:52","date_gmt":"2025-06-05T14:09:52","guid":{"rendered":"https:\/\/conakrynews.org\/?p=34040"},"modified":"2025-06-05T14:09:52","modified_gmt":"2025-06-05T14:09:52","slug":"lhomme-a-la-guitare-dor-se-devoile-a-avenirguinee-sekou-bembeya-dit-tout-entretien","status":"publish","type":"post","link":"https:\/\/conakrynews.org\/index.php\/lhomme-a-la-guitare-dor-se-devoile-a-avenirguinee-sekou-bembeya-dit-tout-entretien\/","title":{"rendered":"L\u2019homme \u00e0 la guitare d\u2019or se d\u00e9voile \u00e0 Avenirguinee : Sekou Bembeya dit tout ( Entretien)"},"content":{"rendered":"<div class=\"td-pb-row\">\n<div class=\"td-pb-span12\">\n<div class=\"td-post-header\">\n<header class=\"td-post-title\">\n<h1 class=\"entry-title\"><\/h1>\n<div class=\"td-module-meta-info\">\n<div class=\"td-post-author-name\">\n<div class=\"td-author-by\"><\/div>\n<\/div>\n<\/div>\n<\/header>\n<\/div>\n<\/div>\n<\/div>\n<div class=\"td-pb-row\">\n<div class=\"td-pb-span8 td-main-content\" role=\"main\">\n<div class=\"td-ss-main-content\">\n<div class=\"td-post-sharing td-post-sharing-top \">\n<div class=\"td-default-sharing\"><\/div>\n<\/div>\n<div class=\"td-post-content\">\n<div class=\"td-post-featured-image\"><\/div>\n<div class=\"entry-header\">\n<h1 class=\"jeg_post_title\"><\/h1>\n<div class=\"jeg_meta_container\">\n<div class=\"jeg_post_meta jeg_post_meta_1\">\n<div class=\"meta_right\"><\/div>\n<\/div>\n<\/div>\n<\/div>\n<div class=\"jeg_featured featured_image \">\n<div class=\"thumbnail-container animate-lazy\"><\/div>\n<\/div>\n<div class=\"jeg_share_top_container\"><\/div>\n<div class=\"jeg_ad jeg_article jnews_content_top_ads \">\n<div class=\"ads-wrapper \"><\/div>\n<\/div>\n<div class=\"entry-content no-share\">\n<div class=\"jeg_share_button share-float jeg_sticky_share clearfix share-monocrhome\">\n<div class=\"jeg_share_float_container\"><\/div>\n<\/div>\n<div class=\"content-inner \">\n<p>Figure embl\u00e9matique de la musique guin\u00e9enne et africaine, Sekou \u00ab\u00a0Diamond Fingers\u00a0\u00bb Bembeya Diabat\u00e9 revient sur plus de 50 ans de carri\u00e8re au service de l\u2019art et de la patrie. Dans cet entretien exclusif accord\u00e9 \u00e0 Avenirguinee, il \u00e9voque ses d\u00e9buts, ses influences, ses succ\u00e8s, mais aussi ses regrets. \u00c0 plus de 80 ans, le doyen livre un t\u00e9moignage poignant, \u00e0 la fois humble et inspirant, sur son h\u00e9ritage musical et humain. Entretien\u2026<\/p>\n<p><strong>Avenirguinee : Bonjour Monsieur. Pr\u00e9sentez-vous \u00e0 nos milliers de lecteurs.<\/strong><\/p>\n<p>Je suis Sekou Bembeya Diabat\u00e9, membre fondateur du groupe Bembeya Jazz National et International. Je suis auteur, compositeur, arrangeur, guitariste et chanteur. Je suis n\u00e9 en 1944.<\/p>\n<p><strong>Avenirguinee : Dites-nous comment vous \u00eates entr\u00e9 dans la musique, en particulier en tant que guitariste. Depuis quelle ann\u00e9e jouez-vous ?<\/strong><\/p>\n<p>La guitare, c\u2019est une affaire de famille. Nos grands-p\u00e8res, nos p\u00e8res\u2026 Nous sommes une famille de griots, des \u00ab\u00a0Gu\u00e9li\u00a0\u00bb. En malink\u00e9, c\u2019est le mot juste. Mais certains n\u2019ont pas su traduire ce terme, et ont dit \u00ab\u00a0Gu\u00e9lions\u00a0\u00bb. Donc oui, je suis Gu\u00e9li. Cette tradition se transmet de g\u00e9n\u00e9ration en g\u00e9n\u00e9ration. Mon p\u00e8re jouait du balafon et de la guitare acoustique traditionnelle. J\u2019ai grandi entre ces deux instruments. Il a vu que j\u2019aimais beaucoup la guitare. Il m\u2019a offert ma premi\u00e8re guitare, command\u00e9e sp\u00e9cialement en France, en 1954, pour mes dix ans. C\u2019\u00e9tait une guitare m\u00e9tallique, tr\u00e8s particuli\u00e8re, qu\u2019on ne trouve plus aujourd\u2019hui.<\/p>\n<p><strong>Avenirguinee : Qu\u2019est-ce qui vous a pouss\u00e9 \u00e0 pers\u00e9v\u00e9rer ?<\/strong><\/p>\n<div class=\"jnews_inline_related_post_wrapper left\">\n<div class=\"jnews_inline_related_post\">\n<div class=\"jeg_postblock_29 jeg_postblock jeg_module_hook jeg_pagination_disable jeg_col_2o3 jnews_module_63828_1_68418870b567e \" data-unique=\"jnews_module_63828_1_68418870b567e\">\n<div class=\"jeg_block_navigation\"><\/div>\n<\/div>\n<\/div>\n<\/div>\n<p>Je ne voulais pas me s\u00e9parer de la guitare. C\u2019\u00e9tait devenu une partie de moi. Je la tenais toujours en main. Elle me calmait, me faisait r\u00eaver, me donnait de la force. J\u2019ai compris que la musique pouvait changer une vie, y compris la mienne.<\/p>\n<p><strong>Avenirguinee : \u00c0 quel moment int\u00e9grez-vous un orchestre ?<\/strong><\/p>\n<p>En 1959, je suis recrut\u00e9 dans un orchestre appel\u00e9 \u00ab\u00a0Syli Orchestre\u00a0\u00bb, \u00e0 Beyla. Ensuite, en 1961, le gouvernement cr\u00e9e des orchestres r\u00e9gionaux. Le pr\u00e9sident S\u00e9kou Tour\u00e9 nous demande de fonder des formations modernes dans chaque r\u00e9gion. C\u2019est ainsi qu\u2019est n\u00e9 le Bembeya Jazz de Beyla. Le 15 ao\u00fbt 1961, je suis d\u00e9sign\u00e9 chef d\u2019orchestre.<\/p>\n<p><strong>Avenirguinee : Quelles \u00e9taient les missions de votre groupe \u00e0 l\u2019\u00e9poque ?<\/strong><\/p>\n<p>Nous \u00e9tions les porte-voix de la r\u00e9volution. Le pr\u00e9sident S\u00e9kou Tour\u00e9 voulait que la musique soit un outil de sensibilisation et d\u2019unit\u00e9. On chantait les louanges de la Guin\u00e9e ind\u00e9pendante, on valorisait notre culture, nos langues, nos h\u00e9ros. Et on mettait en musique les messages du parti.<\/p>\n<p><strong>Avenirguinee : Vous avez connu un grand succ\u00e8s en Afrique et au-del\u00e0. Quelle est, selon vous, votre contribution majeure \u00e0 la musique africaine ?<\/strong><\/p>\n<p>Je crois que nous avons prouv\u00e9 qu\u2019on pouvait faire de la musique moderne en restant profond\u00e9ment africains. On a introduit la guitare \u00e9lectrique dans la musique traditionnelle mandingue. On a modernis\u00e9 le folklore sans le d\u00e9naturer. Et on a inspir\u00e9 toute une g\u00e9n\u00e9ration d\u2019artistes. J\u2019ai \u00e9t\u00e9 surnomm\u00e9 \u00ab\u00a0Diamond Fingers\u00a0\u00bb par des musiciens \u00e9trangers, en hommage \u00e0 ma technique. Mais tout vient du c\u0153ur, pas des doigts.<\/p>\n<p><strong>Avenirguinee : Parlez-nous de vos tourn\u00e9es \u00e0 l\u2019international.<\/strong><\/p>\n<p>Nous avons jou\u00e9 partout : en Afrique, en Europe, aux \u00c9tats-Unis, en Asie. Partout o\u00f9 nous allions, on sentait que la culture guin\u00e9enne rayonnait. \u00c0 un moment, le Bembeya Jazz \u00e9tait consid\u00e9r\u00e9 comme l\u2019un des meilleurs groupes du continent. Nous \u00e9tions de vrais ambassadeurs culturels. Et cela nous rendait fiers.<\/p>\n<p><strong>Avenirguinee : Aujourd\u2019hui, quel regard portez-vous sur la musique guin\u00e9enne moderne ?<\/strong><\/p>\n<p>Il y a du talent, beaucoup de talent. Mais il manque souvent de la discipline, du respect pour les anciens, et une vraie connaissance de nos racines. La musique n\u2019est pas que du divertissement. C\u2019est aussi une responsabilit\u00e9. Il faut transmettre quelque chose. On ne doit pas oublier d\u2019o\u00f9 l\u2019on vient.<\/p>\n<p><strong>Avenirguinee : Quel message souhaitez-vous transmettre \u00e0 la jeune g\u00e9n\u00e9ration ?<\/strong><\/p>\n<p>Travaillez, respectez la musique, respectez-vous vous-m\u00eames. Ne courez pas seulement apr\u00e8s l\u2019argent ou la c\u00e9l\u00e9brit\u00e9. La musique, c\u2019est une mission, un don. Il faut l\u2019honorer. Et surtout, restez humbles. La gloire vient et passe. Seul le respect reste.<\/p>\n<p><strong>Avenirguinee : Avez-vous des regrets ?<\/strong><\/p>\n<p>Peut-\u00eatre de n\u2019avoir pas eu les moyens de mieux former les jeunes. J\u2019aurais aim\u00e9 ouvrir une grande \u00e9cole de musique en Guin\u00e9e, avec des instruments, des professeurs, un vrai programme. Mais ce n\u2019est pas trop tard. Si les autorit\u00e9s le veulent, je suis pr\u00eat \u00e0 transmettre ce que je sais.<\/p>\n<p><strong>Avenirguinee : Un dernier mot pour conclure cet entretien ?<\/strong><\/p>\n<p>Je remercie Avenirguinee pour l\u2019int\u00e9r\u00eat que vous portez \u00e0 mon parcours. Je demande \u00e0 Dieu de prot\u00e9ger notre culture, nos artistes, et de guider la jeunesse. Que la musique guin\u00e9enne continue de vivre et de briller, longtemps apr\u00e8s moi.<\/p>\n<\/div>\n<div dir=\"auto\"><strong>Avec Avenirguinee.org\u00a0<\/strong><\/div>\n<\/div>\n<\/div>\n<\/div>\n<\/div>\n<\/div>\n","protected":false},"excerpt":{"rendered":"<p>Figure embl\u00e9matique de la musique guin\u00e9enne et africaine, Sekou \u00ab\u00a0Diamond Fingers\u00a0\u00bb Bembeya Diabat\u00e9 revient sur plus de 50 ans de carri\u00e8re au service de l\u2019art et de la patrie. Dans cet entretien exclusif accord\u00e9 \u00e0 Avenirguinee, il \u00e9voque ses d\u00e9buts, ses influences, ses succ\u00e8s, mais aussi ses regrets. \u00c0 plus de 80 ans, le doyen [&hellip;]<\/p>\n","protected":false},"author":2,"featured_media":34041,"comment_status":"closed","ping_status":"closed","sticky":false,"template":"","format":"standard","meta":{"footnotes":""},"categories":[62],"tags":[],"class_list":{"0":"post-34040","1":"post","2":"type-post","3":"status-publish","4":"format-standard","5":"has-post-thumbnail","7":"category-culture"},"_links":{"self":[{"href":"https:\/\/conakrynews.org\/index.php\/wp-json\/wp\/v2\/posts\/34040","targetHints":{"allow":["GET"]}}],"collection":[{"href":"https:\/\/conakrynews.org\/index.php\/wp-json\/wp\/v2\/posts"}],"about":[{"href":"https:\/\/conakrynews.org\/index.php\/wp-json\/wp\/v2\/types\/post"}],"author":[{"embeddable":true,"href":"https:\/\/conakrynews.org\/index.php\/wp-json\/wp\/v2\/users\/2"}],"replies":[{"embeddable":true,"href":"https:\/\/conakrynews.org\/index.php\/wp-json\/wp\/v2\/comments?post=34040"}],"version-history":[{"count":0,"href":"https:\/\/conakrynews.org\/index.php\/wp-json\/wp\/v2\/posts\/34040\/revisions"}],"wp:featuredmedia":[{"embeddable":true,"href":"https:\/\/conakrynews.org\/index.php\/wp-json\/wp\/v2\/media\/34041"}],"wp:attachment":[{"href":"https:\/\/conakrynews.org\/index.php\/wp-json\/wp\/v2\/media?parent=34040"}],"wp:term":[{"taxonomy":"category","embeddable":true,"href":"https:\/\/conakrynews.org\/index.php\/wp-json\/wp\/v2\/categories?post=34040"},{"taxonomy":"post_tag","embeddable":true,"href":"https:\/\/conakrynews.org\/index.php\/wp-json\/wp\/v2\/tags?post=34040"}],"curies":[{"name":"wp","href":"https:\/\/api.w.org\/{rel}","templated":true}]}}