{"id":3420,"date":"2019-11-11T20:08:14","date_gmt":"2019-11-11T19:08:14","guid":{"rendered":"https:\/\/conakrynews.org\/?p=3420"},"modified":"2019-11-11T20:35:10","modified_gmt":"2019-11-11T19:35:10","slug":"conakry-session-de-formation-avocats-guineens-pratiques-professionnelles-deontologie","status":"publish","type":"post","link":"https:\/\/conakrynews.org\/index.php\/conakry-session-de-formation-avocats-guineens-pratiques-professionnelles-deontologie\/","title":{"rendered":"Conakry : Session de formation des avocats  Guin\u00e9ens   sur des pratiques professionnelles et la d\u00e9ontologie"},"content":{"rendered":"<p><strong>\u00a0Le \u00a0Conseil de l\u2019ordre des Avocat\u00a0 de Guin\u00e9e en collaboration avec l\u2019ONG \u2018\u2019Afrique Droit\u2019\u2019 ,<img loading=\"lazy\" decoding=\"async\" class=\"alignright size-full wp-image-3421\" src=\"https:\/\/conakrynews.org\/wp-content\/uploads\/2019\/11\/form-Avocat.jpg\" alt=\"\" width=\"456\" height=\"304\" \/>\u00a0 a organis\u00e9 ce Lundi 11 Novembre 2019\u00a0 dans un r\u00e9ceptif h\u00f4telier de la place, une session de formation de cinq jours \u00a0\u00e0 l\u2019intention des avocats\u00a0 guin\u00e9ens. Sous le th\u00e8me\u00a0:\u00a0\u00ab\u00a0Nos pratiques professionnelles et notre d\u00e9ontologie\u00a0\u00bb. Ladite Session se tiendra du 11 au 16 Novembre 2019.Objectif\u00a0? Renforcer\u00a0 les capacit\u00e9s des hommes de droit appel\u00e9s avocats \u00a0\u00a0afin de leur permettre \u00a0d\u2019exercer leur profession \u00a0dans les meilleures conditions.<\/strong><\/p>\n<p><strong>\u00a0<\/strong><\/p>\n<p>&nbsp;<\/p>\n<p>A l\u2019occasion,Me Djibril\u00a0 Kouyat\u00e9, b\u00e2tonnier de l\u2019ordre des avocats de Guin\u00e9e, \u00a0\u00a0a \u00a0d\u00e9clar\u00e9\u00a0: \u00ab\u00a0Aucun avocat ne peut se vanter de pouvoir se passer de la formation. Aucun avocat n\u2019a le monopole de la connaissance\u00a0.Avoir la certitude qu\u2019on a le monopole du savoir nous conduit tout droit vers l\u2019abime de l\u2019insuffisance et de la vantardise qui sont des comportements ha\u00efssables au sein de la soci\u00e9t\u00e9\u00a0\u00bb,\u00a0 a d\u00e9clar\u00e9\u00a0 le b\u00e2tonnier.<\/p>\n<p>Avant d\u2019inviter les participants \u00a0\u00e0 s\u2019approprier des contenus des diff\u00e9rents modules qui leur seront dispens\u00e9s \u00a0pour mieux pratiquer leur m\u00e9tier au quotidien.<\/p>\n<p>&nbsp;<\/p>\n<p>&nbsp;<\/p>\n<p>Le pr\u00e9sident de l\u2019ONG \u2018\u2019Afrique Droit\u2019\u2019,Me Philippe Mialet, formateur et avocat au barreau de l\u2019Essonne, \u00a0a fait savoir que l\u2019accent sera mis \u00a0sur la d\u00e9ontologie \u00a0de l\u2019avocat \u00a0durant cette session de \u00a0formation.<\/p>\n<p>De poursuivre, il a rappel\u00e9 \u00a0que \u00a0les connaissances du droit ne posent pas probl\u00e8me en Guin\u00e9e. \u00ab\u00a0C\u2019est plut\u00f4t la d\u00e9ontologie qui pose plus de probl\u00e8mes. Pourtant, c\u2019est la d\u00e9ontologie qui fait que nous existons, sinon d\u2019autres feraient ce m\u00e9tier \u00e0 notre place\u00a0\u00bb, a pr\u00e9cis\u00e9 le formateur aux participants.<\/p>\n<p>\u00ab\u00a0En France par exemple, nous avons une d\u00e9ontologie que nous avons d\u00e9velopp\u00e9e depuis des si\u00e8cles qui commence \u00e0 \u00eatre bien install\u00e9e avec des r\u00e8glements int\u00e9rieurs qui sont bien \u00e9tablis. Cette d\u00e9ontologie, c\u2019est la garantie du client. C\u2019est la m\u00eame chose qu\u2019il faut faire en Guin\u00e9e. C\u2019est la raison pour laquelle le Barreau de Guin\u00e9e a souhait\u00e9 que nous partagions la d\u00e9ontologie de la profession d\u2019avocat en Guin\u00e9e et qui se pratique dans des barreaux francophones\u00a0\u00bb, a expliqu\u00e9 le pr\u00e9sident de\u00a0 l\u2019ONG \u2018\u2019Afrique Droit\u2019\u2019.<\/p>\n<p>&nbsp;<\/p>\n<p>Mohamed Koly Camara, chef de cabinet du minist\u00e8re de la justice et repr\u00e9sentant du ministre de la justice \u00e0 cette c\u00e9r\u00e9monie, a affirm\u00e9\u00a0:\u00a0\u00ab\u00a0En Guin\u00e9e, nous exer\u00e7ons le m\u00e9tier d\u2019avocat dans des conditions parfois p\u00e9nibles et difficiles.\u00a0Et y a des contraintes qui vont \u00eatre lev\u00e9es dans le temps. La premi\u00e8re de ces contraintes, c\u2019est d\u2019abord acqu\u00e9rir une bonne formation. Et je suis s\u00fbr que vous y parviendrez, L\u2019avocat, qui est un maillon important de la justice, doit \u00eatre de rigueur pour inspirer \u00a0confiance. Et nous avons besoin de formations continues pour nous remettre en cause et apprendre davantage\u00a0\u00bb,a-t-il affirm\u00e9.<\/p>\n<p>&nbsp;<\/p>\n<p>Pour mettre un terme \u00e0 ses propos, le chef de cabinet du minist\u00e8re de la justice, a dit\u00a0:\u00a0\u00ab\u00a0sans la d\u00e9ontologie, il n\u2019y a pas d\u2019avocat\u00a0\u00bb.Avant de pr\u00e9ciser que la profession repose absolument sur un ensemble de r\u00e8gles strictes auxquelles tout avocat doit ob\u00e9ir pour avoir la dignit\u00e9 et la confiance de sa population.<\/p>\n<p>&nbsp;<\/p>\n<p>&nbsp;<\/p>\n<p>Participant \u00e0 la formation, un\u00a0 jeune avocat a parl\u00e9 des attentes li\u00e9es \u00e0 cette formation.\u00a0\u00ab\u00a0Nous attendons beaucoup de cette formation comme par le pass\u00e9. A travers la pertinence des th\u00e9matiques\u00a0 qui sont \u00e0 l\u2019ordre du jour. Nous estimons qu\u2019au terme de cette formation les Avocats Guin\u00e9ens seront suffisamment outill\u00e9s dans l\u2019apprentissage de la d\u00e9ontologie de la profession d\u2019Avocat\u00a0\u00bb, a d\u00e9clar\u00e9 ce \u00a0\u00a0jeune avocat.<\/p>\n<p>Avant d\u2019ajouter\u00a0:\u00a0\u00ab\u00a0Du point de vu de la d\u00e9ontologie , nous attendons \u00e0 ce que les Avocats renforcent d\u2019avantage \u00a0leurs connaissances\u00a0 dans ce domaine \u00a0pour \u00e9viter\u00a0 des \u00e9carts de langage au cours\u00a0 des audiences \u00a0afin de \u00a0renforcer la confraternit\u00e9 \u00a0\u00a0et \u00a0apaiser des rapports entre\u00a0 avocats et magistrats et entre avocats et clients dans les audiences\u00a0\u00bb, a-t-il ajout\u00e9 l\u2019orateur .<\/p>\n<p>\u00ab\u00a0 A ce qui concerne les autres th\u00e9matiques li\u00e9es \u00e0 certains domaines de sp\u00e9cialit\u00e9s, nous estimons\u00a0 que les avocats seront\u00a0 encore renforc\u00e9s dans leurs comp\u00e9tences et leurs pratiques professionnelles seront d\u2019avantage am\u00e9lior\u00e9es dans ce sens. Cela pourrait ressortir dans leurs \u00a0diff\u00e9rentes \u00e9critures judiciaires et m\u00eame\u00a0 dans leurs prestations devant les cours et Tribunaux. En conclusion, c\u2019est pour ouvrir les yeux \u00a0sur les nouveaux domaines du droit qui \u00a0ne sont pas forcement enseign\u00e9s dans les Universit\u00e9s\u00a0\u00bb, a conclu l\u2019orateur.<\/p>\n<p><strong>Sylla Ibrahima Kalil pour <a href=\"https:\/\/conakrynews.org\">www.conakrynews.org<\/a> 625444534 <\/strong><\/p>\n<p><strong>\u00a0<\/strong><\/p>\n","protected":false},"excerpt":{"rendered":"<p>\u00a0Le \u00a0Conseil de l\u2019ordre des Avocat\u00a0 de Guin\u00e9e en collaboration avec l\u2019ONG \u2018\u2019Afrique Droit\u2019\u2019 ,\u00a0 a organis\u00e9 ce Lundi 11 Novembre 2019\u00a0 dans un r\u00e9ceptif h\u00f4telier de la place, une session de formation de cinq jours \u00a0\u00e0 l\u2019intention des avocats\u00a0 guin\u00e9ens. Sous le th\u00e8me\u00a0:\u00a0\u00ab\u00a0Nos pratiques professionnelles et notre d\u00e9ontologie\u00a0\u00bb. Ladite Session se tiendra du 11 [&hellip;]<\/p>\n","protected":false},"author":2,"featured_media":3421,"comment_status":"open","ping_status":"open","sticky":false,"template":"","format":"standard","meta":{"footnotes":""},"categories":[1],"tags":[],"class_list":{"0":"post-3420","1":"post","2":"type-post","3":"status-publish","4":"format-standard","5":"has-post-thumbnail","7":"category-non-classe"},"_links":{"self":[{"href":"https:\/\/conakrynews.org\/index.php\/wp-json\/wp\/v2\/posts\/3420","targetHints":{"allow":["GET"]}}],"collection":[{"href":"https:\/\/conakrynews.org\/index.php\/wp-json\/wp\/v2\/posts"}],"about":[{"href":"https:\/\/conakrynews.org\/index.php\/wp-json\/wp\/v2\/types\/post"}],"author":[{"embeddable":true,"href":"https:\/\/conakrynews.org\/index.php\/wp-json\/wp\/v2\/users\/2"}],"replies":[{"embeddable":true,"href":"https:\/\/conakrynews.org\/index.php\/wp-json\/wp\/v2\/comments?post=3420"}],"version-history":[{"count":0,"href":"https:\/\/conakrynews.org\/index.php\/wp-json\/wp\/v2\/posts\/3420\/revisions"}],"wp:featuredmedia":[{"embeddable":true,"href":"https:\/\/conakrynews.org\/index.php\/wp-json\/wp\/v2\/media\/3421"}],"wp:attachment":[{"href":"https:\/\/conakrynews.org\/index.php\/wp-json\/wp\/v2\/media?parent=3420"}],"wp:term":[{"taxonomy":"category","embeddable":true,"href":"https:\/\/conakrynews.org\/index.php\/wp-json\/wp\/v2\/categories?post=3420"},{"taxonomy":"post_tag","embeddable":true,"href":"https:\/\/conakrynews.org\/index.php\/wp-json\/wp\/v2\/tags?post=3420"}],"curies":[{"name":"wp","href":"https:\/\/api.w.org\/{rel}","templated":true}]}}