{"id":3430,"date":"2019-11-16T10:41:54","date_gmt":"2019-11-16T09:41:54","guid":{"rendered":"https:\/\/conakrynews.org\/?p=3430"},"modified":"2019-11-16T11:06:38","modified_gmt":"2019-11-16T10:06:38","slug":"eliminatoires-de-can-2021-aigles-mali-tenus-echec-syli-national","status":"publish","type":"post","link":"https:\/\/conakrynews.org\/index.php\/eliminatoires-de-can-2021-aigles-mali-tenus-echec-syli-national\/","title":{"rendered":"Eliminatoires de la CAN 2021 : \tLes Aigles du Mali tenus en \u00e9chec par  le Syli National de Guin\u00e9e"},"content":{"rendered":"<p><strong>L\u2019\u00e9quipe nationale Guin\u00e9enne \u00a0de football\u00a0 a livr\u00e9 son premier\u00a0 match en d\u00e9placement et aussi \u00a0son premier match des \u00e9liminatoires de la coupe d\u2019Afrique des nations(CAN) Cameroun 2021 contre les Aigles du Mali au stade du 26 mars de Bamako. Cette premi\u00e8re sortie des rouges &#8211; jaune -vert \u00a0de la Guin\u00e9e s\u2019est sold\u00e9e \u00a0sur un score nul de 2-2, entre \u00a0\u00a0les Aigles \u00a0\u00a0du Mali.<\/strong><\/p>\n<p>Pendant la premi\u00e8re explication de \u00a0la rencontre, l\u2019\u00e9quipe nationale Guin\u00e9enne et celle du\u00a0 Mali ont d\u00e9montr\u00e9\u00a0 un bon niveau \u00a0technique de jeu sur le terrain. Mais pas de but, le score de cette premi\u00e8re p\u00e9riode\u00a0 a \u00e9t\u00e9 \u00a0de\u00a0 z\u00e9ro 0-0 but partout.<\/p>\n<p>A la deuxi\u00e8me explication,, les Aigles du Mali\u00a0\u00a0 vont vite passer \u00e0 l\u2019action. Sur une superbe frappe ,Adama Noss Traor\u00e9\u00a0 a ouvert le score \u00a0\u00e0 la 56<sup>\u00e8me<\/sup> minute 1-0.L\u2019\u00e9quipe \u00a0Guin\u00e9enne\u00a0 r\u00e9ussira de\u00a0 revenir au score\u00a0 gr\u00e2ce \u00e0 Naby Keita, \u00e0 la \u00a067e minute. Qui \u00a0a profit\u00e9 d\u2019une frappe puissante\u00a0\u00a0 de Demba Camara, mal\u00a0 n\u00e9goci\u00e9 \u00a0par le gardien malien (1-1).<\/p>\n<p>&nbsp;<\/p>\n<p>A quelques minutes\u00a0<img loading=\"lazy\" decoding=\"async\" class=\"alignright size-medium wp-image-3431\" src=\"https:\/\/conakrynews.org\/wp-content\/uploads\/2019\/11\/photo-can-21-515x290.jpeg\" alt=\"\" width=\"515\" height=\"290\" srcset=\"https:\/\/conakrynews.org\/wp-content\/uploads\/2019\/11\/photo-can-21-515x290.jpeg 515w, https:\/\/conakrynews.org\/wp-content\/uploads\/2019\/11\/photo-can-21-768x432.jpeg 768w, https:\/\/conakrynews.org\/wp-content\/uploads\/2019\/11\/photo-can-21.jpeg 777w\" sizes=\"auto, (max-width: 515px) 100vw, 515px\" \/> de sa rentr\u00e9e dans ce match, \u00a0Moussa Djenepo, \u00a0a\u00a0 plac\u00e9 le ballon qui sera repouss\u00e9 dans ses propres buts par le de lat\u00e9ral gauche Guin\u00e9en \u00a0\u00a0Issiaga Sylla, \u00e0 la 72e (2-1). \u00a0\u00a0Gr\u00e2ce au service du \u00a0d\u00e9fenseur \u00a0S\u00e9kou Cond\u00e9,\u00a0 sur une reprise de t\u00eate imparable, va \u00e9galiser pour les guin\u00e9ens, \u00e0 la \u00a073e (2-2).<\/p>\n<p>Notre \u00e9quipe \u00a0doit recevoir \u00a0la Namibie le 17 novembre prochain \u00e0 Conakry, pour le compte de la \u00a0sa deuxi\u00e8me sortie et la 2eme\u00a0 journ\u00e9e des \u00a0\u00e9liminatoires de la CAN 2021 au Cameroun.<\/p>\n<p>Sylla Ibrahima Kalil pour <a href=\"https:\/\/conakrynews.org\">www.conakrynews.org<\/a> 625444534<\/p>\n<p>&nbsp;<\/p>\n","protected":false},"excerpt":{"rendered":"<p>L\u2019\u00e9quipe nationale Guin\u00e9enne \u00a0de football\u00a0 a livr\u00e9 son premier\u00a0 match en d\u00e9placement et aussi \u00a0son premier match des \u00e9liminatoires de la coupe d\u2019Afrique des nations(CAN) Cameroun 2021 contre les Aigles du Mali au stade du 26 mars de Bamako. Cette premi\u00e8re sortie des rouges &#8211; jaune -vert \u00a0de la Guin\u00e9e s\u2019est sold\u00e9e \u00a0sur un score [&hellip;]<\/p>\n","protected":false},"author":2,"featured_media":3431,"comment_status":"open","ping_status":"open","sticky":false,"template":"","format":"standard","meta":{"footnotes":""},"categories":[1],"tags":[],"class_list":{"0":"post-3430","1":"post","2":"type-post","3":"status-publish","4":"format-standard","5":"has-post-thumbnail","7":"category-non-classe"},"_links":{"self":[{"href":"https:\/\/conakrynews.org\/index.php\/wp-json\/wp\/v2\/posts\/3430","targetHints":{"allow":["GET"]}}],"collection":[{"href":"https:\/\/conakrynews.org\/index.php\/wp-json\/wp\/v2\/posts"}],"about":[{"href":"https:\/\/conakrynews.org\/index.php\/wp-json\/wp\/v2\/types\/post"}],"author":[{"embeddable":true,"href":"https:\/\/conakrynews.org\/index.php\/wp-json\/wp\/v2\/users\/2"}],"replies":[{"embeddable":true,"href":"https:\/\/conakrynews.org\/index.php\/wp-json\/wp\/v2\/comments?post=3430"}],"version-history":[{"count":0,"href":"https:\/\/conakrynews.org\/index.php\/wp-json\/wp\/v2\/posts\/3430\/revisions"}],"wp:featuredmedia":[{"embeddable":true,"href":"https:\/\/conakrynews.org\/index.php\/wp-json\/wp\/v2\/media\/3431"}],"wp:attachment":[{"href":"https:\/\/conakrynews.org\/index.php\/wp-json\/wp\/v2\/media?parent=3430"}],"wp:term":[{"taxonomy":"category","embeddable":true,"href":"https:\/\/conakrynews.org\/index.php\/wp-json\/wp\/v2\/categories?post=3430"},{"taxonomy":"post_tag","embeddable":true,"href":"https:\/\/conakrynews.org\/index.php\/wp-json\/wp\/v2\/tags?post=3430"}],"curies":[{"name":"wp","href":"https:\/\/api.w.org\/{rel}","templated":true}]}}