{"id":34485,"date":"2025-07-03T21:52:29","date_gmt":"2025-07-03T21:52:29","guid":{"rendered":"https:\/\/conakrynews.org\/?p=34485"},"modified":"2025-07-03T21:52:29","modified_gmt":"2025-07-03T21:52:29","slug":"cedeao-festival-ouest-africain-des-arts-et-de-la-culture","status":"publish","type":"post","link":"https:\/\/conakrynews.org\/index.php\/cedeao-festival-ouest-africain-des-arts-et-de-la-culture\/","title":{"rendered":"CEDEAO : Festival ouest-africain des arts et de la culture"},"content":{"rendered":"<h1 class=\"name post-title entry-title\"><\/h1>\n<p class=\"post-meta\">\n<div class=\"clear\"><\/div>\n<div class=\"entry\">\n<p class=\"teaser\">Pour la CEDEAO, le \u00ab renforcement de la coh\u00e9sion r\u00e9gionale \u00bb en Afrique de l\u2019Ouest passe, entre autres, par la \u00ab valorisation de la diversit\u00e9 et la cr\u00e9ativit\u00e9 \u00bb culturelle de la sous-r\u00e9gion.<\/p>\n<div class=\"content\">\n<section class=\"main\">\u00ab La mutation et la crise sociopolitique en Afrique de l\u2019Ouest : que peut faire la culture ? \u00bb, tel est le th\u00e8me choisi pour la premi\u00e8re \u00e9dition du Festival ouest-africain des arts et de la culture (ECOFEST), pr\u00e9vue en novembre prochain dans la capitale s\u00e9n\u00e9galise Dakar.&nbsp;<\/p>\n<p>Ce nouveau festival est initi\u00e9 par la Communaut\u00e9 \u00e9conomique des \u00c9tats de l\u2019Afrique de l\u2019Ouest (CEDEAO) et l\u2019Union \u00e9conomique et mon\u00e9taire ouest-africaine (UEMOA). Rassemblant des artistes, des talents \u00e9mergents et des institutions culturelles de la sous-r\u00e9gion, ECOFEST est un \u00ab espace de rencontres, d\u2019\u00e9changes, de partages et de promotion de la richesse culturelle ouest-africaine \u00bb, a indiqu\u00e9 la CEDEAO.<\/p>\n<p>Cet \u00ab \u00e9v\u00e9nement culturel majeur \u00bb mettra en avant les expressions artistiques vari\u00e9es de la sous-r\u00e9gion, telles que la musique, la danse, le th\u00e9\u00e2tre, les arts visuels, la litt\u00e9rature, et bien d\u2019autres disciplines, a-t-on ajout\u00e9. L\u2019objectif principal est de \u00ab promouvoir l\u2019int\u00e9gration, la coh\u00e9sion sociale, la paix et le d\u00e9veloppement socio\u00e9conomique et culturel \u00bb, en Afrique de l\u2019Ouest.<\/p>\n<p>Pour la CEDEAO, le \u00ab renforcement de la coh\u00e9sion r\u00e9gionale \u00bb passe, entre autres, par la \u00ab valorisation de la diversit\u00e9 et la cr\u00e9ativit\u00e9 \u00bb culturelle de la sous-r\u00e9gion.<\/p>\n<p>Ins\u00e9curit\u00e9 (terrorisme, conflits communautaires, criminalit\u00e9 organis\u00e9e\u2026), changement climatique, corruption end\u00e9mique, vuln\u00e9rabilit\u00e9s socio\u00e9conomiques, migration et reculs d\u00e9mocratiques avec des changements anticonstitutionnels de gouvernements, l\u2019Afrique de l\u2019Ouest est travers\u00e9e par une multitude de crises qui affectent sa stabilit\u00e9 politique et s\u00e9curitaire et le processus d\u2019int\u00e9gration r\u00e9gionale.<\/p>\n<p>Cela intervient dans un contexte marqu\u00e9 par une g\u00e9opolitique mondiale qui place le continent africain dans la lutte de pouvoir et d\u2019influence entre puissances.<\/p>\n<p>\u00ab La conjonction et la persistance de ces crises multiformes ont montr\u00e9 les limites des \u00c9tats post-coloniaux qui n\u2019ont pas r\u00e9ussi, apr\u00e8s 60 ans d\u2019ind\u00e9pendance, \u00e0 transformer les soci\u00e9t\u00e9s ouest-africaines, \u00e0 construire des institutions fortes et inclusives et \u00e0 mettre les citoyens au c\u0153ur de la gouvernance \u00bb, selon\u00a0<a href=\"https:\/\/pscc.fes.de\/fileadmin\/user_upload\/images\/publications\/2024\/FES-PSCC-Rapport-Crises-Afrique-Ouest-FR.pdf\" target=\"_blank\" rel=\"noopener noreferrer\">un rapport<\/a>\u00a0de la fondation politique allemande \u00ab Friedrich-Ebert-Stiftung \u00bb (FES).<\/p>\n<\/section>\n<p>&nbsp;<\/p>\n<p><strong>Avec dpa-news<\/strong><\/p>\n<\/div>\n<\/div>\n","protected":false},"excerpt":{"rendered":"<p>Pour la CEDEAO, le \u00ab renforcement de la coh\u00e9sion r\u00e9gionale \u00bb en Afrique de l\u2019Ouest passe, entre autres, par la \u00ab valorisation de la diversit\u00e9 et la cr\u00e9ativit\u00e9 \u00bb culturelle de la sous-r\u00e9gion. \u00ab La mutation et la crise sociopolitique en Afrique de l\u2019Ouest : que peut faire la culture ? \u00bb, tel est le [&hellip;]<\/p>\n","protected":false},"author":2,"featured_media":34486,"comment_status":"closed","ping_status":"closed","sticky":false,"template":"","format":"standard","meta":{"footnotes":""},"categories":[62],"tags":[],"class_list":{"0":"post-34485","1":"post","2":"type-post","3":"status-publish","4":"format-standard","5":"has-post-thumbnail","7":"category-culture"},"_links":{"self":[{"href":"https:\/\/conakrynews.org\/index.php\/wp-json\/wp\/v2\/posts\/34485","targetHints":{"allow":["GET"]}}],"collection":[{"href":"https:\/\/conakrynews.org\/index.php\/wp-json\/wp\/v2\/posts"}],"about":[{"href":"https:\/\/conakrynews.org\/index.php\/wp-json\/wp\/v2\/types\/post"}],"author":[{"embeddable":true,"href":"https:\/\/conakrynews.org\/index.php\/wp-json\/wp\/v2\/users\/2"}],"replies":[{"embeddable":true,"href":"https:\/\/conakrynews.org\/index.php\/wp-json\/wp\/v2\/comments?post=34485"}],"version-history":[{"count":0,"href":"https:\/\/conakrynews.org\/index.php\/wp-json\/wp\/v2\/posts\/34485\/revisions"}],"wp:featuredmedia":[{"embeddable":true,"href":"https:\/\/conakrynews.org\/index.php\/wp-json\/wp\/v2\/media\/34486"}],"wp:attachment":[{"href":"https:\/\/conakrynews.org\/index.php\/wp-json\/wp\/v2\/media?parent=34485"}],"wp:term":[{"taxonomy":"category","embeddable":true,"href":"https:\/\/conakrynews.org\/index.php\/wp-json\/wp\/v2\/categories?post=34485"},{"taxonomy":"post_tag","embeddable":true,"href":"https:\/\/conakrynews.org\/index.php\/wp-json\/wp\/v2\/tags?post=34485"}],"curies":[{"name":"wp","href":"https:\/\/api.w.org\/{rel}","templated":true}]}}