{"id":34523,"date":"2025-04-10T15:26:23","date_gmt":"2025-04-10T15:26:23","guid":{"rendered":"https:\/\/conakrynews.org\/?p=34523"},"modified":"2025-07-06T15:27:42","modified_gmt":"2025-07-06T15:27:42","slug":"conseil-de-securite-de-lonula-france-assure-la-presidence-pour-1-mois","status":"publish","type":"post","link":"https:\/\/conakrynews.org\/index.php\/conseil-de-securite-de-lonula-france-assure-la-presidence-pour-1-mois\/","title":{"rendered":"Conseil de S\u00e9curit\u00e9 de l&rsquo;ONU:La France assure la pr\u00e9sidence pour 1 mois"},"content":{"rendered":"<p>&nbsp;<\/p>\n<p>Il y a de cela quelques jours , la R\u00e9publique Fran\u00e7aise a pris la pr\u00e9sidence tournante du Conseil de s\u00e9curit\u00e9 de l&rsquo;Organisation des Nations Unies (ONU) pour une dur\u00e9e d&rsquo;un mois.Cette pr\u00e9sidence est ax\u00e9e sur le r\u00e8glement de diff\u00e9rentes crises (Ukraine, Palestine, r\u00e9gion des Grands Lacs en Afrique, conflit au Soudan et au Soudan du Sud, situation en Ha\u00efti&#8230;).<\/p>\n<p>&nbsp;<\/p>\n<p>Il pr\u00e9ciser de que la pr\u00e9sidence fran\u00e7aise s\u2019inscrit dans un \u00ab\u00a0trimestre europ\u00e9en\u00a0\u00bb, succ\u00e9dant au Danemark et pr\u00e9c\u00e9dant la Gr\u00e8ce.<\/p>\n<p>Quels sont les enjeux de la pr\u00e9sidence fran\u00e7aise!<br \/>\nParmi les objectifs affich\u00e9s, il est question notamment :<\/p>\n<p>d&rsquo;affirmer l\u2019engagement de la France et de ses partenaires europ\u00e9ens pour \u00ab\u00a0un multilat\u00e9ralisme efficace et respectueux de la Charte des Nations unies et du droit international\u00a0\u00bb car \u00ab\u00a0l\u2019ONU demeure (&#8230;) la clef de vo\u00fbte du syst\u00e8me international\u00a0\u00bb ;<br \/>\nde poursuivre les efforts en faveur \u00ab\u00a0d\u2019une paix juste et durable\u00a0\u00bb en Ukraine, en conformit\u00e9 avec la Charte des Nations unies face \u00e0 la guerre men\u00e9e par la Russie en Ukraine, qualifi\u00e9e de \u00ab\u00a0guerre d\u2019agression\u00a0\u00bb. La question la plus urgente serait de voir si les interactions entre les \u00c9tats-Unis, l&rsquo;Ukraine et la Russie vont dans une \u00ab\u00a0bonne direction\u00a0\u00bb et si les discussions sur le cessez-le-feu en Ukraine produiront des r\u00e9sultats tangibles.<br \/>\nLa diplomatie fran\u00e7aise entend \u00e9galement porter une attention particuli\u00e8re vers d&rsquo;autres foyers de crises dans le monde (Palestine, r\u00e9gion des Grands Lacs en Afrique, conflit au Soudan et au Soudan du Sud, situation en Ha\u00efti&#8230;).<\/p>\n<p>Le pays d&rsquo;Emanuel Macron a mentionn\u00e9 \u00e9galement que la \u00ab\u00a0vitalit\u00e9 du Conseil doit s\u2019appr\u00e9cier dans la mani\u00e8re dont il refl\u00e8te l\u2019\u00e9volution des r\u00e9alit\u00e9s internationales.Les discussions se poursuivront sur le renouvellement des m\u00e9thodes de travail et l\u2019encadrement du droit de veto. L\u2019initiative franco-mexicaine d\u2019un encadrement du droit de veto \u00ab\u00a0, a fait savoir l&rsquo;Etat Fran\u00e7ais.<\/p>\n<p>La protection des civils reste l&rsquo;une des priorit\u00e9s phares de la pr\u00e9sidence.<\/p>\n<p>\u00c0 noter que le Conseil de s\u00e9curit\u00e9 est compos\u00e9 de quinze membres dont cinq membres permanents.<\/p>\n<p>Les cinq permanents sont historiquement les vainqueurs de la Seconde Guerre mondiale : Chine, \u00c9tats-Unis, France, Royaume-Uni et Russie.<\/p>\n<p>Dix membres sont \u00e9lus pour deux ans par l\u2019Assembl\u00e9e g\u00e9n\u00e9rale, en tenant compte de la r\u00e9partition g\u00e9ographique. Chaque groupe r\u00e9gional dispose ainsi d\u2019un nombre attribu\u00e9 de si\u00e8ges : trois pour l\u2019Afrique, deux pour l\u2019Asie-Pacifique, deux pour l\u2019Am\u00e9rique latine et les Cara\u00efbes, un pour l\u2019Europe orientale et deux pour l\u2019Europe occidentale et les autres \u00c9tats.<\/p>\n<p>Une Synth\u00e8se de Sylla Ibrahima Kalil,pour www.conakrynews.org<\/p>\n","protected":false},"excerpt":{"rendered":"<p>&nbsp; Il y a de cela quelques jours , la R\u00e9publique Fran\u00e7aise a pris la pr\u00e9sidence tournante du Conseil de s\u00e9curit\u00e9 de l&rsquo;Organisation des Nations Unies (ONU) pour une dur\u00e9e d&rsquo;un mois.Cette pr\u00e9sidence est ax\u00e9e sur le r\u00e8glement de diff\u00e9rentes crises (Ukraine, Palestine, r\u00e9gion des Grands Lacs en Afrique, conflit au Soudan et au Soudan [&hellip;]<\/p>\n","protected":false},"author":2,"featured_media":34524,"comment_status":"closed","ping_status":"closed","sticky":false,"template":"","format":"standard","meta":{"footnotes":""},"categories":[57],"tags":[],"class_list":{"0":"post-34523","1":"post","2":"type-post","3":"status-publish","4":"format-standard","5":"has-post-thumbnail","7":"category-politique"},"_links":{"self":[{"href":"https:\/\/conakrynews.org\/index.php\/wp-json\/wp\/v2\/posts\/34523","targetHints":{"allow":["GET"]}}],"collection":[{"href":"https:\/\/conakrynews.org\/index.php\/wp-json\/wp\/v2\/posts"}],"about":[{"href":"https:\/\/conakrynews.org\/index.php\/wp-json\/wp\/v2\/types\/post"}],"author":[{"embeddable":true,"href":"https:\/\/conakrynews.org\/index.php\/wp-json\/wp\/v2\/users\/2"}],"replies":[{"embeddable":true,"href":"https:\/\/conakrynews.org\/index.php\/wp-json\/wp\/v2\/comments?post=34523"}],"version-history":[{"count":0,"href":"https:\/\/conakrynews.org\/index.php\/wp-json\/wp\/v2\/posts\/34523\/revisions"}],"wp:featuredmedia":[{"embeddable":true,"href":"https:\/\/conakrynews.org\/index.php\/wp-json\/wp\/v2\/media\/34524"}],"wp:attachment":[{"href":"https:\/\/conakrynews.org\/index.php\/wp-json\/wp\/v2\/media?parent=34523"}],"wp:term":[{"taxonomy":"category","embeddable":true,"href":"https:\/\/conakrynews.org\/index.php\/wp-json\/wp\/v2\/categories?post=34523"},{"taxonomy":"post_tag","embeddable":true,"href":"https:\/\/conakrynews.org\/index.php\/wp-json\/wp\/v2\/tags?post=34523"}],"curies":[{"name":"wp","href":"https:\/\/api.w.org\/{rel}","templated":true}]}}