{"id":34559,"date":"2025-07-08T17:32:29","date_gmt":"2025-07-08T17:32:29","guid":{"rendered":"https:\/\/conakrynews.org\/?p=34559"},"modified":"2025-07-08T17:32:29","modified_gmt":"2025-07-08T17:32:29","slug":"aide-internationale-le-bmz-allemand-juge-douloureuse-la-dissolution-de-lusaid","status":"publish","type":"post","link":"https:\/\/conakrynews.org\/index.php\/aide-internationale-le-bmz-allemand-juge-douloureuse-la-dissolution-de-lusaid\/","title":{"rendered":"Aide internationale: Le BMZ allemand juge \u00ab douloureuse \u00bb la dissolution de l\u2019USAID"},"content":{"rendered":"<h1 class=\"name post-title entry-title\"><\/h1>\n<p class=\"post-meta\">\n<div class=\"clear\"><\/div>\n<div class=\"entry\">\n<p class=\"teaser\">La coop\u00e9ration allemande restera \u00ab fiable y compris dans les ann\u00e9es \u00e0 venir \u00bb, assure la ministre du D\u00e9veloppement, qui redoute une rupture majeure dans la solidarit\u00e9 internationale.<\/p>\n<div class=\"content\">\n<section class=\"main\">La ministre allemande du D\u00e9veloppement, Reem Alabali Radovan, a d\u00e9plor\u00e9 la dissolution de l\u2019Agence des \u00c9tats-Unis pour le d\u00e9veloppement international (USAID), la qualifiant de \u00ab retrait brutal \u00bb de la coop\u00e9ration \u00e0 travers le monde.&nbsp;<\/p>\n<p>C\u2019est une d\u00e9cision \u00ab douloureuse \u00bb pour ceux qui croient en la solidarit\u00e9 mondiale, a-t-elle d\u00e9clar\u00e9 en r\u00e9action \u00e0 l\u2019officialisation de la fin des programmes de l\u2019USAID. Elle en a soulign\u00e9 les \u00ab cons\u00e9quences dramatiques \u00bb pour des millions de personnes vuln\u00e9rables \u00e0 travers le monde.<\/p>\n<p>La ministre estime que le retrait am\u00e9ricain de l\u2019aide internationale pourrait co\u00fbter la vie \u00e0 14 millions de personnes d\u2019ici 2030, dont 4,5 millions d\u2019enfants, cr\u00e9ant un vide que ni l\u2019Allemagne ni l\u2019Union europ\u00e9enne ne peuvent combler seules.<\/p>\n<p>La baisse des financements a d\u00e9j\u00e0 entra\u00een\u00e9 des effets concrets. La ministre a cit\u00e9 l\u2019exemple du Programme alimentaire mondial, contraint de r\u00e9duire les rations de nombreux r\u00e9fugi\u00e9s en Ouganda. Ces derniers doivent d\u00e9sormais se contenter de l\u2019\u00e9quivalent de seulement 22 pour cent de leurs besoins alimentaires.<\/p>\n<p>Face \u00e0 ce retrait, l\u2019Allemagne devient de fait le plus grand donateur. Berlin entend utiliser ce \u00ab nouveau poids \u00bb pour contribuer \u00e0 la r\u00e9organisation de la coop\u00e9ration internationale et ainsi tenter d\u2019\u00e9viter le pire, malgr\u00e9 des moyens financiers incomparables \u00e0 ceux des \u00c9tats-Unis, a-t-elle expliqu\u00e9.<\/p>\n<p>La Strat\u00e9gie allemande s\u2019articulera autour de deux axes. D\u2019une part, une coop\u00e9ration renforc\u00e9e au sein de l\u2019Union europ\u00e9enne pour mutualiser les efforts. D\u2019autre part, la promotion de r\u00e9formes pour que l\u2019ONU puisse s\u2019adapter \u00e0 un avenir sans l\u2019aide am\u00e9ricaine.<\/p>\n<p>En notifiant la dissolution de l\u2019USAID, le secr\u00e9taire d\u2019\u00c9tat am\u00e9ricain, Marc Rubio, a justifi\u00e9 cette d\u00e9cision par l\u2019inefficacit\u00e9 de l\u2019Agence. Il a affirm\u00e9 qu\u2019elle ne servait plus les int\u00e9r\u00eats am\u00e9ricains et finan\u00e7ait des programmes contre-productifs, arguant d\u2019une nouvelle politique d\u2019aide \u00e9trang\u00e8re ax\u00e9e sur les priorit\u00e9s am\u00e9ricaines.<\/p>\n<p>Pour justifier ses propos, il a cit\u00e9 l\u2019exemple de l\u2019Afrique. En 2023, a-t-il soulign\u00e9, les pays d\u2019Afrique subsaharienne n\u2019ont vot\u00e9 aux c\u00f4t\u00e9s des \u00c9tats-Unis que dans 29 pour cent des cas sur des r\u00e9solutions \u00ab essentielles \u00bb \u00e0 l\u2019ONU, alors qu\u2019ils ont b\u00e9n\u00e9fici\u00e9 de 165 milliards de dollars depuis 1991.<\/p>\n<\/section>\n<p>&nbsp;<\/p>\n<p><strong>Avec dpa-news<\/strong><\/p>\n<\/div>\n<\/div>\n","protected":false},"excerpt":{"rendered":"<p>La coop\u00e9ration allemande restera \u00ab fiable y compris dans les ann\u00e9es \u00e0 venir \u00bb, assure la ministre du D\u00e9veloppement, qui redoute une rupture majeure dans la solidarit\u00e9 internationale. La ministre allemande du D\u00e9veloppement, Reem Alabali Radovan, a d\u00e9plor\u00e9 la dissolution de l\u2019Agence des \u00c9tats-Unis pour le d\u00e9veloppement international (USAID), la qualifiant de \u00ab retrait brutal [&hellip;]<\/p>\n","protected":false},"author":2,"featured_media":34560,"comment_status":"closed","ping_status":"closed","sticky":false,"template":"","format":"standard","meta":{"footnotes":""},"categories":[58],"tags":[],"class_list":{"0":"post-34559","1":"post","2":"type-post","3":"status-publish","4":"format-standard","5":"has-post-thumbnail","7":"category-societe"},"_links":{"self":[{"href":"https:\/\/conakrynews.org\/index.php\/wp-json\/wp\/v2\/posts\/34559","targetHints":{"allow":["GET"]}}],"collection":[{"href":"https:\/\/conakrynews.org\/index.php\/wp-json\/wp\/v2\/posts"}],"about":[{"href":"https:\/\/conakrynews.org\/index.php\/wp-json\/wp\/v2\/types\/post"}],"author":[{"embeddable":true,"href":"https:\/\/conakrynews.org\/index.php\/wp-json\/wp\/v2\/users\/2"}],"replies":[{"embeddable":true,"href":"https:\/\/conakrynews.org\/index.php\/wp-json\/wp\/v2\/comments?post=34559"}],"version-history":[{"count":0,"href":"https:\/\/conakrynews.org\/index.php\/wp-json\/wp\/v2\/posts\/34559\/revisions"}],"wp:featuredmedia":[{"embeddable":true,"href":"https:\/\/conakrynews.org\/index.php\/wp-json\/wp\/v2\/media\/34560"}],"wp:attachment":[{"href":"https:\/\/conakrynews.org\/index.php\/wp-json\/wp\/v2\/media?parent=34559"}],"wp:term":[{"taxonomy":"category","embeddable":true,"href":"https:\/\/conakrynews.org\/index.php\/wp-json\/wp\/v2\/categories?post=34559"},{"taxonomy":"post_tag","embeddable":true,"href":"https:\/\/conakrynews.org\/index.php\/wp-json\/wp\/v2\/tags?post=34559"}],"curies":[{"name":"wp","href":"https:\/\/api.w.org\/{rel}","templated":true}]}}