{"id":34623,"date":"2025-07-11T15:21:47","date_gmt":"2025-07-11T15:21:47","guid":{"rendered":"https:\/\/conakrynews.org\/?p=34623"},"modified":"2025-07-11T15:21:47","modified_gmt":"2025-07-11T15:21:47","slug":"assane-samb-a-ousmane-sonko-il-faut-etre-dans-un-desarroi-profond-pour-parler-ainsi","status":"publish","type":"post","link":"https:\/\/conakrynews.org\/index.php\/assane-samb-a-ousmane-sonko-il-faut-etre-dans-un-desarroi-profond-pour-parler-ainsi\/","title":{"rendered":"Assane Samb \u00e0 Ousmane Sonko : \u00ab Il faut \u00eatre dans un d\u00e9sarroi profond pour parler ainsi \u00bb"},"content":{"rendered":"<div class=\"td-pb-row\">\n<div class=\"td-pb-span12\">\n<div class=\"td-post-header\">\n<header class=\"td-post-title\">\n<h1 class=\"entry-title\"><\/h1>\n<div class=\"td-module-meta-info\">\n<div class=\"td-post-author-name\">\n<div class=\"td-author-by\"><\/div>\n<\/div>\n<\/div>\n<\/header>\n<\/div>\n<\/div>\n<\/div>\n<div class=\"td-pb-row\">\n<div class=\"td-pb-span8 td-main-content\" role=\"main\">\n<div class=\"td-ss-main-content\">\n<div class=\"td-post-sharing td-post-sharing-top \">\n<div class=\"td-default-sharing\"><\/div>\n<\/div>\n<div class=\"td-post-content\">\n<div class=\"td-post-featured-image\"><\/div>\n<header id=\"header\">\n<div id=\"nwh\" class=\"newheader\">\n<div class=\"logocontainer\"><\/div>\n<\/div>\n<\/header>\n<p><main id=\"globalcontent\" data-role=\"page\"><\/p>\n<div id=\"habillagePub\">\n<div id=\"wrapper\" class=\"hfeed ssWrapper\">\n<div id=\"main\" class=\"backColorWhite\">\n<div id=\"homeTopUne\">\n<div id=\"container\">\n<div id=\"content\" class=\"single_page\" role=\"main\">\n<article id=\"post-550343\" class=\"post-550343 post type-post status-publish format-standard has-post-thumbnail hentry category-politique category-actualites tag-assane-samb\">\n<div class=\"clear\"><\/div>\n<div id=\"articleBody\" class=\"content-single-full\">\n<p class=\"firstp\">La sortie m\u00e9diatique, hier, de Ousmane Sonko, chef de file du parti Pastef et Premier ministre du S\u00e9n\u00e9gal, n\u2019a laiss\u00e9 personne indiff\u00e9rent. Pour Assane Samb, journaliste et analyste politique, elle marque un tournant strat\u00e9gique, r\u00e9v\u00e9lateur d\u2019un profond malaise au sein du pouvoir ex\u00e9cutif. Derri\u00e8re des mots soigneusement choisis, des cibles multiples et des accusations \u00e0 peine voil\u00e9es, se dessine un climat de tensions internes, avec des relents de dualit\u00e9 au sommet de l\u2019\u00c9tat.<\/p>\n<p>D\u2019entr\u00e9e de jeu, l\u2019analyste souligne le caract\u00e8re \u00ab tr\u00e8s calcul\u00e9 \u00bb de cette prise de parole, ma\u00eetris\u00e9e dans sa forme, mais r\u00e9v\u00e9latrice dans son fond. Selon lui, Ousmane Sonko cherche clairement \u00e0 se repositionner, \u00e0 reconqu\u00e9rir une popularit\u00e9 qu\u2019il sent peut-\u00eatre s\u2019\u00e9roder. En cause, notamment, la visibilit\u00e9 accrue accord\u00e9e \u00e0 Badara Gadiaga. Ce dernier, selon\u00a0<em>L\u2019Observateur<\/em>, a re\u00e7u un accueil particuli\u00e8rement chaleureux et populaire lors de son audition r\u00e9cente, ce qui aurait pu \u00e9branler l\u2019assurance d\u2019un leader longtemps habitu\u00e9 \u00e0 cristalliser \u00e0 lui seul l\u2019engouement populaire.<\/p>\n<p>Face \u00e0 cette situation,\u00a0<a href=\"https:\/\/www.senenews.com\/actualites\/france-24-barthelemy-dias-denonce-une-escroquerie-politique-du-regime-de-diomaye-et-sonko_550344.html\">Sonko<\/a>\u00a0contre-attaque. Il d\u00e9nonce tous azimuts : le pr\u00e9sident de la R\u00e9publique, les partis politiques, la justice, l\u2019administration\u2026 et jusqu\u2019\u00e0 ses propres camarades de parti. En abordant frontalement la question des clans, il ouvre une br\u00e8che que peu d\u2019observateurs avaient anticip\u00e9e. Loin d\u2019\u00eatre un simple avertissement, cette d\u00e9claration sonne comme un signal d\u2019alarme. Pour Assane Samb, \u00ab cela signifie qu\u2019un malaise existe d\u00e9j\u00e0 en interne \u00bb.<\/p>\n<h4>Sonko-Diomaye : une dualit\u00e9 qui ne dit pas son nom<\/h4>\n<p>Cette fracture au sein du pouvoir, Ousmane Sonko l\u2019assume de plus en plus ouvertement. Il affirme avoir tir\u00e9 la sonnette d\u2019alarme en interne, sans succ\u00e8s. Son passage \u00e0 une d\u00e9nonciation publique marque, selon plusieurs analystes cit\u00e9s par\u00a0<em>L\u2019Observateur<\/em>, un point de non-retour. En filigrane, il \u00e9voque la possibilit\u00e9 que certains au sein de son propre camp ne le soutiennent plus pleinement et se projettent d\u00e9j\u00e0 vers d\u2019autres \u00e9ch\u00e9ances \u2014 notamment celle de 2029.<\/p>\n<p>Signe que les tensions ne sont pas uniquement politiques mais aussi personnelles, Sonko r\u00e9clame davantage de fermet\u00e9 de la part du pr\u00e9sident Diomaye Faye. Une demande paradoxale, selon l\u2019analyste Assane Samb : \u00ab Car si le pr\u00e9sident devait durcir le ton, il risquerait d\u2019\u00eatre accus\u00e9 de d\u00e9rive autoritaire \u2014 ce que Sonko d\u00e9noncerait aussit\u00f4t. Il veut que Diomaye soit plus dur, plus s\u00e9v\u00e8re, mais s\u2019il le devient, on le qualifiera de dictateur. Et cela, Diomaye ne l\u2019acceptera pas. \u00bb<\/p>\n<p>Cette divergence de posture entre les deux hommes incarne la crainte, longtemps \u00e9voqu\u00e9e, d\u2019une dualit\u00e9 au sommet de l\u2019\u00c9tat. Et si jusqu\u2019ici cette hypoth\u00e8se semblait lointaine, elle commence d\u00e9sormais \u00e0 prendre forme, d\u2019autant plus que Sonko n\u2019exclut pas que le pr\u00e9sident lui-m\u00eame puisse faire partie d\u2019un clan. Une accusation implicite, mais lourde de sens.<\/p>\n<h4>\u00ab Pastef est r\u00e9fractaire \u00e0 toute forme de critique, mais aussi \u00e0 toute forme de pouvoir qui n\u2019est pas lui-m\u00eame \u00bb<\/h4>\n<p>Autre sujet de pr\u00e9occupation : la volont\u00e9 affich\u00e9e par Sonko de couper les vivres \u00e0 la soci\u00e9t\u00e9 civile, qu\u2019il accuse de d\u00e9pendre de financements \u00e9trangers. Apr\u00e8s la justice, l\u2019Assembl\u00e9e nationale, la presse, les partis politiques, c\u2019est d\u00e9sormais le dernier contre-pouvoir encore \u00e9pargn\u00e9 qui se retrouve pris pour cible.<\/p>\n<p>L\u2019attitude du Pastef, selon Assane Samb cit\u00e9 par\u00a0<em>L\u2019Observateur<\/em>, ne laisse que peu de place au doute : \u00ab Le parti refuse toute forme de critique et semble rejeter tout pouvoir qui ne lui est pas directement affili\u00e9. \u00bb Et il ajoute : \u00ab Le Pastef est r\u00e9fractaire \u00e0 toute forme de critique, mais aussi \u00e0 toute forme de pouvoir qui n\u2019est pas lui-m\u00eame. Regardez le rythme des arrestations, des poursuites\u2026 Et malgr\u00e9 cela, Sonko n\u2019est pas satisfait. Il critique tout le monde. \u00c0 l\u2019\u00e9couter, tout le monde est fautif, sauf lui. \u00bb<\/p>\n<p>Cette posture d\u2019isolement assum\u00e9 s\u2019accompagne d\u2019une rh\u00e9torique de victimisation. Les seuls que Sonko semble encore cr\u00e9diter d\u2019un engagement sinc\u00e8re, ce sont les jeunes actifs sur les r\u00e9seaux sociaux, qu\u2019il d\u00e9crit comme les derniers v\u00e9ritables d\u00e9fenseurs du projet initial. Un signal fort, qui souligne son \u00e9loignement progressif des institutions traditionnelles, voire m\u00eame de certains cadres du parti.<\/p>\n<h4>La presse, cible r\u00e9currente<\/h4>\n<p>La presse n\u2019\u00e9chappe pas \u00e0 cette offensive g\u00e9n\u00e9ralis\u00e9e. D\u00e9peinte comme un \u00ab anti-pouvoir \u00bb, elle est accus\u00e9e de trahir son r\u00f4le de contre-pouvoir constitutionnel. \u00ab Il voit dans tout contre-pouvoir un anti-pouvoir \u00bb, explique l\u2019analyste Samb. Et cette perception, jug\u00e9e dangereuse pour la d\u00e9mocratie, r\u00e9v\u00e8le surtout un malaise personnel profond.<\/p>\n<p>Sonko, rappelle Assane Samb dans\u00a0<em>L\u2019Observateur<\/em>, a trouv\u00e9 toutes ces institutions en place : administration, justice, soci\u00e9t\u00e9 civile\u2026 Ce sont elles qui ont contribu\u00e9 \u00e0 l\u2019\u00e9lection de Diomaye Faye et \u00e0 l\u2019arriv\u00e9e du Pastef au pouvoir. \u00ab Mais aujourd\u2019hui, il les attaque frontalement. Il faut \u00eatre dans un d\u00e9sarroi profond pour parler ainsi. C\u2019est comme s\u2019il vivait un mal-\u00eatre int\u00e9rieur qui l\u2019am\u00e8ne \u00e0 rejeter tout ce qui l\u2019entoure \u00bb, conclut l\u2019analyste.<\/p>\n<\/div>\n<p><strong>Avec SeneNews\u00a0<\/strong><\/p>\n<\/article>\n<\/div>\n<\/div>\n<\/div>\n<\/div>\n<\/div>\n<\/div>\n<p><\/main><\/div>\n<\/div>\n<\/div>\n<\/div>\n","protected":false},"excerpt":{"rendered":"<p>La sortie m\u00e9diatique, hier, de Ousmane Sonko, chef de file du parti Pastef et Premier ministre du S\u00e9n\u00e9gal, n\u2019a laiss\u00e9 personne indiff\u00e9rent. Pour Assane Samb, journaliste et analyste politique, elle marque un tournant strat\u00e9gique, r\u00e9v\u00e9lateur d\u2019un profond malaise au sein du pouvoir ex\u00e9cutif. Derri\u00e8re des mots soigneusement choisis, des cibles multiples et des accusations \u00e0 [&hellip;]<\/p>\n","protected":false},"author":2,"featured_media":34624,"comment_status":"closed","ping_status":"closed","sticky":false,"template":"","format":"standard","meta":{"footnotes":""},"categories":[57],"tags":[],"class_list":{"0":"post-34623","1":"post","2":"type-post","3":"status-publish","4":"format-standard","5":"has-post-thumbnail","7":"category-politique"},"_links":{"self":[{"href":"https:\/\/conakrynews.org\/index.php\/wp-json\/wp\/v2\/posts\/34623","targetHints":{"allow":["GET"]}}],"collection":[{"href":"https:\/\/conakrynews.org\/index.php\/wp-json\/wp\/v2\/posts"}],"about":[{"href":"https:\/\/conakrynews.org\/index.php\/wp-json\/wp\/v2\/types\/post"}],"author":[{"embeddable":true,"href":"https:\/\/conakrynews.org\/index.php\/wp-json\/wp\/v2\/users\/2"}],"replies":[{"embeddable":true,"href":"https:\/\/conakrynews.org\/index.php\/wp-json\/wp\/v2\/comments?post=34623"}],"version-history":[{"count":0,"href":"https:\/\/conakrynews.org\/index.php\/wp-json\/wp\/v2\/posts\/34623\/revisions"}],"wp:featuredmedia":[{"embeddable":true,"href":"https:\/\/conakrynews.org\/index.php\/wp-json\/wp\/v2\/media\/34624"}],"wp:attachment":[{"href":"https:\/\/conakrynews.org\/index.php\/wp-json\/wp\/v2\/media?parent=34623"}],"wp:term":[{"taxonomy":"category","embeddable":true,"href":"https:\/\/conakrynews.org\/index.php\/wp-json\/wp\/v2\/categories?post=34623"},{"taxonomy":"post_tag","embeddable":true,"href":"https:\/\/conakrynews.org\/index.php\/wp-json\/wp\/v2\/tags?post=34623"}],"curies":[{"name":"wp","href":"https:\/\/api.w.org\/{rel}","templated":true}]}}