{"id":34635,"date":"2025-07-14T16:21:36","date_gmt":"2025-07-14T16:21:36","guid":{"rendered":"https:\/\/conakrynews.org\/?p=34635"},"modified":"2025-07-14T16:21:36","modified_gmt":"2025-07-14T16:21:36","slug":"guinee-lancement-officiel-de-la-campagne-nationale-de-reboisement-2025","status":"publish","type":"post","link":"https:\/\/conakrynews.org\/index.php\/guinee-lancement-officiel-de-la-campagne-nationale-de-reboisement-2025\/","title":{"rendered":"Guin\u00e9e: Lancement officiel de la Campagne nationale de reboisement 2025"},"content":{"rendered":"<div class=\"single-post-thumb\"><\/div>\n<div class=\"post-inner\">\n<h1 class=\"name post-title entry-title\"><\/h1>\n<p class=\"post-meta\">\n<div class=\"clear\"><\/div>\n<div class=\"entry\">\n<p>Le Minist\u00e8re de l\u2019Environnement et du D\u00e9veloppement Durable, sous le leadership de Madame Djami Diallo, a donn\u00e9 le coup d\u2019envoi de la Campagne Nationale de Reboisement 2025. Ce lancement officiel, s\u2019est d\u00e9roul\u00e9 \u00e0 Kakossa, dans la pr\u00e9fecture de For\u00e9cariah, en pr\u00e9sence de plusieurs membres du Gouvernement, dont les Ministres de la P\u00eache et de l\u2019\u00c9conomie Maritime, de l\u2019Economie et des Finances, et le Ministre Secr\u00e9taire G\u00e9n\u00e9ral du Gouvernement.<\/p>\n<p>Le th\u00e8me retenu cette ann\u00e9e est : \u00ab \ud835\ude4b\ud835\ude61\ud835\ude56\ud835\ude63\ud835\ude69\ud835\ude64\ud835\ude63\ud835\ude68 \ud835\ude65\ud835\ude64\ud835\ude6a\ud835\ude67 \ud835\ude65\ud835\ude67\ud835\ude64\ud835\ude69\ud835\ude5a\u0301\ud835\ude5c\ud835\ude5a\ud835\ude67 \ud835\ude63\ud835\ude64\ud835\ude68 \ud835\ude69\ud835\ude5a\ud835\ude67\ud835\ude67\ud835\ude5a\ud835\ude68, \ud835\ude63\ud835\ude64\ud835\ude68 \ud835\ude58\ud835\ude64\ud835\ude6a\ud835\ude67\ud835\ude68 \ud835\ude59\u2019\ud835\ude5a\ud835\ude56\ud835\ude6a \ud835\ude5a\ud835\ude69 \ud835\ude61\ud835\ude6a\ud835\ude69\ud835\ude69\ud835\ude5a\ud835\ude67 \ud835\ude58\ud835\ude64\ud835\ude63\ud835\ude69\ud835\ude67\ud835\ude5a \ud835\ude61\ud835\ude5a \ud835\ude58\ud835\ude5d\ud835\ude56\ud835\ude63\ud835\ude5c\ud835\ude5a\ud835\ude62\ud835\ude5a\ud835\ude63\ud835\ude69 \ud835\ude58\ud835\ude61\ud835\ude5e\ud835\ude62\ud835\ude56\ud835\ude69\ud835\ude5e\ud835\ude66\ud835\ude6a\ud835\ude5a \u00bb.<br \/>\nCette campagne illustre l\u2019engagement fort de l\u2019\u00c9tat en faveur d\u2019un d\u00e9veloppement durable et responsable, en coh\u00e9rence avec le Programme Simandou 2040.<\/p>\n<p>Un engagement d\u00e9sormais en voie d\u2019\u00eatre inscrit dans la Loi fondamentale puisque le projet de nouvelle Constitution consacre la protection de l\u2019environnement comme un droit essentiel. Son article 30 engage l\u2019\u00c9tat \u00e0 pr\u00e9server les for\u00eats, les zones humides, les cours d\u2019eau, les parcs naturels et les paysages contre toute forme de d\u00e9gradation.<\/p>\n<p>Pour cette \u00e9dition, le Minist\u00e8re de l\u2019Environnement et du D\u00e9veloppement Durable continue de cibler les t\u00eates de sources, les berges des cours d\u2019eau et les bassins versants des fleuves transfrontaliers, notamment dans le Massif du Fouta Djallon. Sont \u00e9galement privil\u00e9gi\u00e9es les essences foresti\u00e8res locales, reconnues pour leur meilleure r\u00e9silience face aux d\u00e9fis du changement climatique.<\/p>\n<p>Aussi, pr\u00e8s de 200 hectares de mangroves seront rebois\u00e9s \u00e0 For\u00e9cariah, dans le cadre d\u2019un projet pilote de cr\u00e9dit carbone, en partenariat avec West Africa Blue et avec la participation active des communaut\u00e9s locales.<\/p>\n<p>Reboiser, c\u2019est pr\u00e9server. Ensemble, agissons pour une Guin\u00e9e plus verte.<\/p>\n<p><strong>Cellule de communication du MEDD<\/strong><\/p>\n<\/div>\n<\/div>\n","protected":false},"excerpt":{"rendered":"<p>Le Minist\u00e8re de l\u2019Environnement et du D\u00e9veloppement Durable, sous le leadership de Madame Djami Diallo, a donn\u00e9 le coup d\u2019envoi de la Campagne Nationale de Reboisement 2025. Ce lancement officiel, s\u2019est d\u00e9roul\u00e9 \u00e0 Kakossa, dans la pr\u00e9fecture de For\u00e9cariah, en pr\u00e9sence de plusieurs membres du Gouvernement, dont les Ministres de la P\u00eache et de l\u2019\u00c9conomie [&hellip;]<\/p>\n","protected":false},"author":2,"featured_media":34636,"comment_status":"closed","ping_status":"closed","sticky":false,"template":"","format":"standard","meta":{"footnotes":""},"categories":[60],"tags":[],"class_list":{"0":"post-34635","1":"post","2":"type-post","3":"status-publish","4":"format-standard","5":"has-post-thumbnail","7":"category-environnement"},"_links":{"self":[{"href":"https:\/\/conakrynews.org\/index.php\/wp-json\/wp\/v2\/posts\/34635","targetHints":{"allow":["GET"]}}],"collection":[{"href":"https:\/\/conakrynews.org\/index.php\/wp-json\/wp\/v2\/posts"}],"about":[{"href":"https:\/\/conakrynews.org\/index.php\/wp-json\/wp\/v2\/types\/post"}],"author":[{"embeddable":true,"href":"https:\/\/conakrynews.org\/index.php\/wp-json\/wp\/v2\/users\/2"}],"replies":[{"embeddable":true,"href":"https:\/\/conakrynews.org\/index.php\/wp-json\/wp\/v2\/comments?post=34635"}],"version-history":[{"count":0,"href":"https:\/\/conakrynews.org\/index.php\/wp-json\/wp\/v2\/posts\/34635\/revisions"}],"wp:featuredmedia":[{"embeddable":true,"href":"https:\/\/conakrynews.org\/index.php\/wp-json\/wp\/v2\/media\/34636"}],"wp:attachment":[{"href":"https:\/\/conakrynews.org\/index.php\/wp-json\/wp\/v2\/media?parent=34635"}],"wp:term":[{"taxonomy":"category","embeddable":true,"href":"https:\/\/conakrynews.org\/index.php\/wp-json\/wp\/v2\/categories?post=34635"},{"taxonomy":"post_tag","embeddable":true,"href":"https:\/\/conakrynews.org\/index.php\/wp-json\/wp\/v2\/tags?post=34635"}],"curies":[{"name":"wp","href":"https:\/\/api.w.org\/{rel}","templated":true}]}}