{"id":34638,"date":"2025-07-14T17:19:14","date_gmt":"2025-07-14T17:19:14","guid":{"rendered":"https:\/\/conakrynews.org\/?p=34638"},"modified":"2025-07-14T17:19:14","modified_gmt":"2025-07-14T17:19:14","slug":"cameroun-paul-biya-annonce-sa-candidature-a-la-presidentielle-pour-un-huitieme-mandat","status":"publish","type":"post","link":"https:\/\/conakrynews.org\/index.php\/cameroun-paul-biya-annonce-sa-candidature-a-la-presidentielle-pour-un-huitieme-mandat\/","title":{"rendered":"Cameroun: Paul Biya annonce sa candidature \u00e0 la pr\u00e9sidentielle pour un huiti\u00e8me mandat"},"content":{"rendered":"<h1 class=\"name post-title entry-title\"><\/h1>\n<p class=\"post-meta\">\n<div class=\"clear\"><\/div>\n<div class=\"entry\">\n<p>Le pr\u00e9sident Paul Biya a annonc\u00e9 ce dimanche 13 juillet \u00eatre candidat \u00e0 un huiti\u00e8me mandat lors de l\u2019\u00e9lection pr\u00e9sidentielle pr\u00e9vue le 12 octobre prochain.<\/p>\n<p>Sur une page, en fond bleu, surmont\u00e9e d\u2019une photo portrait,\u00a0<strong><a class=\"gtm-add-suggested-tag\" href=\"https:\/\/www.rfi.fr\/fr\/tag\/paul-biya\/\" target=\"_self\" rel=\"noopener noreferrer\">Paul Biya<\/a><\/strong>\u00a0a \u00e9crit sur son compte X \u00ab\u00a0<em>Je suis candidat \u00e0 l\u2019\u00e9lection pr\u00e9sidentielle du 12 octobre 2025\u00a0<\/em>\u00bb.\u00a0\u00ab<em>\u00a0Soyez assur\u00e9s que ma d\u00e9termination \u00e0 vous servir est \u00e0 la mesure de l\u2019acuit\u00e9 des d\u00e9fis auxquels nous sommes confront\u00e9s. Ensemble, il n\u2019est pas de d\u00e9fis que nous ne puissions surmonter<\/em>\u00a0\u00bb, peut-on \u00e9galement lire sur la publication.<\/p>\n<p>Dans la suite de son texte, Paul Biya donne le sens de son engagement au service des siens\u00a0: \u00ab\u00a0<em>assurer la s\u00e9curit\u00e9 et le bien-\u00eatre des filles et fils de notre cher et beau pays<\/em>\u00a0\u00bb, avec des r\u00e9sultats que le d\u00e9sormais candidat \u00e0 sa propre succession juge lui-m\u00eame \u00ab\u00a0<em>visibles et appr\u00e9ciables<\/em>\u00a0\u00bb. \u00ab\u00a0<em>Mais beaucoup reste \u00e0 faire<\/em>\u00a0\u00bb, annonce-t-il ensuite, relate notre correspondant \u00e0 Yaound\u00e9,\u00a0<strong>Polycarpe Essomba<\/strong>. Paul Biya qui d\u00e9crit un \u00ab\u00a0<em>environnement international de plus contraignant<\/em>\u00a0\u00bb et les d\u00e9fis aigus auxquelles le\u00a0<strong><a class=\"gtm-add-suggested-tag\" href=\"https:\/\/www.rfi.fr\/fr\/tag\/cameroun\/\" target=\"_self\" rel=\"noopener noreferrer\">Cameroun<\/a><\/strong>\u00a0est confront\u00e9, a d\u00e9clar\u00e9 \u00ab\u00a0<em>j\u2019ai d\u00e9cid\u00e9 de r\u00e9pondre favorablement aux appels pressants qui montent des 10 r\u00e9gions de notre pays et de la diaspora.<\/em>\u00a0\u00bb<\/p>\n<p>Une annonce faite hors du cadre de son parti, le RDPC ; aucune instance de cette formation politique, le bureau politique ou le comit\u00e9 central, n\u2019ayant \u00e9t\u00e9 consult\u00e9e en amont. \u00c2g\u00e9 de 92 ans et au pouvoir depuis pr\u00e8s de 43 ans, le pr\u00e9sident va donc briguer un huiti\u00e8me septennat cons\u00e9cutif.<\/p>\n<h2>Des d\u00e9fections et des soutiens<\/h2>\n<p>Des voix demandent au chef de l\u2019\u00c9tat\u00a0<strong><a href=\"https:\/\/www.rfi.fr\/fr\/afrique\/20250708-pr%C3%A9sidentielle-au-cameroun-la-certitude-d-une-candidature-de-paul-biya-fait-divergence-au-sein-du-gouvernement\" target=\"_self\" rel=\"noopener noreferrer\">de c\u00e9der la main<\/a><\/strong>, tandis que d\u2019autres r\u00e9affirment leur soutien \u00e0 Paul Biya. Le camp Biya a r\u00e9cemment connu plusieurs d\u00e9fections dans ses rangs :\u00a0<a href=\"https:\/\/www.rfi.fr\/fr\/afrique\/20250626-cameroun-l-ex-ministre-et-proche-de-paul-biya-issa-tchiroma-bakary-annonce-sa-candidature-%C3%A0-la-pr%C3%A9sidentielle\" target=\"_self\" rel=\"noopener noreferrer\"><strong>Issa Tchiroma Bakary<\/strong><\/a>, ministre charg\u00e9 de l\u2019Emploi et de la Formation professionnelle, a quitt\u00e9 le gouvernement avant de se d\u00e9clarer candidat \u00e0 la pr\u00e9sidentielle dans la foul\u00e9e sous la banni\u00e8re de son parti, le FSNC. Un ministre d\u2019\u00c9tat,\u00a0<a href=\"https:\/\/www.rfi.fr\/fr\/afrique\/20250628-cameroun-le-ministre-d-%C3%A9tat-bello-bouba-annonce-sa-candidature-%C3%A0-la-pr%C3%A9sidentielle\" target=\"_self\" rel=\"noopener noreferrer\"><strong>Bello Bouba Ma\u00efgari<\/strong><\/a>, ancien Premier ministre, a d\u00e9clar\u00e9 \u00e0 son tour sa candidature. Responsable de l\u2019UNDP, un parti alli\u00e9 \u00e0 Paul Biya, il faisait figure d\u2019alli\u00e9 historique depuis pr\u00e8s de 30 ans.<\/p>\n<p>D\u00e9but juillet, le secr\u00e9taire g\u00e9n\u00e9ral de la pr\u00e9sidence, Ferdinand Ngoh Ngoh, a convoqu\u00e9 \u00e0 tour de r\u00f4le les \u00e9lus et ministres de chacune des dix r\u00e9gions pour mener des concertations avec les soutiens du pouvoir. Vendredi 11 juillet,\u00a0<em>Cameroon Tribune\u00a0<\/em>titrait\u00a0: \u00ab\u00a0<em>Majorit\u00e9 pr\u00e9sidentielle ANDP et MDR toujours fid\u00e8les<\/em>\u00a0\u00bb. Selon ce quotidien gouvernemental, ces partis \u00ab\u00a0<em>ont exprim\u00e9 leur volont\u00e9 de continuer \u00e0 accompagner le pr\u00e9sident Paul Biya lors de la prochaine \u00e9lection pr\u00e9sidentielle<\/em>.\u00a0\u00bb<\/p>\n<p>Dans une interview accord\u00e9e \u00e0 RFI le 7 juillet dernier, le ministre camerounais de la Communication et porte-parole du gouvernement, Ren\u00e9-Emmanuel Sadi,\u00a0<strong><a href=\"https:\/\/www.rfi.fr\/fr\/podcasts\/le-grand-invit%C3%A9-afrique\/20250707-cameroun-ren%C3%A9-emmanuel-sadi-ministre-communication-biya-rdpc-debout-serein\" target=\"_self\" rel=\"noopener noreferrer\">avait laiss\u00e9 planer le doute sur la candidature du pr\u00e9sident<\/a><\/strong>. \u00ab\u00a0<em>C\u2019est du 50\/50.\u00a0<\/em>[\u2026]\u00a0<em>Peut-\u00eatre que \u00e7a peut \u00eatre une surprise dans un sens comme dans l\u2019autre.<\/em>\u00a0\u00bb<\/p>\n<p>Maurice Kamto, plus farouche opposant \u00e0 Paul Biya, arriv\u00e9 deuxi\u00e8me lors de la pr\u00e9sidentielle de 2018 et Cabral Libii, figure importante de l\u2019opposition, sont d\u00e9j\u00e0 en course pour la pr\u00e9sidentielle.<\/p>\n<p>Vendredi dernier, le chef de l\u2019\u00c9tat avait fix\u00e9 par d\u00e9cret la date du scrutin pr\u00e9sidentiel au 12\u00a0octobre. Les candidats ont jusqu\u2019au 21 juillet pour d\u00e9clarer leur candidature \u00e0 cette \u00e9lection.<\/p>\n<p>&nbsp;<\/p>\n<p><strong>Avec RFI<\/strong><\/p>\n<\/div>\n","protected":false},"excerpt":{"rendered":"<p>Le pr\u00e9sident Paul Biya a annonc\u00e9 ce dimanche 13 juillet \u00eatre candidat \u00e0 un huiti\u00e8me mandat lors de l\u2019\u00e9lection pr\u00e9sidentielle pr\u00e9vue le 12 octobre prochain. Sur une page, en fond bleu, surmont\u00e9e d\u2019une photo portrait,\u00a0Paul Biya\u00a0a \u00e9crit sur son compte X \u00ab\u00a0Je suis candidat \u00e0 l\u2019\u00e9lection pr\u00e9sidentielle du 12 octobre 2025\u00a0\u00bb.\u00a0\u00ab\u00a0Soyez assur\u00e9s que ma d\u00e9termination [&hellip;]<\/p>\n","protected":false},"author":2,"featured_media":34639,"comment_status":"closed","ping_status":"closed","sticky":false,"template":"","format":"standard","meta":{"footnotes":""},"categories":[57],"tags":[],"class_list":{"0":"post-34638","1":"post","2":"type-post","3":"status-publish","4":"format-standard","5":"has-post-thumbnail","7":"category-politique"},"_links":{"self":[{"href":"https:\/\/conakrynews.org\/index.php\/wp-json\/wp\/v2\/posts\/34638","targetHints":{"allow":["GET"]}}],"collection":[{"href":"https:\/\/conakrynews.org\/index.php\/wp-json\/wp\/v2\/posts"}],"about":[{"href":"https:\/\/conakrynews.org\/index.php\/wp-json\/wp\/v2\/types\/post"}],"author":[{"embeddable":true,"href":"https:\/\/conakrynews.org\/index.php\/wp-json\/wp\/v2\/users\/2"}],"replies":[{"embeddable":true,"href":"https:\/\/conakrynews.org\/index.php\/wp-json\/wp\/v2\/comments?post=34638"}],"version-history":[{"count":0,"href":"https:\/\/conakrynews.org\/index.php\/wp-json\/wp\/v2\/posts\/34638\/revisions"}],"wp:featuredmedia":[{"embeddable":true,"href":"https:\/\/conakrynews.org\/index.php\/wp-json\/wp\/v2\/media\/34639"}],"wp:attachment":[{"href":"https:\/\/conakrynews.org\/index.php\/wp-json\/wp\/v2\/media?parent=34638"}],"wp:term":[{"taxonomy":"category","embeddable":true,"href":"https:\/\/conakrynews.org\/index.php\/wp-json\/wp\/v2\/categories?post=34638"},{"taxonomy":"post_tag","embeddable":true,"href":"https:\/\/conakrynews.org\/index.php\/wp-json\/wp\/v2\/tags?post=34638"}],"curies":[{"name":"wp","href":"https:\/\/api.w.org\/{rel}","templated":true}]}}